{"id":6510,"date":"2021-01-22T18:46:47","date_gmt":"2021-01-22T17:46:47","guid":{"rendered":"https:\/\/www.obalne-galerije.si\/?p=6510"},"modified":"2021-11-12T10:28:19","modified_gmt":"2021-11-12T09:28:19","slug":"tina-perko-il-mondo-fuori","status":"publish","type":"post","link":"https:\/\/www.obalne-galerije.si\/it\/tina-perko-il-mondo-fuori\/","title":{"rendered":"Tina Perko: Il mondo fuori"},"content":{"rendered":"<p><section class=\"kc-elm kc-css-740174 kc_row\"><div class=\"kc-row-container  kc-container\"><div class=\"kc-wrap-columns\"><div class=\"kc-elm kc-css-324736 kc_col-sm-12 kc_column kc_col-sm-12\"><div class=\"kc-col-container\"><div class=\"kc-elm kc-css-37063\" style=\"height: 50px; clear: both; width:100%;\"><\/div><div class=\"kc-elm kc-css-821129 kc_text_block\"><\/p>\n<p><strong>Tina Perko: Il mondo fuori |\u00a0<\/strong><\/p>\n<p><strong>Galleria Herman Pe\u010dari\u010d, Pirano |<\/strong><\/p>\n<p><strong>24 gennaio 2020 &#8211; 29 marzo 2020 |<\/strong><\/p>\n<p><strong>Inaugurazione: venerd\u00ec 24 gennaio 2020, alle ore 19:00<\/strong><\/p>\n<p><!--more--><\/p>\n<p>\n<\/div><div class=\"kc-elm kc-css-193712\" style=\"height: 50px; clear: both; width:100%;\"><\/div><\/div><\/div><\/div><\/div><\/section><section class=\"kc-elm kc-css-295864 kc_row\"><div class=\"kc-row-container  kc-container\"><div class=\"kc-wrap-columns\"><div class=\"kc-elm kc-css-425232 kc_col-sm-6 kc_column kc_col-sm-6\"><div class=\"kc-col-container\"><div class=\"kc-elm kc-css-140931 kc_shortcode kc_single_image\">\n\n        <img decoding=\"async\" src=\"https:\/\/www.obalne-galerije.si\/wp-content\/uploads\/2020\/01\/Schermata-2021-07-05-alle-18.37.12.png\" class=\"\" alt=\"\" \/>    <\/div>\n<div class=\"kc-elm kc-css-768626 kc_shortcode kc_single_image\">\n\n        <img decoding=\"async\" src=\"https:\/\/www.obalne-galerije.si\/wp-content\/uploads\/2020\/01\/Schermata-2021-07-05-alle-18.37.18.png\" class=\"\" alt=\"\" \/>    <\/div>\n<\/div><\/div><div class=\"kc-elm kc-css-37046 kc_col-sm-6 kc_column kc_col-sm-6\"><div class=\"kc-col-container\"><div class=\"kc-elm kc-css-291541 kc_text_block\"><\/p>\n<p><strong>Tina Perko<\/strong>, nata nel 1971 a Lubiana, si \u00e8 laureata nel 1997 in moda e design tessile presso l&#039;Universit\u00e0 di Lubiana. Ha poi completato i suoi studi post-laurea con un Master in Fashion design presso l&#039;Istituto Marangoni di Milano. Dopo la laurea ha lavorato come stilista nell&#039;industria della moda slovena (Mura, Ra\u0161ica). Ha esposto le sue illustrazioni in alcune mostre personali e collettive (in Slovenia, Serbia, Croazia, Cina, Austria). Vive e lavora a Lubiana.<\/p>\n<p>Mentre lavora va nel settore della moda, disegnare per Tina Perko era una sorta di fuga nel mondo dell&#039;immaginazione, un mondo che non ha limiti. Nel tempo ha iniziato a ricevere sempre pi\u00f9 commissioni per le sue illustrazioni e il suo hobby \u00e8 diventato cos\u00ec una professione.<\/p>\n<p>Da dieci anni illustra libri, racconti e riviste per bambini. Ha collaborato con molti editori in patria e all&#039;estero (Didakta, Rokus Klett, Mladika, Studio Hieroglif, Morfem, U\u010dila International, Epistola, Miles Kelly, LittleAntBooks, Ed to the Future). Tina Perko \u00e8 anche autrice di quattro libri illustrati: \u017dirafa Cveta (ed. Lepa beseda), Ovca Bo\u017ea (ed. Didakta), Gvido in kozja vila (ed. Mladika), Sre\u010dko e Sofija (ed. Mladika).<\/p>\n<p>Alla mostra intitolata Il mondo fuori Perkova presenta attraverso le illustrazioni la storia del lemure dello zoo. \u00c8 un racconto che parla di curiosit\u00e0, del desiderio di scoprire l&#039;ignoto, del coraggio che ci vuole e della paura che ci ostacola. Basandosi su singoli elementi tratti dalle illustrazioni sono state create altre storie pi\u00f9 piccole, che Tina presenta anche sotto forma di stampe. Alcune di queste fanno parte di una collezione che l\u2019autrice ha disegnato per il marchio Ocean Bluu, collegando cos\u00ec l&#039;illustrazione al design tessile.<\/p>\n<p>\n<\/div><\/div><\/div><\/div><\/div><\/section><section class=\"kc-elm kc-css-114581 kc_row\"><div class=\"kc-row-container  kc-container\"><div class=\"kc-wrap-columns\"><div class=\"kc-elm kc-css-999426 kc_col-sm-12 kc_column kc_col-sm-12\"><div class=\"kc-col-container\"><div class=\"kc-elm kc-css-381986\" style=\"height: 50px; clear: both; width:100%;\"><\/div><\/div><\/div><\/div><\/div><\/section><section class=\"kc-elm kc-css-220158 kc_row\"><div class=\"kc-row-container  kc-container\"><div class=\"kc-wrap-columns\"><div class=\"kc-elm kc-css-437967 kc_col-sm-6 kc_column kc_col-sm-6\"><div class=\"kc-col-container\"><div class=\"kc-elm kc-css-798706 kc-icon-wrapper\">\n\t\t<i class=\"sl-book-open\"><\/i>\n\t<\/div>\n<div class=\"kc-elm kc-css-936199 kc_text_block\"><\/p>\n<p><a href=\"https:\/\/issuu.com\/duskadukic\/docs\/perko_zgibanka_splet\"><em>catalogo<\/em><\/a><\/p>\n<p>\n<\/div><\/div><\/div><div class=\"kc-elm kc-css-708835 kc_col-sm-6 kc_column kc_col-sm-6\"><div class=\"kc-col-container\"><\/div><\/div><\/div><\/div><\/section><section class=\"kc-elm kc-css-47742 kc_row\"><div class=\"kc-row-container  kc-container\"><div class=\"kc-wrap-columns\"><div class=\"kc-elm kc-css-989075 kc_col-sm-12 kc_column kc_col-sm-12\"><div class=\"kc-col-container\"><div class=\"kc-elm kc-css-319104\" style=\"height: 50px; clear: both; width:100%;\"><\/div><\/div><\/div><\/div><\/div><\/section><\/p>\n","protected":false},"excerpt":{"rendered":"<p>Tina Perko: Il mondo fuori |\u00a0 Galleria Herman Pe\u010dari\u010d, Pirano | 24 gennaio 2020 &#8211; 29 marzo 2020 | Inaugurazione: venerd\u00ec 24 gennaio 2020, alle ore 19:00<\/p>\n","protected":false},"author":4,"featured_media":6508,"comment_status":"closed","ping_status":"closed","sticky":false,"template":"","format":"standard","meta":{"footnotes":""},"categories":[40,80],"tags":[],"class_list":["post-6510","post","type-post","status-publish","format-standard","has-post-thumbnail","hentry","category-galleria-herman-pecaric","category-mostre"],"acf":[],"_links":{"self":[{"href":"https:\/\/www.obalne-galerije.si\/it\/wp-json\/wp\/v2\/posts\/6510","targetHints":{"allow":["GET"]}}],"collection":[{"href":"https:\/\/www.obalne-galerije.si\/it\/wp-json\/wp\/v2\/posts"}],"about":[{"href":"https:\/\/www.obalne-galerije.si\/it\/wp-json\/wp\/v2\/types\/post"}],"author":[{"embeddable":true,"href":"https:\/\/www.obalne-galerije.si\/it\/wp-json\/wp\/v2\/users\/4"}],"replies":[{"embeddable":true,"href":"https:\/\/www.obalne-galerije.si\/it\/wp-json\/wp\/v2\/comments?post=6510"}],"version-history":[{"count":4,"href":"https:\/\/www.obalne-galerije.si\/it\/wp-json\/wp\/v2\/posts\/6510\/revisions"}],"predecessor-version":[{"id":12524,"href":"https:\/\/www.obalne-galerije.si\/it\/wp-json\/wp\/v2\/posts\/6510\/revisions\/12524"}],"wp:featuredmedia":[{"embeddable":true,"href":"https:\/\/www.obalne-galerije.si\/it\/wp-json\/wp\/v2\/media\/6508"}],"wp:attachment":[{"href":"https:\/\/www.obalne-galerije.si\/it\/wp-json\/wp\/v2\/media?parent=6510"}],"wp:term":[{"taxonomy":"category","embeddable":true,"href":"https:\/\/www.obalne-galerije.si\/it\/wp-json\/wp\/v2\/categories?post=6510"},{"taxonomy":"post_tag","embeddable":true,"href":"https:\/\/www.obalne-galerije.si\/it\/wp-json\/wp\/v2\/tags?post=6510"}],"curies":[{"name":"wp","href":"https:\/\/api.w.org\/{rel}","templated":true}]}}