{"id":6442,"date":"2021-07-05T17:19:39","date_gmt":"2021-07-05T15:19:39","guid":{"rendered":"https:\/\/www.obalne-galerije.si\/?p=6442"},"modified":"2021-11-08T12:45:42","modified_gmt":"2021-11-08T11:45:42","slug":"gunter-brus-vi-invitiamo-allinaugurazione","status":"publish","type":"post","link":"https:\/\/www.obalne-galerije.si\/it\/gunter-brus-vi-invitiamo-allinaugurazione\/","title":{"rendered":"G\u00fcnter Brus: vi invitiamo all&#8217;inaugurazione\u2026"},"content":{"rendered":"<p><section class=\"kc-elm kc-css-40481 kc_row\"><div class=\"kc-row-container  kc-container\"><div class=\"kc-wrap-columns\"><div class=\"kc-elm kc-css-980444 kc_col-sm-6 kc_column kc_col-sm-6\"><div class=\"kc-col-container\"><div class=\"kc-elm kc-css-988103 kc_shortcode kc_single_image\">\n\n        <img decoding=\"async\" src=\"https:\/\/www.obalne-galerije.si\/wp-content\/uploads\/2020\/11\/034R.jpg\" class=\"\" alt=\"\" \/>    <\/div>\n<div class=\"kc-elm kc-css-325207\" style=\"height: 20px; clear: both; width:100%;\"><\/div><div class=\"kc-elm kc-css-666899 kc_text_block\"><\/p>\n<p>G\u00fcnter Brus: vabimo vas na otvoritev\u2026 (vi invitiamo all&#039;inaugurazione\u2026)<br \/>1983, matita\/carta, 30 x 21,5 cm<br \/>Collezione Medusa<\/p>\n<p>\n<\/div><\/div><\/div><div class=\"kc-elm kc-css-898937 kc_col-sm-6 kc_column kc_col-sm-6\"><div class=\"kc-col-container\"><div class=\"kc-elm kc-css-699642 kc_text_block\"><\/p>\n<p>L\u2019azionismo viennese \u00e8 una delle esperienze artistiche pi\u00f9 interessanti verificatesi in Austria nella seconda met\u00e0 del secolo scorso. Rappresentanti del gruppo furono Hermann Nitsch, Rudolf Schwarzkogler e G\u00fcnter Brus (1938) (secondo alcune fonti anche Arnulf Rainer fu tra i membri del movimento).<br \/>Nei turbolenti anni Sessanta e Settanta questi artisti si fecero sostenitori di una reazione autentica e radicale nei confronti del dogmatismo dell\u2019epoca. Ci\u00f2 avvenne per mezzo di rituali volontariamente carichi di tensione, mettendo in scena azioni crudeli che toccavano questioni quali l\u2019identit\u00e0, la creativit\u00e0 e il ruolo dell\u2019arte nel contesto sociale.<\/p>\n<p>Del lavoro di G\u00fcnter Brus conserviamo oggi i disegni e la fotografia documentaria delle sue azioni. Oggetto centrale dell\u2019interesse dell\u2019artista \u00e8 stato il corpo umano, che ha spinto fino ai limiti della propria resistenza fisica. Brus si \u00e8 esibito in scene provocatoriamente aggressive, ad inaugurazioni di mostre e per le strade delle citt\u00e0, una di queste \u00e8 l\u2019evento Arte e Rivoluzione del 1968 all\u2019Universit\u00e0 di Vienna. L\u2019azione \u00e8 particolarmente nota per lo scandalo pubblico che dest\u00f2, infatti l\u2019artista fu costretto a lasciare temporaneamente il paese insieme al collega Otto M\u00fchl, anche lui promotore dell\u2019evento.<\/p>\n<p>Durante questa azione Brus ricopr\u00ec il proprio corpo di escrementi, si masturb\u00f2 ed insult\u00f2 politici austriaci e statisti stranieri mentre cantava l\u2019inno nazionale. Nonostante ci\u00f2, dopo quasi trent\u2019anni (nel 1996) lo stato austriaco gli confer\u00ec il massimo riconoscimento statale.<\/p>\n<p>Con esperimenti basati su esperienze limite e azioni fisiche autodistruttive e controllate, l\u2019autore si pone tra i predecessori della body art. Pur essendo il corpo lo strumento principale di Brus, egli si \u00e8 dedicato anche alla pittura (facendo riferimento al tachisme) soprattutto dagli anni Settanta.<\/p>\n<p>G\u00fcnter Brus ha esposto in molte mostre internazionali, come Documenta Kassel V e VII, la Biennale di Venezia e la Biennale di Sydney. Un\u2019ampia collezione delle sue opere, dal 1960 ad oggi, \u00e8 conservata nella collezione privata di Essl a Klosterneuburg in Austria. Tra le citt\u00e0 europee che hanno ospitato le sue opere (Londra, Parigi, Vienna, Amsterdam, Berlino) c\u2019\u00e8 anche Capodistria, dove l\u2019autore ha tenuto una piccola personale di disegni nel 1983 alla galleria Medusa. Durante la mostra Brus ha realizzato un disegno su carta dal forte tratto espressivo e con inflessioni in stile liberty del mito di Medusa.<\/p>\n<p>\n<\/div><\/div><\/div><\/div><\/div><\/section><section class=\"kc-elm kc-css-415136 kc_row\"><div class=\"kc-row-container  kc-container\"><div class=\"kc-wrap-columns\"><div class=\"kc-elm kc-css-926334 kc_col-sm-12 kc_column kc_col-sm-12\"><div class=\"kc-col-container\"><div class=\"kc-elm kc-css-869004\" style=\"height: 20px; clear: both; width:100%;\"><\/div><\/div><\/div><\/div><\/div><\/section><\/p>\n","protected":false},"excerpt":{"rendered":"","protected":false},"author":1,"featured_media":11980,"comment_status":"closed","ping_status":"closed","sticky":false,"template":"","format":"standard","meta":{"footnotes":""},"categories":[60],"tags":[],"class_list":["post-6442","post","type-post","status-publish","format-standard","has-post-thumbnail","hentry","category-collezioni"],"acf":[],"_links":{"self":[{"href":"https:\/\/www.obalne-galerije.si\/it\/wp-json\/wp\/v2\/posts\/6442","targetHints":{"allow":["GET"]}}],"collection":[{"href":"https:\/\/www.obalne-galerije.si\/it\/wp-json\/wp\/v2\/posts"}],"about":[{"href":"https:\/\/www.obalne-galerije.si\/it\/wp-json\/wp\/v2\/types\/post"}],"author":[{"embeddable":true,"href":"https:\/\/www.obalne-galerije.si\/it\/wp-json\/wp\/v2\/users\/1"}],"replies":[{"embeddable":true,"href":"https:\/\/www.obalne-galerije.si\/it\/wp-json\/wp\/v2\/comments?post=6442"}],"version-history":[{"count":4,"href":"https:\/\/www.obalne-galerije.si\/it\/wp-json\/wp\/v2\/posts\/6442\/revisions"}],"predecessor-version":[{"id":11987,"href":"https:\/\/www.obalne-galerije.si\/it\/wp-json\/wp\/v2\/posts\/6442\/revisions\/11987"}],"wp:featuredmedia":[{"embeddable":true,"href":"https:\/\/www.obalne-galerije.si\/it\/wp-json\/wp\/v2\/media\/11980"}],"wp:attachment":[{"href":"https:\/\/www.obalne-galerije.si\/it\/wp-json\/wp\/v2\/media?parent=6442"}],"wp:term":[{"taxonomy":"category","embeddable":true,"href":"https:\/\/www.obalne-galerije.si\/it\/wp-json\/wp\/v2\/categories?post=6442"},{"taxonomy":"post_tag","embeddable":true,"href":"https:\/\/www.obalne-galerije.si\/it\/wp-json\/wp\/v2\/tags?post=6442"}],"curies":[{"name":"wp","href":"https:\/\/api.w.org\/{rel}","templated":true}]}}