{"id":6180,"date":"2020-10-05T14:00:10","date_gmt":"2020-10-05T12:00:10","guid":{"rendered":"http:\/\/www.obalne-galerije.si\/?p=6180"},"modified":"2021-11-10T16:36:42","modified_gmt":"2021-11-10T15:36:42","slug":"6180","status":"publish","type":"post","link":"https:\/\/www.obalne-galerije.si\/it\/6180\/","title":{"rendered":"David Kran\u010dan: Ninth care"},"content":{"rendered":"<p><section class=\"kc-elm kc-css-909344 kc_row\"><div class=\"kc-row-container  kc-container\"><div class=\"kc-wrap-columns\"><div class=\"kc-elm kc-css-335749 kc_col-sm-12 kc_column kc_col-sm-12\"><div class=\"kc-col-container\"><div class=\"kc-elm kc-css-363075\" style=\"height: 50px; clear: both; width:100%;\"><\/div><div class=\"kc-elm kc-css-737156 kc_text_block\"><\/p>\n<p><strong>David Kran\u010dan: Ninth care |\u00a0<\/strong><\/p>\n<p><strong>Galleria Medusa, Capodistria |<\/strong><\/p>\n<p><strong>16 ottobre 2020 &#8211; 27 novembre 2020 (La mostra \u00e8 stata prorogata fino al 6 dicembre 2020) |<\/strong><\/p>\n<p><strong>Inaugurazione: venerd\u00ec 16 ottobre 2020, alle ore 19:00 |<\/strong><\/p>\n<p><strong>Presentazione: Katerina Mirovi\u0107<\/strong><\/p>\n<p><!--more--><\/p>\n<p>\n<\/div><div class=\"kc-elm kc-css-90749\" style=\"height: 50px; clear: both; width:100%;\"><\/div><\/div><\/div><\/div><\/div><\/section><section class=\"kc-elm kc-css-592501 kc_row\"><div class=\"kc-row-container  kc-container\"><div class=\"kc-wrap-columns\"><div class=\"kc-elm kc-css-988103 kc_col-sm-6 kc_column kc_col-sm-6\"><div class=\"kc-col-container\"><div class=\"kc-elm kc-css-339333 kc_shortcode kc_single_image\">\n\n        <img decoding=\"async\" src=\"https:\/\/www.obalne-galerije.si\/wp-content\/uploads\/2020\/10\/Screenshot-2020-12-09-at-22.25.10.jpg\" class=\"\" alt=\"\" \/>    <\/div>\n<div class=\"kc-elm kc-css-795622 kc_shortcode kc_single_image\">\n\n        <img decoding=\"async\" src=\"https:\/\/www.obalne-galerije.si\/wp-content\/uploads\/2020\/10\/photoDK_9_Briga_26_resize.jpeg\" class=\"\" alt=\"\" \/>    <\/div>\n<\/div><\/div><div class=\"kc-elm kc-css-69238 kc_col-sm-6 kc_column kc_col-sm-6\"><div class=\"kc-col-container\"><div class=\"kc-elm kc-css-520924 kc_text_block\"><\/p>\n<p><span style=\"font-style: inherit; font-family: -apple-system, BlinkMacSystemFont, \" segoe=\"\" ui\",=\"\" roboto,=\"\" oxygen-sans,=\"\" ubuntu,=\"\" cantarell,=\"\" \"helvetica=\"\" neue\",=\"\" sans-serif;\"=\"\">La mostra di David Kran\u010dan The Ninth Care va a completare una serie di mostre personali di fumetti tenutesi presso la Galleria Medusa di Capodistria e realizzate in collaborazione con Stripburger &#8211; Forum Ljubljana (Marko Kociper: Badger and the Third World, 2018, Andrej \u0160tular: Third Track, 2019). L\u2019autore, fumettista e illustratore di Stripburger David Kran\u010dan si \u00e8 recentemente affermato come uno dei fumettisti pi\u00f9 incisivi in Slovenia, come dimostrano le recensioni estremamente positive e i premi e le nomination ricevute per il suo lavoro. Le Sue opere sono caratterizzate da una magistrale rievocazione di vari stili, che Kran\u010dan adatta al contenuto e al suo pubblico. Che si tratti di un fumetto classico o di un&#039;illustrazione il disegno \u00e8 sempre estremamente sofisticato, caratterizzato da una drammaturgia avvincente e da un&#039;immaginazione fantasiosa e vivace.<\/span><\/p>\n<p>La maggior parte della mostra \u00e8 dedicata ai disegni di due premiati fumetti pubblicati da Stripburger: Grdina (2014) e Pijani zajec (2015). Kran\u010dan si presenta anche con una serie di brevi fumetti (che sono dedicati al fumetto in quanto tale) e con una serie di disegni, illustrazioni e opere grafiche. La mostra \u00e8 inoltre completata da fumetti realizzati dall&#039;autore negli ultimi anni a vari scopi didattici e promozionali.<\/p>\n<p>David Kran\u010dan (Ljubljana, 1984) si \u00e8 laureato in fumetto con il Professore Milan Eric all&#039;Accademia di Belle Arti di Lubiana. Dopo un anno di studio a Praga, \u00e8 tornato in Slovenia nel 2009. \u00c8 un membro di lunga data del comitato editoriale della rivista Stripburger. Dal 2011 illustra, tra le altre cose, le copertine di Objektiv di Dnevnik. Ha esposto in importanti gallerie slovene e in alcune europee e ha ricevuto numerosi riconoscimenti per il suo lavoro. Kran\u010dan \u00e8 anche un ricercatore, si occupa del fumetto come espressione artistica. Le sue narrazioni, spesso prive di parole, nascondono chiavi narrative nell&#039;immagine visiva.<\/p>\n<p>Matja\u017e Brulc<\/p>\n<p>autore: Borut Bu\u010dinel<\/p>\n<p>\n<\/div><\/div><\/div><\/div><\/div><\/section><section class=\"kc-elm kc-css-418484 kc_row\"><div class=\"kc-row-container  kc-container\"><div class=\"kc-wrap-columns\"><div class=\"kc-elm kc-css-260644 kc_col-sm-12 kc_column kc_col-sm-12\"><div class=\"kc-col-container\"><div class=\"kc-elm kc-css-59981\" style=\"height: 50px; clear: both; width:100%;\"><\/div><\/div><\/div><\/div><\/div><\/section><\/p>\n","protected":false},"excerpt":{"rendered":"<p>David Kran\u010dan: Ninth care |\u00a0 Galleria Medusa, Capodistria | 16 ottobre 2020 &#8211; 27 novembre 2020 (La mostra \u00e8 stata prorogata fino al 6 dicembre 2020) | Inaugurazione: venerd\u00ec 16 ottobre 2020, alle ore 19:00 | Presentazione: Katerina Mirovi\u0107<\/p>\n","protected":false},"author":4,"featured_media":6148,"comment_status":"closed","ping_status":"closed","sticky":false,"template":"","format":"standard","meta":{"footnotes":""},"categories":[38,80],"tags":[],"class_list":["post-6180","post","type-post","status-publish","format-standard","has-post-thumbnail","hentry","category-galleria-meduza","category-mostre"],"acf":[],"_links":{"self":[{"href":"https:\/\/www.obalne-galerije.si\/it\/wp-json\/wp\/v2\/posts\/6180","targetHints":{"allow":["GET"]}}],"collection":[{"href":"https:\/\/www.obalne-galerije.si\/it\/wp-json\/wp\/v2\/posts"}],"about":[{"href":"https:\/\/www.obalne-galerije.si\/it\/wp-json\/wp\/v2\/types\/post"}],"author":[{"embeddable":true,"href":"https:\/\/www.obalne-galerije.si\/it\/wp-json\/wp\/v2\/users\/4"}],"replies":[{"embeddable":true,"href":"https:\/\/www.obalne-galerije.si\/it\/wp-json\/wp\/v2\/comments?post=6180"}],"version-history":[{"count":4,"href":"https:\/\/www.obalne-galerije.si\/it\/wp-json\/wp\/v2\/posts\/6180\/revisions"}],"predecessor-version":[{"id":12249,"href":"https:\/\/www.obalne-galerije.si\/it\/wp-json\/wp\/v2\/posts\/6180\/revisions\/12249"}],"wp:featuredmedia":[{"embeddable":true,"href":"https:\/\/www.obalne-galerije.si\/it\/wp-json\/wp\/v2\/media\/6148"}],"wp:attachment":[{"href":"https:\/\/www.obalne-galerije.si\/it\/wp-json\/wp\/v2\/media?parent=6180"}],"wp:term":[{"taxonomy":"category","embeddable":true,"href":"https:\/\/www.obalne-galerije.si\/it\/wp-json\/wp\/v2\/categories?post=6180"},{"taxonomy":"post_tag","embeddable":true,"href":"https:\/\/www.obalne-galerije.si\/it\/wp-json\/wp\/v2\/tags?post=6180"}],"curies":[{"name":"wp","href":"https:\/\/api.w.org\/{rel}","templated":true}]}}