{"id":5478,"date":"2019-11-18T10:34:20","date_gmt":"2019-11-18T09:34:20","guid":{"rendered":"http:\/\/www.obalne-galerije.si\/?p=5478"},"modified":"2021-11-09T12:24:14","modified_gmt":"2021-11-09T11:24:14","slug":"arhitektura-skulptura-spomin-larte-monumentale-jugoslava-1945-1991","status":"publish","type":"post","link":"https:\/\/www.obalne-galerije.si\/it\/arhitektura-skulptura-spomin-larte-monumentale-jugoslava-1945-1991\/","title":{"rendered":"Arhitektura. Skulptura. Spomin: L&#8217;arte dei monumenti della Jugoslavia 1945\u20131991"},"content":{"rendered":"<p><section class=\"kc-elm kc-css-946098 kc_row\"><div class=\"kc-row-container  kc-container\"><div class=\"kc-wrap-columns\"><div class=\"kc-elm kc-css-338066 kc_col-sm-12 kc_column kc_col-sm-12\"><div class=\"kc-col-container\"><div class=\"kc-elm kc-css-6342\" style=\"height: 20px; clear: both; width:100%;\"><\/div><div class=\"kc-elm kc-css-120976 kc_text_block\"><\/p>\n<p><strong>Arhitektura. Skulptura. Spomin: L&#8217;arte dei monumenti della Jugoslavia 1945\u20131991 |&nbsp;<\/strong><\/p>\n<p><strong>Galleria Herman Pe\u010dari\u010d, Pirano |<\/strong><\/p>\n<p><strong>22 novembre 2019 \u2012 5 gennaio 2020<\/strong><\/p>\n<p><!--more--><\/p>\n<p>\n<\/div><div class=\"kc-elm kc-css-374429\" style=\"height: 20px; clear: both; width:100%;\"><\/div><\/div><\/div><\/div><\/div><\/section><section class=\"kc-elm kc-css-2110 kc_row\"><div class=\"kc-row-container  kc-container\"><div class=\"kc-wrap-columns\"><div class=\"kc-elm kc-css-764056 kc_col-sm-6 kc_column kc_col-sm-6\"><div class=\"kc-col-container\"><div class=\"kc-elm kc-css-156179 kc_shortcode kc_single_image\">\n\n        <img decoding=\"async\" src=\"https:\/\/www.obalne-galerije.si\/wp-content\/uploads\/2019\/11\/FBFLYER-1824x1200-1.jpg\" class=\"\" alt=\"\" \/>    <\/div>\n<\/div><\/div><div class=\"kc-elm kc-css-610237 kc_col-sm-6 kc_column kc_col-sm-6\"><div class=\"kc-col-container\"><div class=\"kc-elm kc-css-534456 kc_text_block\"><\/p>\n<p>A met\u00e0 marzo 2019, la galleria DESSA e i comitati editoriali della rivista AB &#8211; Arhitektov bilten e la piattaforma Architectuul hanno iniziato a lavorare ad una mostra ed una pubblicazione intitolata Arhitektura. Scultura. Memoria &#8211; L&#039;arte dei monumenti della Jugoslavia 1945-1991.<\/p>\n<p>Sulla base del prestigioso valore architettonico e artistico degli edifici e dell&#039;eccezionale complessit\u00e0 dei progetti spaziali, i curatori hanno selezionato 33 monumenti o complessi commemorativi di tutte le repubbliche e regioni autonome dell&#039;ex Jugoslavia.<\/p>\n<p>Tutto ci\u00f2 non poteva che risultare un compito arduo, poich\u00e9 le creazioni commemorative nella zona sono molte. La mostra \u00e8 stata allestita in collaborazione con esperti: scrittori, fotografi e istituzioni dell&#039;ex Jugoslavia (e non solo), con i quali nasceranno future collaborazioni.<\/p>\n<p>La mostra si propone di mostrare e valutare l&#039;eccezionalit\u00e0 dell&#039;architettura dei monumenti jugoslavi, che, oltre all&#039;innovazione estetica e costruttiva, \u00e8 valorizzata dalla propria espressione artistica.<\/p>\n<p>\n<\/div><\/div><\/div><\/div><\/div><\/section><section class=\"kc-elm kc-css-136585 kc_row\"><div class=\"kc-row-container  kc-container\"><div class=\"kc-wrap-columns\"><div class=\"kc-elm kc-css-731593 kc_col-sm-12 kc_column kc_col-sm-12\"><div class=\"kc-col-container\"><div class=\"kc-elm kc-css-373865\" style=\"height: 20px; clear: both; width:100%;\"><\/div><\/div><\/div><\/div><\/div><\/section><\/p>\n","protected":false},"excerpt":{"rendered":"<p>Arhitektura. Skulptura. Spomin: L&#8217;arte dei monumenti della Jugoslavia 1945\u20131991 |&nbsp; Galleria Herman Pe\u010dari\u010d, Pirano | 22 novembre 2019 \u2012 5 gennaio 2020<\/p>\n","protected":false},"author":4,"featured_media":5469,"comment_status":"closed","ping_status":"closed","sticky":false,"template":"","format":"standard","meta":{"footnotes":""},"categories":[40,80],"tags":[],"class_list":["post-5478","post","type-post","status-publish","format-standard","has-post-thumbnail","hentry","category-galleria-herman-pecaric","category-mostre"],"acf":[],"_links":{"self":[{"href":"https:\/\/www.obalne-galerije.si\/it\/wp-json\/wp\/v2\/posts\/5478","targetHints":{"allow":["GET"]}}],"collection":[{"href":"https:\/\/www.obalne-galerije.si\/it\/wp-json\/wp\/v2\/posts"}],"about":[{"href":"https:\/\/www.obalne-galerije.si\/it\/wp-json\/wp\/v2\/types\/post"}],"author":[{"embeddable":true,"href":"https:\/\/www.obalne-galerije.si\/it\/wp-json\/wp\/v2\/users\/4"}],"replies":[{"embeddable":true,"href":"https:\/\/www.obalne-galerije.si\/it\/wp-json\/wp\/v2\/comments?post=5478"}],"version-history":[{"count":4,"href":"https:\/\/www.obalne-galerije.si\/it\/wp-json\/wp\/v2\/posts\/5478\/revisions"}],"predecessor-version":[{"id":12106,"href":"https:\/\/www.obalne-galerije.si\/it\/wp-json\/wp\/v2\/posts\/5478\/revisions\/12106"}],"wp:featuredmedia":[{"embeddable":true,"href":"https:\/\/www.obalne-galerije.si\/it\/wp-json\/wp\/v2\/media\/5469"}],"wp:attachment":[{"href":"https:\/\/www.obalne-galerije.si\/it\/wp-json\/wp\/v2\/media?parent=5478"}],"wp:term":[{"taxonomy":"category","embeddable":true,"href":"https:\/\/www.obalne-galerije.si\/it\/wp-json\/wp\/v2\/categories?post=5478"},{"taxonomy":"post_tag","embeddable":true,"href":"https:\/\/www.obalne-galerije.si\/it\/wp-json\/wp\/v2\/tags?post=5478"}],"curies":[{"name":"wp","href":"https:\/\/api.w.org\/{rel}","templated":true}]}}