{"id":5287,"date":"2020-08-21T11:10:55","date_gmt":"2020-08-21T09:10:55","guid":{"rendered":"http:\/\/www.obalne-galerije.si\/spekula-2020-druga-edicija-prevodi-vizionarstva-ali-iluzija-translations-of-visionary-or-illusions\/"},"modified":"2021-11-10T16:26:09","modified_gmt":"2021-11-10T15:26:09","slug":"spekula-2020-druga-edicija-prevodi-vizionarstva-ali-iluzija-translations-of-visionary-or-illusions","status":"publish","type":"post","link":"https:\/\/www.obalne-galerije.si\/it\/spekula-2020-druga-edicija-prevodi-vizionarstva-ali-iluzija-translations-of-visionary-or-illusions\/","title":{"rendered":"Spekula 2020 &#8211; 2\u00b0 edizione: Traduzioni di visioni o illusioni"},"content":{"rendered":"<p><section class=\"kc-elm kc-css-507210 kc_row\"><div class=\"kc-row-container  kc-container\"><div class=\"kc-wrap-columns\"><div class=\"kc-elm kc-css-929740 kc_col-sm-12 kc_column kc_col-sm-12\"><div class=\"kc-col-container\"><div class=\"kc-elm kc-css-847901\" style=\"height: 20px; clear: both; width:100%;\"><\/div><\/div><\/div><\/div><\/div><\/section><section class=\"kc-elm kc-css-925800 kc_row\"><div class=\"kc-row-container  kc-container\"><div class=\"kc-wrap-columns\"><div class=\"kc-elm kc-css-480763 kc_col-sm-12 kc_column kc_col-sm-12\"><div class=\"kc-col-container\"><div class=\"kc-elm kc-css-179028 kc_text_block\"><\/p>\n<p><strong>Spekula 2020 &#8211; 2\u00b0 edizione: Traduzioni di visioni o illusioni |<\/strong><\/p>\n<p><strong>Galleria Medusa, Capodistria | <\/strong><\/p>\n<p><strong>11 settembre 2020 &#8211; 9 ottobre 2020 |\u00a0<\/strong><\/p>\n<p><strong>Curatore della mostra: Tilen \u017dbona<\/strong><\/p>\n<p><!--more--><\/p>\n<p>\n<\/div><\/div><\/div><\/div><\/div><\/section><section class=\"kc-elm kc-css-977893 kc_row\"><div class=\"kc-row-container  kc-container\"><div class=\"kc-wrap-columns\"><div class=\"kc-elm kc-css-737072 kc_col-sm-12 kc_column kc_col-sm-12\"><div class=\"kc-col-container\"><div class=\"kc-elm kc-css-354282\" style=\"height: 100px; clear: both; width:100%;\"><\/div><\/div><\/div><\/div><\/div><\/section><section class=\"kc-elm kc-css-113932 kc_row\"><div class=\"kc-row-container  kc-container\"><div class=\"kc-wrap-columns\"><div class=\"kc-elm kc-css-29553 kc_col-sm-6 kc_column kc_col-sm-6\"><div class=\"kc-col-container\"><div class=\"kc-elm kc-css-795962 kc_shortcode kc_single_image\">\n\n        <img decoding=\"async\" src=\"https:\/\/www.obalne-galerije.si\/wp-content\/uploads\/2020\/08\/IMG_3450-2-2-scaled.jpg\" class=\"\" alt=\"\" \/>    <\/div>\n<div class=\"kc-elm kc-css-38317 kc_shortcode kc_single_image\">\n\n        <img decoding=\"async\" src=\"https:\/\/www.obalne-galerije.si\/wp-content\/uploads\/2020\/08\/IMG_3436-2-3-scaled.jpg\" class=\"\" alt=\"\" \/>    <\/div>\n<\/div><\/div><div class=\"kc-elm kc-css-714748 kc_col-sm-6 kc_column kc_col-sm-6\"><div class=\"kc-col-container\"><div class=\"kc-elm kc-css-273044 kc_text_block\"><\/p>\n<p>Dopo il successo del nuovo programma di studi universitari di primo livello di Arti visive e design presso l&#039;Universit\u00e0 del Litorale (facolt\u00e0 di Scienze della Formazione) a settembre \u00e8 in arrivo la seconda edizione della manifestazione artistica SPEKULA 2020.<\/p>\n<p>La manifestazione \u00e8 finalizzata alla sensibilizzazione della comunit\u00e0 e allo sviluppo di un nuovo programma di studi universitari in Arti visive e design, che arricchir\u00e0 l&#039;area costiera nell&#039;anno accademico 2021\/2022. Il programma della manifestazione offre uno spaccato della professione ai futuri studenti (e al pubblico in generale) che vogliono sviluppare nuove capacit\u00e0 creative, artistiche e produttive per una crescita indipendente.<br \/>Anche le <em>Gallerie costiere di Pirano<\/em>, la piattaforma <em>Avtomatik Delovi\u0161\u010de<\/em> e l&#039;<em>Associazione culturale Pina<\/em> contribuiranno alla realizzazione di questo grande progetto. L&#039;evento avr\u00e0 inizio l&#039;<strong>11 settembre<\/strong> alle ore 18 presso la Galleria Medusa di Capodistria con l&#039;inaugurazione della mostra.<\/p>\n<p>Con la mostra dal titolo <em>Traduzioni di visioni o illusioni<\/em> si mette in discussione l&#039;apparenza e il codice dell&#039;arte contemporanea e il suo orientamento alla decodificazione. Le visioni, che gli autori conferiscono alle proprie opere artistiche e socialmente impegnate, derivano dalle voci e dagli orientamenti del linguaggio universale delle immagini, messe in scena sotto forma di contemplazione e introspezione.<\/p>\n<p>Gli artisti in mostra sono <em>Nemanja Cvijanovi\u010d (Croazia), Polonca Lov\u0161in (Slovenia), Dragana Sapanjo\u0161 (Croazia) e Jiri Kocica (Slovenia).<\/em><\/p>\n<p>\n<\/div><\/div><\/div><\/div><\/div><\/section><section class=\"kc-elm kc-css-628749 kc_row\"><div class=\"kc-row-container  kc-container\"><div class=\"kc-wrap-columns\"><div class=\"kc-elm kc-css-148996 kc_col-sm-12 kc_column kc_col-sm-12\"><div class=\"kc-col-container\"><div class=\"kc-elm kc-css-846587\" style=\"height: 100px; clear: both; width:100%;\"><\/div><\/div><\/div><\/div><\/div><\/section><section class=\"kc-elm kc-css-265789 kc_row\"><div class=\"kc-row-container  kc-container\"><div class=\"kc-wrap-columns\"><div class=\"kc-elm kc-css-863889 kc_col-sm-12 kc_column kc_col-sm-12\"><div class=\"kc-col-container\"><div class=\"kc-elm kc-css-639089 kc_text_block\"><\/p>\n<p><strong>Programma:<\/strong><\/p>\n<p>&#8211; 11 settembre 2020 alle ore 18 alla Galleria Medusa, Capodistria:<strong> Mostra Traduzioni di visionari o illusioni<\/strong><\/p>\n<p><em>(Nemanja Cvijanovic, Polonca Lovsin, Dragana Sapanjos, Jiri Kocica)<\/em><\/p>\n<p>Curata da Tilen \u017dbona<\/p>\n<p>.<\/p>\n<p>&#8211; 15 settembre 2020 alle ore 18 nella Galleria Medusa, Capodistria: <strong>Conferenza di Maru\u0161i\u010d Sforzato<\/strong><\/p>\n<p><em>(Andrej Medved)<\/em><\/p>\n<p>.<\/p>\n<p>&#8211; 17 settembre 2020 alle ore 18 nella Galleria Medusa, Capodistria: <strong>Conferenza sulle riprese di Guerrilla<\/strong><\/p>\n<p><em>(Ema Kugler e Vid Lenard)<\/em><\/p>\n<p>.<\/p>\n<p>22 settembre 2020 alle ore 18 alla Galleria Medusa, Capodistria: <strong>Presentazione di strategie e integrazione delle arti visive nello spazio locale e nazionale<\/strong><\/p>\n<p><em>(Dejan Mehmedovic, Majda Bozeglav Japelj, Ales Sedmak)<\/em><\/p>\n<p>Sar\u00e0 proiettato un film di Uro\u0161 Zavodnik At the Turn of the Image &#8211; SPEKULA 2019<\/p>\n<p>.<\/p>\n<p>&#8211; 25 settembre 2020 alle 18, Mala Lo\u017ea, \u010cevljarska ulica 1, Capodistria: <strong>Ottimismo capodistriano &#8211; urbanistica e architettura a Capodistria<\/strong><\/p>\n<p><em>Avtomatik Delovi\u0161\u010de<\/em> presenta una mostra e un seminario per studenti dell&#039;Universit\u00e0 di Lubiana della Facolt\u00e0 di Architettura e della Facolt\u00e0 di Biotecnica &#8211; Dipartimento di Architettura del Paesaggio sotto la guida del prof. Davorja Gazvode (KA), dell\u2019assistente. Nejc Florjanc, del prof. Miha De\u0161man (FA), di Vlatka Ljubanovi\u0107 (FA), del dottor. Bo\u0161tjan Bugari\u010d (AD) e di Mateja Filipi\u010d (AD).<\/p>\n<p><em>Curatori: Bo\u0161tjan Bugari\u010d, Mateja Filipi\u010d<\/em><\/p>\n<p>\n<\/div><div class=\"kc-elm kc-css-818972\" style=\"height: 100px; clear: both; width:100%;\"><\/div><div class=\"kc-image-gallery kc-elm kc-css-885230\">\n<div class=\"kc_image_gallery kc-carousel-image kc-grid \">\n<div class=\"item-grid grid-3\"><img decoding=\"async\" src=\"https:\/\/www.obalne-galerije.si\/wp-content\/uploads\/2021\/05\/WEB-11-SKUPNI-RAZSTAVA-717x1024-1.jpg\" alt=\"\"\/><\/div><div class=\"item-grid grid-3\"><img decoding=\"async\" src=\"https:\/\/www.obalne-galerije.si\/wp-content\/uploads\/2021\/05\/WEB-POPRAVEK-DATUM-MEDVED-15-sept-717x1024-1.jpg\" alt=\"\"\/><\/div><div class=\"item-grid grid-3\"><img decoding=\"async\" src=\"https:\/\/www.obalne-galerije.si\/wp-content\/uploads\/2021\/05\/WEB-Plakat-Ema-Kugler-717x1024-1.jpg\" alt=\"\"\/><\/div><div class=\"item-grid grid-3\"><img decoding=\"async\" src=\"https:\/\/www.obalne-galerije.si\/wp-content\/uploads\/2021\/05\/WEB_22-september-BOZ-MEH-SEDMAK-1-717x1024-1.jpg\" alt=\"\"\/><\/div><div class=\"item-grid grid-3\"><img decoding=\"async\" src=\"https:\/\/www.obalne-galerije.si\/wp-content\/uploads\/2021\/05\/WEB-Plakat-KOPRSKI-OPTIMIZEM-717x1024-1.jpg\" alt=\"\"\/><\/div><\/div>\n<\/div><div class=\"kc-elm kc-css-863052\" style=\"height: 100px; clear: both; width:100%;\"><\/div><\/div><\/div><\/div><\/div><\/section><\/p>\n","protected":false},"excerpt":{"rendered":"<p>Spekula 2020 &#8211; 2\u00b0 edizione: Traduzioni di visioni o illusioni | Galleria Medusa, Capodistria | 11 settembre 2020 &#8211; 9 ottobre 2020 |\u00a0 Curatore della mostra: Tilen \u017dbona<\/p>\n","protected":false},"author":3,"featured_media":5257,"comment_status":"closed","ping_status":"closed","sticky":false,"template":"","format":"standard","meta":{"footnotes":""},"categories":[38,80],"tags":[],"class_list":["post-5287","post","type-post","status-publish","format-standard","has-post-thumbnail","hentry","category-galleria-meduza","category-mostre"],"acf":[],"_links":{"self":[{"href":"https:\/\/www.obalne-galerije.si\/it\/wp-json\/wp\/v2\/posts\/5287","targetHints":{"allow":["GET"]}}],"collection":[{"href":"https:\/\/www.obalne-galerije.si\/it\/wp-json\/wp\/v2\/posts"}],"about":[{"href":"https:\/\/www.obalne-galerije.si\/it\/wp-json\/wp\/v2\/types\/post"}],"author":[{"embeddable":true,"href":"https:\/\/www.obalne-galerije.si\/it\/wp-json\/wp\/v2\/users\/3"}],"replies":[{"embeddable":true,"href":"https:\/\/www.obalne-galerije.si\/it\/wp-json\/wp\/v2\/comments?post=5287"}],"version-history":[{"count":3,"href":"https:\/\/www.obalne-galerije.si\/it\/wp-json\/wp\/v2\/posts\/5287\/revisions"}],"predecessor-version":[{"id":12246,"href":"https:\/\/www.obalne-galerije.si\/it\/wp-json\/wp\/v2\/posts\/5287\/revisions\/12246"}],"wp:featuredmedia":[{"embeddable":true,"href":"https:\/\/www.obalne-galerije.si\/it\/wp-json\/wp\/v2\/media\/5257"}],"wp:attachment":[{"href":"https:\/\/www.obalne-galerije.si\/it\/wp-json\/wp\/v2\/media?parent=5287"}],"wp:term":[{"taxonomy":"category","embeddable":true,"href":"https:\/\/www.obalne-galerije.si\/it\/wp-json\/wp\/v2\/categories?post=5287"},{"taxonomy":"post_tag","embeddable":true,"href":"https:\/\/www.obalne-galerije.si\/it\/wp-json\/wp\/v2\/tags?post=5287"}],"curies":[{"name":"wp","href":"https:\/\/api.w.org\/{rel}","templated":true}]}}