{"id":3956,"date":"2019-07-25T10:25:10","date_gmt":"2019-07-25T08:25:10","guid":{"rendered":"http:\/\/www.obalne-galerije.si\/galerija-herman-pecaric\/"},"modified":"2026-03-24T22:48:42","modified_gmt":"2026-03-24T21:48:42","slug":"galleria-herman-pecaric","status":"publish","type":"post","link":"https:\/\/www.obalne-galerije.si\/it\/galleria-herman-pecaric\/","title":{"rendered":"Galleria Herman Pe\u010dari\u010d"},"content":{"rendered":"<p><section class=\"kc-elm kc-css-415793 kc_row mb-4\"><div class=\"kc-row-container  kc-container\"><div class=\"kc-wrap-columns\"><div class=\"kc-elm kc-css-431507 kc_col-sm-12 kc_column kc_col-sm-12\"><div class=\"kc-col-container\"><div class=\"kc-elm kc-css-225263 kc_text_block\"><\/p>\n<p>\nL&#039;edificio ristrutturato dell\u2019ex sartoria, antistante il mare e risalente al periodo a cavallo tra il XIX e il XX secolo, ospita la galleria dal 1999. Da allora vi si conserva una collezione di 150 dipinti, disegni e opere grafiche di paesaggi istriani che l\u2019artista piranese Herman Pe\u010dari\u010d (1908-1981) ha lasciato alla citt\u00e0 di Pirano. L&#039;allestimento permanente al primo piano presenta una selezione di queste opere, mentre il piano terra della galleria ospita mostre temporanee e altri avvenimenti culturali.<\/p>\n<p>\n<\/div><\/div><\/div><\/div><\/div><\/section><section class=\"kc-elm kc-css-382576 kc_row\"><div class=\"kc-row-container  kc-container\"><div class=\"kc-wrap-columns\"><div class=\"kc-elm kc-css-704021 kc_col-sm-6 kc_column kc_col-sm-6\"><div class=\"kc-col-container\"><div class=\"kc-elm kc-css-965778 kc_text_block\"><\/p>\n<h3>Orario<\/h3>\n<table class=\"table\">\n<tbody>\n<tr>\n<td>\u00a0<\/td>\n<td><strong>Invernale<\/strong><br \/><span class=\"manjse\">1.9. &#8211; 30.06.<\/span><\/td>\n<td><strong>Estivo<\/strong><br \/><span class=\"manjse\">1.07. &#8211; 31.8.<\/span><\/td>\n<\/tr>\n<tr>\n<td>LUN<\/td>\n<td>\u00a0<\/td>\n<td>\u00a0<\/td>\n<\/tr>\n<tr>\n<td>MAR<\/td>\n<td>11:00 &#8211; 17:00<\/td>\n<td>10:00 &#8211; 13:00<br \/>19:00 &#8211; 22:00<\/td>\n<\/tr>\n<tr>\n<td>MER<\/td>\n<td>11:00 &#8211; 17:00<\/td>\n<td>10:00 &#8211; 13:00<br \/>19:00 &#8211; 22:00<\/td>\n<\/tr>\n<tr>\n<td>GIO<\/td>\n<td>11:00 &#8211; 17:00<\/td>\n<td>10:00 &#8211; 13:00<br \/>19:00 &#8211; 22:00<\/td>\n<\/tr>\n<tr>\n<td>VEN<\/td>\n<td>11:00 &#8211; 17:00<\/td>\n<td>10:00 &#8211; 13:00<br \/>19:00 &#8211; 22:00<\/td>\n<\/tr>\n<tr>\n<td>SAB<\/td>\n<td>11:00 &#8211; 17:00<\/td>\n<td>10:00 &#8211; 13:00<br \/>19:00 &#8211; 22:00<\/td>\n<\/tr>\n<tr>\n<td>DOM<\/td>\n<td>11:00 &#8211; 17:00<\/td>\n<td>10:00 &#8211; 13:00<br \/>19:00 &#8211; 22:00<\/td>\n<\/tr>\n<\/tbody>\n<\/table>\n<p>\n<\/div><\/div><\/div><div class=\"kc-elm kc-css-151874 kc_col-sm-6 kc_column kc_col-sm-6\"><div class=\"kc-col-container\"><div class=\"kc-elm kc-css-585224 kc_text_block\"><\/p>\n<h3>Ingresso<\/h3>\n<p>gratuito<\/p>\n<h3>Informazioni<\/h3>\n<p>Indirizzo: <a href=\"https:\/\/www.google.com\/maps\/place\/Leninova+ulica+2,+6330+Piran+-+Pirano\/@45.5271909,13.5663927,17z\/data=!3m1!4b1!4m5!3m4!1s0x477b7ac3c2469bcf:0xb2be34c028b04c64!8m2!3d45.5271872!4d13.5685814\" target=\"_blank\" rel=\"noopener noreferrer\">Vai Lenin 1, 6330 Pirano<\/a><br \/>Telefono: +<a href=\"tel:+38656730660\">386 (0)5 673 06 60<\/a><br \/>E-mail:\u00a0<a href=\"mailto:info@obalne-galerije.si\">info@obalne-galerije.si<\/a><\/p>\n<p>\n<\/div><\/div><\/div><\/div><\/div><\/section><\/p>\n","protected":false},"excerpt":{"rendered":"<p>Via Lenin 1, Pirano<\/p>\n","protected":false},"author":1,"featured_media":27647,"comment_status":"closed","ping_status":"closed","sticky":false,"template":"","format":"standard","meta":{"footnotes":""},"categories":[54],"tags":[],"class_list":["post-3956","post","type-post","status-publish","format-standard","has-post-thumbnail","hentry","category-sedi-espositive"],"acf":[],"_links":{"self":[{"href":"https:\/\/www.obalne-galerije.si\/it\/wp-json\/wp\/v2\/posts\/3956","targetHints":{"allow":["GET"]}}],"collection":[{"href":"https:\/\/www.obalne-galerije.si\/it\/wp-json\/wp\/v2\/posts"}],"about":[{"href":"https:\/\/www.obalne-galerije.si\/it\/wp-json\/wp\/v2\/types\/post"}],"author":[{"embeddable":true,"href":"https:\/\/www.obalne-galerije.si\/it\/wp-json\/wp\/v2\/users\/1"}],"replies":[{"embeddable":true,"href":"https:\/\/www.obalne-galerije.si\/it\/wp-json\/wp\/v2\/comments?post=3956"}],"version-history":[{"count":5,"href":"https:\/\/www.obalne-galerije.si\/it\/wp-json\/wp\/v2\/posts\/3956\/revisions"}],"predecessor-version":[{"id":27649,"href":"https:\/\/www.obalne-galerije.si\/it\/wp-json\/wp\/v2\/posts\/3956\/revisions\/27649"}],"wp:featuredmedia":[{"embeddable":true,"href":"https:\/\/www.obalne-galerije.si\/it\/wp-json\/wp\/v2\/media\/27647"}],"wp:attachment":[{"href":"https:\/\/www.obalne-galerije.si\/it\/wp-json\/wp\/v2\/media?parent=3956"}],"wp:term":[{"taxonomy":"category","embeddable":true,"href":"https:\/\/www.obalne-galerije.si\/it\/wp-json\/wp\/v2\/categories?post=3956"},{"taxonomy":"post_tag","embeddable":true,"href":"https:\/\/www.obalne-galerije.si\/it\/wp-json\/wp\/v2\/tags?post=3956"}],"curies":[{"name":"wp","href":"https:\/\/api.w.org\/{rel}","templated":true}]}}