{"id":3290,"date":"2021-04-19T19:09:24","date_gmt":"2021-04-19T17:09:24","guid":{"rendered":"http:\/\/ogp.debian.local\/?p=3290"},"modified":"2021-07-07T11:33:08","modified_gmt":"2021-07-07T09:33:08","slug":"larte-per-la-giornata-della-terra","status":"publish","type":"post","link":"https:\/\/www.obalne-galerije.si\/it\/larte-per-la-giornata-della-terra\/","title":{"rendered":"L&#8217;arte per la giornata della terra"},"content":{"rendered":"<p><section class=\"kc-elm kc-css-643730 kc_row\"><div class=\"kc-row-container  kc-container\"><div class=\"kc-wrap-columns\"><div class=\"kc-elm kc-css-978151 kc_col-sm-12 kc_column kc_col-sm-12\"><div class=\"kc-col-container\"><div class=\"kc-elm kc-css-710992\" style=\"height: 50px; clear: both; width:100%;\"><\/div><div class=\"kc-elm kc-css-246338 kc_text_block\"><\/p>\n<p>Puliamo il mondo per un futuro migliore!<!--more--><\/p>\n<p>L&#8217;ARTE PER LA GIORNATA DELLA TERRA \u00e8 una nuova iniziativa speciale delle Gallerie costiere di Pirano, che si svolger\u00e0 presso l&#8217;ex stazione di polizia di Portorose tra il 20 e il 23 aprile 2021. Si tratta di un&#8217;azione di pulizia volta a portare ad un necessario miglioramento delle condizioni di lavoro dei dipendenti pubblici OGP, nonch\u00e9 ad un riordinamento degli ambienti nei quali si conservano materiali vari per poi poter procedere al risanamento del tetto, che da diversi anni reca delle perdite.<\/p>\n<p><strong>L&#8217;azione di pulizia<\/strong>&nbsp;richiama l&#8217;attenzione sull&#8217;importanza di un ambiente di lavoro pulito e appropriato in cui trascorriamo gran parte della giornata, nonch\u00e9 sulla crescente necessit\u00e0 di organizzare spazi pubblici a fini di patrimonio culturale. Le gallerie costiere di Pirano, assieme ai partecipanti, volgono l&#8217;attenzione sulle importanti potenzialit\u00e0 delle strutture architettoniche di propriet\u00e0 del Comune di Pirano in cui operiamo e siamo chiamati a preservare le qualit\u00e0 anche per le generazioni future.<\/p>\n<p>L\u2019iniziativa \u00e8 organizzata nell&#8217;ambito della&nbsp;<strong>GIORNATA MONDIALE DELLA TERRA<\/strong>, che il 22 aprile di quest&#8217;anno celebra 51 anni di sforzi per migliorare il clima e le condizioni ambientali. Alla celebrazione dell&#8217;importante festa si uniranno singoli e alcune associazioni culturali comunali.&nbsp;<strong>L\u2019ARTE PER LA GIORNATA DELLA TERRA<\/strong> sar\u00e0 inoltre svolta tenendo conto delle istruzioni e delle conoscenze acquisite durante i laboratori RE: ORG organizzati quest&#8217;anno dall&#8217;Associazione dei musei sloveni (AMS). La metodologia alla base dell\u2019azione di pulizia \u00e8 stata presentata nelle Gallerie Costiere di Pirano nell&#8217;ambito di uno speciale workshop <strong>RE: ORG GCP<\/strong>, che si \u00e8 svolto venerd\u00ec 16 aprile 2021 tra le 11.00 e le 13.00 nella sede della Galleria Civica di Pirano. Le conoscenze ivi acquisite verranno usate per organizzare un ambiente di lavoro pi\u00f9 adatto presso l&#8217;ex stazione di polizia di Portorose, che le GCP da anni gestiscono.<\/p>\n<p>I partecipanti collaboreranno a trasformare quest\u2019azione di pulizia in una buona prassi, un momento e un punto di partenza per riesaminare le proprie abitudini e crearne di nuove che dovranno essere migliori sia per il nostro pianeta, che per le future condizioni di lavoro nonch\u00e9 per il bene pubblico.&nbsp;&nbsp;Le giornate verranno inoltre adeguatamente documentate nei prossimi giorni e gli esiti saranno presentati sul sito web delle GCP e pagina FB.<\/p>\n<p><strong>L\u2019azione di pulizia si svolger\u00e0 presso la stazione di polizia di Portorose dal 20 al 23 aprile 2021, tutti i giorni dalle 9.00 alle 17.00.<\/strong><\/p>\n<p>L\u2019iniziativa terr\u00e0 conto delle raccomandazioni del NIJZ per la prevenzione della diffusione del Covid-19. Il numero di partecipanti \u00e8 quindi limitato in concordanza. Coloro che vogliono aiutare e acquisire nuove conoscenze, sono pregati di annunicare la loro partecipazione a info@obalne-galerije.si.<\/p>\n<p>\n<\/div><\/div><\/div><\/div><\/div><\/section><section class=\"kc-elm kc-css-433412 kc_row\"><div class=\"kc-row-container  kc-container\"><div class=\"kc-wrap-columns\"><div class=\"kc-elm kc-css-341396 kc_col-sm-12 kc_column kc_col-sm-12\"><div class=\"kc-col-container\"><div class=\"kc-elm kc-css-862040\" style=\"height: 50px; clear: both; width:100%;\"><\/div><\/div><\/div><\/div><\/div><\/section><\/p>\n","protected":false},"excerpt":{"rendered":"<p>Puliamo il mondo per un futuro migliore!<\/p>\n","protected":false},"author":1,"featured_media":6966,"comment_status":"closed","ping_status":"closed","sticky":false,"template":"","format":"standard","meta":{"footnotes":""},"categories":[9],"tags":[],"class_list":["post-3290","post","type-post","status-publish","format-standard","has-post-thumbnail","hentry","category-non-categorizzato"],"acf":[],"_links":{"self":[{"href":"https:\/\/www.obalne-galerije.si\/it\/wp-json\/wp\/v2\/posts\/3290","targetHints":{"allow":["GET"]}}],"collection":[{"href":"https:\/\/www.obalne-galerije.si\/it\/wp-json\/wp\/v2\/posts"}],"about":[{"href":"https:\/\/www.obalne-galerije.si\/it\/wp-json\/wp\/v2\/types\/post"}],"author":[{"embeddable":true,"href":"https:\/\/www.obalne-galerije.si\/it\/wp-json\/wp\/v2\/users\/1"}],"replies":[{"embeddable":true,"href":"https:\/\/www.obalne-galerije.si\/it\/wp-json\/wp\/v2\/comments?post=3290"}],"version-history":[{"count":4,"href":"https:\/\/www.obalne-galerije.si\/it\/wp-json\/wp\/v2\/posts\/3290\/revisions"}],"predecessor-version":[{"id":7112,"href":"https:\/\/www.obalne-galerije.si\/it\/wp-json\/wp\/v2\/posts\/3290\/revisions\/7112"}],"wp:featuredmedia":[{"embeddable":true,"href":"https:\/\/www.obalne-galerije.si\/it\/wp-json\/wp\/v2\/media\/6966"}],"wp:attachment":[{"href":"https:\/\/www.obalne-galerije.si\/it\/wp-json\/wp\/v2\/media?parent=3290"}],"wp:term":[{"taxonomy":"category","embeddable":true,"href":"https:\/\/www.obalne-galerije.si\/it\/wp-json\/wp\/v2\/categories?post=3290"},{"taxonomy":"post_tag","embeddable":true,"href":"https:\/\/www.obalne-galerije.si\/it\/wp-json\/wp\/v2\/tags?post=3290"}],"curies":[{"name":"wp","href":"https:\/\/api.w.org\/{rel}","templated":true}]}}