{"id":27359,"date":"2026-03-04T09:45:53","date_gmt":"2026-03-04T08:45:53","guid":{"rendered":"https:\/\/www.obalne-galerije.si\/?p=27359"},"modified":"2026-03-18T15:56:35","modified_gmt":"2026-03-18T14:56:35","slug":"luka-sirok-niente-di-personale","status":"publish","type":"post","link":"https:\/\/www.obalne-galerije.si\/it\/luka-sirok-niente-di-personale\/","title":{"rendered":"LUKA \u0160IROK: NIENTE DI PERSONALE"},"content":{"rendered":"<p><section class=\"kc-elm kc-css-603317 kc_row\"><div class=\"kc-row-container  kc-container\"><div class=\"kc-wrap-columns\"><div class=\"kc-elm kc-css-965990 kc_col-sm-12 kc_column kc_col-sm-12\"><div class=\"kc-col-container\"><\/div><\/div><\/div><\/div><\/section><section class=\"kc-elm kc-css-268285 kc_row\"><div class=\"kc-row-container  kc-container\"><div class=\"kc-wrap-columns\"><div class=\"kc-elm kc-css-287664 kc_col-sm-6 kc_column kc_col-sm-6\"><div class=\"kc-col-container\"><div class=\"kc-elm kc-css-424594 kc_text_block\"><\/p>\n<p><strong>LUKA \u0160IROK: <\/strong><strong>NIENTE DI PERSONALE |<br \/><\/strong>Mostra personale |<\/p>\n<p><strong>Galleria Medusa, Capodistria, 13. 3. 2026 &#8211; 2. 5. 2026 |\u00a0<\/strong><strong><br \/>Inaugurazione: venerd\u00ec, 13 marzo 2025, alle ore 18.00.\u00a0<\/strong><\/p>\n<p><strong>Curatore: Tina Jazbec.<\/strong><\/p>\n<p><!--more--><\/p>\n<p>\n<\/div><div class=\"kc-elm kc-css-614967 kc_shortcode kc_single_image\">\n\n        <img decoding=\"async\" src=\"https:\/\/www.obalne-galerije.si\/wp-content\/uploads\/2026\/03\/DSC_5509.jpg\" class=\"\" alt=\"\" \/>    <\/div>\n<div class=\"kc-elm kc-css-930484 kc_text_block\"><\/p>\n<p><small>Luka \u0160irok, Ups migranti, parte 2, 2023, acrilico su tela, foto: Gaflab.<\/small><\/p>\n<p>\n<\/div>\n<div class=\"kc-elm kc-css-499667\">\n\t<a class=\"kc_button\" href=\"https:\/\/www.obalne-galerije.si\/wp-content\/uploads\/2026\/03\/Luka-Sirok_vabilo_invito_invitation.pdf\" target=\"_blank\" title=\"\" onclick=\"\">\n\t\t<i class=\"sl-paper-clip\"><\/i> INVITO: DOWNLOAD\t<\/a>\n<\/div>\n<div class=\"kc-elm kc-css-443047\" style=\"height: 20px; clear: both; width:100%;\"><\/div><\/div><\/div><div class=\"kc-elm kc-css-145315 kc_col-sm-6 kc_column kc_col-sm-6\"><div class=\"kc-col-container\"><div class=\"kc-elm kc-css-110129 kc_text_block\"><\/p>\n<p><span style=\"font-weight: 400;\">Luka \u0160irok rientra tra gli artisti visivi di spicco della generazione intermedia dell\u2019area goriziana. Ha concluso gli studi di pittura nel 2007 all\u2019Accademia di Belle Arti di Venezia; da allora espone regolarmente in mostre personali e collettive in Slovenia, in Italia e all&#039;estero. In passato ha collaborato con le associazioni artistiche Attivarte ed SPA+A a Venezia; attualmente \u00e8 membro della Fondazione Malutta di Venezia e del DLUSP Ajdov\u0161\u010dina. Nei suoi lavori utilizza diverse tecniche, quali collage, disegno, installazione e loro combinazioni, ma la sua ricerca \u00e8 principalmente orientata verso la pittura. Alle Gallerie Costiere Pirano si presenta per la prima volta con le serie di dipinti <\/span><i><span style=\"font-weight: 400;\">Sto bene <\/span><\/i><span style=\"font-weight: 400;\">(<\/span><i><span style=\"font-weight: 400;\">I&#039;m fine paintings<\/span><\/i><span style=\"font-weight: 400;\">) del 2023 e <\/span><i><span style=\"font-weight: 400;\">Tu? Io! <\/span><\/i><span style=\"font-weight: 400;\">(<\/span><i><span style=\"font-weight: 400;\">You? Me!<\/span><\/i><span style=\"font-weight: 400;\">) del 2024. Entrambe le serie vengono esposte per la prima volta, riunite sotto il titolo comune <\/span><i><span style=\"font-weight: 400;\">Niente di personale<\/span><\/i><span style=\"font-weight: 400;\"> (<\/span><i><span style=\"font-weight: 400;\">Nothing personal<\/span><\/i><span style=\"font-weight: 400;\">).<\/span><\/p>\n<p><span style=\"font-weight: 400;\">\u00bb<\/span><i><span style=\"font-weight: 400;\">Sto bene<\/span><\/i><span style=\"font-weight: 400;\">\u00ab \u00e8 la risposta pi\u00f9 frequente alla domanda: \u00abCome stai?\u00bb. Nella serie di dipinti che porta questo titolo seguiamo piccole tragedie umane, frammenti di vita quotidiana che si svolgono in uno spazio definito in modo essenziale, tracciato solo da fasci di luce e da singoli dettagli scenici, come tavoli in un ristorante, tronchi d\u2019albero, fari d\u2019automobile. Le figure umane, ridotte a semplici contorni, appaiono, nonostante il piccolo formato, smarrite al centro di un mondo enorme, quasi monocromo. L\u2019azione \u00e8 per noi soltanto un episodio interessante, una miniatura teatrale che osserviamo con sguardo voyeuristico, sia che si tratti di un disagio personale, di un desiderio o di una crisi globale legata ai rifugiati. Il silenzio, visivamente tangibile, nei dipinti parla di tutti quei segmenti della quotidianit\u00e0 che accogliamo nella risposta neutra: <\/span><i><span style=\"font-weight: 400;\">Sto bene<\/span><\/i><span style=\"font-weight: 400;\">.<\/span><\/p>\n<p><span style=\"font-weight: 400;\">A proposito della serie di dipinti <\/span><i><span style=\"font-weight: 400;\">Ti? Jaz!<\/span><\/i><span style=\"font-weight: 400;\">,<\/span> <span style=\"font-weight: 400;\">Luka \u0160irok afferma che: &#8220;S<\/span><i><span style=\"font-weight: 400;\">posta lo sguardo sull\u2019individuo, sulla ricerca della luce e sulla sua comprensione. La luce diventa metafora di scoperta ma anche di avidit\u00e0: qualcosa che la gente ammira, utilizza e infine scarta\".<\/span><\/i><span style=\"font-weight: 400;\">\u00a0La costante necessit\u00e0 umana di dimostrare, di superare se stessi e gli altri e, dall\u2019altra parte, l\u2019irrilevanza di queste imprese e fatiche personali per la societ\u00e0 nel suo insieme, costituisce la cornice di questa serie. Il paesaggio dominante, a tratti ostile, nel quale si battono i nostri eroi, in alcuni casi assorbe tutti i presenti in un intreccio quasi astratto di luce e oscurit\u00e0.<\/span><\/p>\n<p><span style=\"font-weight: 400;\">Luka \u0160irok si distingue come narratore straordinario: con mezzi visivi minimi e, al tempo stesso, con titoli vividi dei singoli dipinti, dispiegando davanti a noi un ventaglio di storie ed eventi segnati dalla comicit\u00e0 o dalla tragicit\u00e0, talvolta da entrambe insieme. Gli aneddoti riassumono vicende, impressioni e ricordi dell\u2019autore, reali o fittizi. Per lo spettatore \u00e8 necessaria una certa distanza dall\u2019accaduto, perch\u00e9 non diventi personale, non lo tocchi e di conseguenza non lo trasformi. <\/span><i><span style=\"font-weight: 400;\">Niente di personale<\/span><\/i><span style=\"font-weight: 400;\"> \u00e8, in questo contesto, un\u2019etichetta ironica per una condizione che, per i protagonisti delle storie dipinte, \u00e8 profondamente personale. L\u2019ironia sfuma i confini tra empatia e indifferenza e ci ricorda che ci\u00f2 che sembra neutro pu\u00f2 diventare personale. <\/span><i><span style=\"font-weight: 400;\">Niente di personale<\/span><\/i><span style=\"font-weight: 400;\"> non \u00e8 quindi soltanto un\u2019affermazione, ma uno stato d\u2019animo, del singolo come della societ\u00e0.<\/span><\/p>\n<p><span style=\"font-weight: 400;\"><br \/><\/span><\/p>\n<p><span style=\"font-weight: 400;\">Tina Jazbec<\/span><\/p>\n<\/p>\n<p>\n<\/div><\/div><\/div><\/div><\/div><\/section><section class=\"kc-elm kc-css-90424 kc_row\"><div class=\"kc-row-container  kc-container\"><div class=\"kc-wrap-columns\"><div class=\"kc-elm kc-css-624372 kc_col-sm-12 kc_column kc_col-sm-12\"><div class=\"kc-col-container\"><div class=\"kc-elm kc-css-430163\" style=\"height: 50px; clear: both; width:100%;\"><\/div><\/div><\/div><\/div><\/div><\/section><section class=\"kc-elm kc-css-789886 kc_row\"><div class=\"kc-row-container  kc-container\"><div class=\"kc-wrap-columns\"><div class=\"kc-elm kc-css-504845 kc_col-sm-6 kc_column kc_col-sm-6\"><div class=\"kc-col-container\"><div class=\"kc-elm kc-css-732897 kc_shortcode kc_single_image\">\n\n        <img decoding=\"async\" src=\"https:\/\/www.obalne-galerije.si\/wp-content\/uploads\/2026\/03\/IMG_4131.jpg\" class=\"\" alt=\"\" \/>    <\/div>\n<div class=\"kc-elm kc-css-14932 kc_shortcode kc_single_image\">\n\n        <img decoding=\"async\" src=\"https:\/\/www.obalne-galerije.si\/wp-content\/uploads\/2026\/03\/IMG_4182.jpg\" class=\"\" alt=\"\" \/>    <\/div>\n<\/div><\/div><div class=\"kc-elm kc-css-737067 kc_col-sm-6 kc_column kc_col-sm-6\"><div class=\"kc-col-container\"><div class=\"kc-elm kc-css-860251 kc_shortcode kc_single_image\">\n\n        <img decoding=\"async\" src=\"https:\/\/www.obalne-galerije.si\/wp-content\/uploads\/2026\/03\/IMG_4147.jpg\" class=\"\" alt=\"\" \/>    <\/div>\n<div class=\"kc-elm kc-css-961218 kc_shortcode kc_single_image\">\n\n        <img decoding=\"async\" src=\"https:\/\/www.obalne-galerije.si\/wp-content\/uploads\/2026\/03\/IMG_4183.jpg\" class=\"\" alt=\"\" \/>    <\/div>\n<\/div><\/div><\/div><\/div><\/section><\/p>\n","protected":false},"excerpt":{"rendered":"<p>LUKA \u0160IROK: NIENTE DI PERSONALE |Mostra personale | Galleria Medusa, Capodistria, 13. 3. 2026 &#8211; 2. 5. 2026 |\u00a0Inaugurazione: venerd\u00ec, 13 marzo 2025, alle ore 18.00.\u00a0 Curatore: Tina Jazbec.<\/p>\n","protected":false},"author":4,"featured_media":27346,"comment_status":"closed","ping_status":"closed","sticky":false,"template":"","format":"standard","meta":{"footnotes":""},"categories":[38,80,48],"tags":[],"class_list":["post-27359","post","type-post","status-publish","format-standard","has-post-thumbnail","hentry","category-galleria-meduza","category-mostre","category-notizie"],"acf":[],"_links":{"self":[{"href":"https:\/\/www.obalne-galerije.si\/it\/wp-json\/wp\/v2\/posts\/27359","targetHints":{"allow":["GET"]}}],"collection":[{"href":"https:\/\/www.obalne-galerije.si\/it\/wp-json\/wp\/v2\/posts"}],"about":[{"href":"https:\/\/www.obalne-galerije.si\/it\/wp-json\/wp\/v2\/types\/post"}],"author":[{"embeddable":true,"href":"https:\/\/www.obalne-galerije.si\/it\/wp-json\/wp\/v2\/users\/4"}],"replies":[{"embeddable":true,"href":"https:\/\/www.obalne-galerije.si\/it\/wp-json\/wp\/v2\/comments?post=27359"}],"version-history":[{"count":5,"href":"https:\/\/www.obalne-galerije.si\/it\/wp-json\/wp\/v2\/posts\/27359\/revisions"}],"predecessor-version":[{"id":27583,"href":"https:\/\/www.obalne-galerije.si\/it\/wp-json\/wp\/v2\/posts\/27359\/revisions\/27583"}],"wp:featuredmedia":[{"embeddable":true,"href":"https:\/\/www.obalne-galerije.si\/it\/wp-json\/wp\/v2\/media\/27346"}],"wp:attachment":[{"href":"https:\/\/www.obalne-galerije.si\/it\/wp-json\/wp\/v2\/media?parent=27359"}],"wp:term":[{"taxonomy":"category","embeddable":true,"href":"https:\/\/www.obalne-galerije.si\/it\/wp-json\/wp\/v2\/categories?post=27359"},{"taxonomy":"post_tag","embeddable":true,"href":"https:\/\/www.obalne-galerije.si\/it\/wp-json\/wp\/v2\/tags?post=27359"}],"curies":[{"name":"wp","href":"https:\/\/api.w.org\/{rel}","templated":true}]}}