{"id":25497,"date":"2025-09-06T21:00:52","date_gmt":"2025-09-06T19:00:52","guid":{"rendered":"https:\/\/www.obalne-galerije.si\/?p=25497"},"modified":"2026-02-04T17:51:47","modified_gmt":"2026-02-04T16:51:47","slug":"ex-tempore-pirano-2025-premi","status":"publish","type":"post","link":"https:\/\/www.obalne-galerije.si\/it\/ex-tempore-pirano-2025-premi\/","title":{"rendered":"PREMI DEL 60\u02da EX-TEMPORE PIRANO 2025"},"content":{"rendered":"<p><section class=\"kc-elm kc-css-305429 kc_row\"><div class=\"kc-row-container  kc-container\"><div class=\"kc-wrap-columns\"><div class=\"kc-elm kc-css-517541 kc_col-sm-12 kc_column kc_col-sm-12\"><div class=\"kc-col-container\"><div class=\"kc-elm kc-css-506880 kc_text_block\"><\/p>\n<p><strong>60\u02da EX-TEMPORE PIRANO 2025 | <br \/><\/strong><strong>EX-TEMPORE INTERNAZIONALE DI PITTURA<\/strong><\/p>\n<p>Al 60\u02da Ex-tempore internazionale di pittura Pirano 2025 sono stati registrati <strong>241 <\/strong>partecipanti e presentati <strong>213<\/strong> lavori artistici (18 dei bambini). Tra queste la giuria internazionale (<strong>Stephanie Per\u0161i\u0107<\/strong>, Croazia, <strong>Renzo Grigolon, <\/strong>Italia,\u00a0 <strong>Jadranka Plut<\/strong>) ha selezionato <strong>100<\/strong> per la mostra, allestita nella Galleria Monfort di Portorose e nella Galleria civica Pirano, assegnando alcuni dei 20 premi di acquisto e altri.<\/p>\n<p>Segretaria della giuria <strong>Ana Pape\u017e<\/strong>, curatrice e pedagogista delle Gallerie Costiere Pirano.<\/p>\n<p>\n<\/div><div class=\"kc-elm kc-css-922369\" style=\"height: 20px; clear: both; width:100%;\"><\/div>\n<div class=\"kc-elm kc-css-209965\">\n\t<a class=\"kc_button\" href=\"https:\/\/www.obalne-galerije.si\/wp-content\/uploads\/2025\/09\/EX25_zapisnik-ITA.pdf\" target=\"_blank\" title=\"\" onclick=\"\">\n\t\t<i class=\"sl-paper-clip\"><\/i>  EX-TEMPORE 2025: PREMI-ITA\t<\/a>\n<\/div>\n<div class=\"kc-elm kc-css-930571\" style=\"height: 50px; clear: both; width:100%;\"><\/div><\/div><\/div><\/div><\/div><\/section><section class=\"kc-elm kc-css-685542 kc_row\"><div class=\"kc-row-container  kc-container\"><div class=\"kc-wrap-columns\"><div class=\"kc-elm kc-css-303116 kc_col-sm-6 kc_column kc_col-sm-6\"><div class=\"kc-col-container\"><div class=\"kc-elm kc-css-723983 kc_shortcode kc_single_image\">\n\n        <img decoding=\"async\" src=\"https:\/\/www.obalne-galerije.si\/wp-content\/uploads\/2025\/09\/Suzana_Brborovic-1.jpg\" class=\"\" alt=\"\" \/>    <\/div>\n<div class=\"kc-elm kc-css-811807 kc_text_block\"><\/p>\n<p><em>GRAND PRIX\u00a0<br \/>SUZANA BRBOROVI\u0106 (Slovenia)<\/em><\/p>\n<p>\n<\/div><div class=\"kc-elm kc-css-653954\" style=\"height: 20px; clear: both; width:100%;\"><\/div><\/div><\/div><div class=\"kc-elm kc-css-367858 kc_col-sm-6 kc_column kc_col-sm-6\"><div class=\"kc-col-container\"><div class=\"kc-elm kc-css-923551 kc_text_block\"><\/p>\n<h3><strong style=\"font-style: inherit; font-family: -apple-system, BlinkMacSystemFont,;\">GRAND PRIX<\/strong><\/h3>\n<p>Il premio pi\u00f9 consistente pari a 4.000 \u20ac, assegnato dalle GALLERIE COSTIERE PIRANO \u00e8 stato conferito a <strong>SUZANA BRBOROVI\u0106<\/strong> <strong>(Slovenia)<\/strong> per il dipinto intitolato \u00bb<strong>Odsev prihodnosti in Durerejevo telo<\/strong>\u00ab.<\/p>\n<p><u>Motivazione:<\/u><\/p>\n<p>Un\u2019opera d\u2019arte, nel contemporaneo, deve porre interrogativi piuttosto che offrire significati immediati, per non scadere nell\u2019illustrativo. Il titolo si intreccia in modo organico con l\u2019opera, costruita su pi\u00f9 strati che si sovrappongono e invitano lo spettatore a cercare spiegazioni e connessioni con il titolo stesso. L\u2019artista, attraverso il proprio riflesso sul futuro, cerca di collegare l\u2019attualit\u00e0 del mondo di oggi con la complessit\u00e0 del domani che ci attende. Cos\u00ec come Albrecht D\u00fcrer sapeva unire nella sua pittura approccio geometrico, matematico ed estetico, anche in quest\u2019opera possiamo osservare l\u2019intreccio di diversi livelli che generano un\u2019esperienza visiva ricca e multidimensionale.<\/p>\n<p>\n<\/div><div class=\"kc-elm kc-css-741581\" style=\"height: 20px; clear: both; width:100%;\"><\/div><\/div><\/div><\/div><\/div><\/section><section class=\"kc-elm kc-css-748318 kc_row\"><div class=\"kc-row-container  kc-container\"><div class=\"kc-wrap-columns\"><div class=\"kc-elm kc-css-3568 kc_col-sm-6 kc_column kc_col-sm-6\"><div class=\"kc-col-container\"><div class=\"kc-elm kc-css-929137 kc_shortcode kc_single_image\">\n\n        <img decoding=\"async\" src=\"https:\/\/www.obalne-galerije.si\/wp-content\/uploads\/2025\/09\/Julija_Brajnik_Volcic-scaled.jpg\" class=\"\" alt=\"\" \/>    <\/div>\n<div class=\"kc-elm kc-css-17977 kc_text_block\"><\/p>\n<p><em>NAGRADA MLADI\u00a0<br \/>JULIJA BRAJNIK VOL\u010cI\u010c (Slovenia)<br \/><\/em><\/p>\n<p>\n<\/div><div class=\"kc-elm kc-css-619613\" style=\"height: 20px; clear: both; width:100%;\"><\/div><\/div><\/div><div class=\"kc-elm kc-css-873917 kc_col-sm-6 kc_column kc_col-sm-6\"><div class=\"kc-col-container\"><div class=\"kc-elm kc-css-919114 kc_text_block\"><\/p>\n<h3><strong style=\"font-style: inherit; font-family: -apple-system, BlinkMacSystemFont,;\">PREMIO GIOVANI<\/strong><\/h3>\n<p>Il premio per la migliore opera di un autore giovane under 35, anche questo assegnato dalle GALLERIE COSTIERE PIRANO sotto forma di mostra personale presso la Galleria Herman Pe\u010dari\u010d, \u00e8 stato conferito a<strong> JULIJA BRAJNIK VOL\u010cI\u010c (Slovenia) <\/strong>per l&#039;opera intitolata \u00bb<strong>Nemo\u010dna\u00ab. <\/strong><\/p>\n<p><u>Motivazione:<\/u><\/p>\n<p>Nel tempo in cui viviamo non esistono pi\u00f9 direzioni chiare e sorgono contraddizioni, e ci\u00f2 che un tempo era sicuro oggi viene messo in discussione. Il segno di questa paura e incertezza \u00e8 raffigurato in primo piano con due cani legati a un lampione, che fissano lo spettatore con attenzione. In questo modo lo spettatore \u00e8 posto nella condizione di una possibile preda. L\u2019oppressione e l\u2019impotenza sono rappresentate in modo evidente anche attraverso il contrasto con lo sfondo, che mostra la routine quotidiana, accanto al pericolo primordiale che incombe silenziosamente su di noi.<\/p>\n<p>\n<\/div><div class=\"kc-elm kc-css-788531\" style=\"height: 20px; clear: both; width:100%;\"><\/div><\/div><\/div><\/div><\/div><\/section><section class=\"kc-elm kc-css-907392 kc_row\"><div class=\"kc-row-container  kc-container\"><div class=\"kc-wrap-columns\"><div class=\"kc-elm kc-css-843547 kc_col-sm-6 kc_column kc_col-sm-6\"><div class=\"kc-col-container\"><div class=\"kc-elm kc-css-566830 kc_shortcode kc_single_image\">\n\n        <img decoding=\"async\" src=\"https:\/\/www.obalne-galerije.si\/wp-content\/uploads\/2025\/09\/Karin_Kocic-scaled.jpg\" class=\"\" alt=\"\" \/>    <\/div>\n<div class=\"kc-elm kc-css-497223 kc_text_block\"><\/p>\n<p><em>POSEBNA NAGRADA TARTINI 2025\u00a0<br \/>KARIN KOCI\u010c (Slovenia)<br \/><\/em><\/p>\n<p>\n<\/div><div class=\"kc-elm kc-css-590162\" style=\"height: 20px; clear: both; width:100%;\"><\/div><\/div><\/div><div class=\"kc-elm kc-css-530044 kc_col-sm-6 kc_column kc_col-sm-6\"><div class=\"kc-col-container\"><div class=\"kc-elm kc-css-408318 kc_text_block\"><\/p>\n<h3><strong style=\"font-style: inherit; font-family: -apple-system, BlinkMacSystemFont,;\">\u00a0<\/strong><strong style=\"font-style: inherit; font-family: -apple-system, BlinkMacSystemFont,;\">PREMIO SPECIALE TARTINI 2025<\/strong><\/h3>\n<p>Il premio speciale Tartini 2025, assegnato dal CAN DI PIRANO e dall&#039;associazione COMUNIT\u00c0 DEGLI ITALIANI GIUSEPPE TARTINI PIRANO sotto forma di mostra personale presso la Casa Tartini di Pirano, \u00e8 stato conferito a \u00a0<strong>KARIN KOCI\u010c (Slovenia) <\/strong>per l&#039;opera intitolata <strong>\u00bbSledi otro\u0161tva v pesku\u00ab.<\/strong><\/p>\n<p><u>Motivazione:<\/u><\/p>\n<p>L\u2019infanzia \u00e8 un periodo che lascia tracce come fondamento per lo sviluppo dell\u2019individuo nelle fasi successive della vita. L\u2019infanzia raffigurata nel dipinto \u00e8 mutevole, disumanizzata, e le figure dei bambini siedono sulla sabbia in un ambiente dove i bambini dovrebbero sedersi. Tuttavia, nei loro corpi e nei loro volti non c\u2019\u00e8 la leggerezza del gioco, ma piuttosto un senso di vuoto e di silenzioso distacco. Uno spazio che dovrebbe esprimere calore e sicurezza si trasforma in uno scenario di incertezza, dove \u00e8 presente la freddezza. L\u2019assenza di espressione pu\u00f2 essere interpretata anche come lo stato della futura generazione di bambini. L\u2019immagine solleva quindi la domanda su come il mondo di oggi influenzi la formazione dell\u2019infanzia e i valori che trasmettiamo. In questo contesto, l\u2019interpretazione artistica diventa sia un monito che un invito a riflettere sulla responsabilit\u00e0 della societ\u00e0 verso la crescita.<\/p>\n<p>\n<\/div><div class=\"kc-elm kc-css-141955\" style=\"height: 20px; clear: both; width:100%;\"><\/div><\/div><\/div><\/div><\/div><\/section><section class=\"kc-elm kc-css-101683 kc_row\"><div class=\"kc-row-container  kc-container\"><div class=\"kc-wrap-columns\"><div class=\"kc-elm kc-css-107191 kc_col-sm-6 kc_column kc_col-sm-6\"><div class=\"kc-col-container\"><\/div><\/div><div class=\"kc-elm kc-css-908813 kc_col-sm-6 kc_column kc_col-sm-6\"><div class=\"kc-col-container\"><div class=\"kc-elm kc-css-514832 kc_text_block\"><\/p>\n<h3>GRANDE PREMIO ACQUISTO SPECIALE<\/h3>\n<p>AP OKOLJE PIRANO, assegnato a<\/p>\n<p><strong>MARU\u0160A \u0160U\u0160TAR<\/strong> <strong>(Slovenia)<\/strong><\/p>\n<hr>\n<h3>\u00a0<\/h3>\n<h3><strong>GRANDI PREMI ACQUISTO<\/strong><\/h3>\n<p>COMUNE DI PIRANO, assegnato a<\/p>\n<p><strong>EVA \u017dGAJNAR (Slovenia)<\/strong><\/p>\n<p>GASSPAR d.o.o. PORTOROSE, assegnato a<\/p>\n<p><strong>ZORAN KRULJ (Serbia)<\/strong><\/p>\n<p>VECCHIA OSTERIA PIRANO, assegnato a<\/p>\n<p><strong>JANJA KOSI (Slovenia)\u00a0\u00a0 <\/strong><\/p>\n<p>BISTURMED d.o.o. CAPODISTRIA, assegnato a<\/p>\n<p><strong>SABINA \u0160INKO (Slovenia<\/strong>)<\/p>\n<hr>\n<h3>\u00a0<\/h3>\n<h3><strong>PREMI ACQUISTO <\/strong><\/h3>\n<p>COMUNE CITT\u00c0 DI CAPODISTRIA, assegnato a<\/p>\n<p><strong>NADA ZIDARI\u010c (Slovenia)<\/strong><\/p>\n<p>ENTE PER IL TURISMO PORTOROSE, assegnato a<\/p>\n<p><strong>EMILIJA PODJAVOR\u0160EK (Slovenia)<\/strong><\/p>\n<hr>\n<h3>\u00a0<\/h3>\n<h3><strong>PREMI <\/strong><strong>ACQUISTO MINORI<\/strong><\/h3>\n<p>SURF d.o.o. PORTOROSE, assegnato a<\/p>\n<p><strong>NATA\u0160A BEZI\u0106 (Croazia)<\/strong><\/p>\n<p>ADET d.o.o., PORTOROSE,\u00a0 assegnato a<\/p>\n<p><strong>JANA PERIC (Slovenia)<\/strong><\/p>\n<hr>\n<h3>\u00a0<\/h3>\n<h3><strong>PREMI SPECIALI DEGLI ALBERGHI<\/strong><\/h3>\n<p>EUROTASS HOTELI d.o.o., assegnato a<\/p>\n<p><strong>MONIKA SLEMC KLAV\u017dAR (Slovenia)<\/strong><\/p>\n<p>ART HOTEL TARTINI PIRANO, assegnato a<\/p>\n<p><strong>CVETO VIDOVI\u010c (Slovenia)<\/strong><\/p>\n<p>HTP BELVEDERE ISOLA, assegnato a<\/p>\n<p><strong>IVAN JANI KONEC (Slovenia)<\/strong><\/p>\n<hr>\n<h3>\u00a0<\/h3>\n<h3><strong>PREMI SPECIALI <\/strong><strong>\u00a0<\/strong><\/h3>\n<p>TRGOVINE ART LUBIANA E ROYAL TALNES, assegnato a<\/p>\n<p><strong>PETJA KOCET (Slovenia)<\/strong><\/p>\n<p><strong>\u00a0<\/strong>TRGOVINE ART LUBIANA E CLAIRFONTAINE, assegnato a<\/p>\n<p><strong>DANILO JEREB (Slovenia)<\/strong><\/p>\n<hr>\n<p><strong><br \/><\/strong><\/p>\n<p><strong>PREMI PER L&#039;OPERA SU CARTA NON SONO STATIO ASSEGNATI.<\/strong><\/p>\n<p><strong>I collezionisti hanno assegnato:<\/strong><\/p>\n<h3><strong>PREMIO DI ACQUISTO<\/strong><\/h3>\n<p>Assegnato a<\/p>\n<p><strong>ANTONIJA CELIN (Croazia)<\/strong><\/p>\n<h3><strong>\u00a0<\/strong><\/h3>\n<h3><strong>GRANDE PREMIO DI ACQUISTO<\/strong><\/h3>\n<p>assegnato a<\/p>\n<p><strong>BARBARA JURKOV\u0160EK (Slovenia)<\/strong><\/p>\n<hr>\n<p><strong>\u00a0<\/strong><\/p>\n<h3><strong>PREMIO BAMBINI<\/strong><\/h3>\n<p>(entro i 15 anni di et\u00e0)<\/p>\n<p>Il premio \u00e8 stato consegnato dalle GALLERIE COSTIERE PIRANO a <strong>JAN\u017dA KORENT.\u00a0 <\/strong><\/p>\n<p>\n<\/div><\/div><\/div><\/div><\/div><\/section><\/p>\n","protected":false},"excerpt":{"rendered":"","protected":false},"author":4,"featured_media":25498,"comment_status":"closed","ping_status":"closed","sticky":false,"template":"","format":"standard","meta":{"footnotes":""},"categories":[48],"tags":[],"class_list":["post-25497","post","type-post","status-publish","format-standard","has-post-thumbnail","hentry","category-notizie"],"acf":[],"_links":{"self":[{"href":"https:\/\/www.obalne-galerije.si\/it\/wp-json\/wp\/v2\/posts\/25497","targetHints":{"allow":["GET"]}}],"collection":[{"href":"https:\/\/www.obalne-galerije.si\/it\/wp-json\/wp\/v2\/posts"}],"about":[{"href":"https:\/\/www.obalne-galerije.si\/it\/wp-json\/wp\/v2\/types\/post"}],"author":[{"embeddable":true,"href":"https:\/\/www.obalne-galerije.si\/it\/wp-json\/wp\/v2\/users\/4"}],"replies":[{"embeddable":true,"href":"https:\/\/www.obalne-galerije.si\/it\/wp-json\/wp\/v2\/comments?post=25497"}],"version-history":[{"count":4,"href":"https:\/\/www.obalne-galerije.si\/it\/wp-json\/wp\/v2\/posts\/25497\/revisions"}],"predecessor-version":[{"id":27093,"href":"https:\/\/www.obalne-galerije.si\/it\/wp-json\/wp\/v2\/posts\/25497\/revisions\/27093"}],"wp:featuredmedia":[{"embeddable":true,"href":"https:\/\/www.obalne-galerije.si\/it\/wp-json\/wp\/v2\/media\/25498"}],"wp:attachment":[{"href":"https:\/\/www.obalne-galerije.si\/it\/wp-json\/wp\/v2\/media?parent=25497"}],"wp:term":[{"taxonomy":"category","embeddable":true,"href":"https:\/\/www.obalne-galerije.si\/it\/wp-json\/wp\/v2\/categories?post=25497"},{"taxonomy":"post_tag","embeddable":true,"href":"https:\/\/www.obalne-galerije.si\/it\/wp-json\/wp\/v2\/tags?post=25497"}],"curies":[{"name":"wp","href":"https:\/\/api.w.org\/{rel}","templated":true}]}}