{"id":24978,"date":"2025-07-29T16:21:43","date_gmt":"2025-07-29T14:21:43","guid":{"rendered":"https:\/\/www.obalne-galerije.si\/?p=24978"},"modified":"2026-01-21T13:33:41","modified_gmt":"2026-01-21T12:33:41","slug":"lev-ambroz-okorn-immaginario-dei-dettagli","status":"publish","type":"post","link":"https:\/\/www.obalne-galerije.si\/it\/lev-ambroz-okorn-immaginario-dei-dettagli\/","title":{"rendered":"LEV AMBRO\u017d OKORN: IMMAGINARIO DEI DETTAGLI"},"content":{"rendered":"<p><section class=\"kc-elm kc-css-663960 kc_row\"><div class=\"kc-row-container  kc-container\"><div class=\"kc-wrap-columns\"><div class=\"kc-elm kc-css-93535 kc_col-sm-12 kc_column kc_col-sm-12\"><div class=\"kc-col-container\"><\/div><\/div><\/div><\/div><\/section><section class=\"kc-elm kc-css-604567 kc_row\"><div class=\"kc-row-container  kc-container\"><div class=\"kc-wrap-columns\"><div class=\"kc-elm kc-css-420499 kc_col-sm-6 kc_column kc_col-sm-6\"><div class=\"kc-col-container\"><div class=\"kc-elm kc-css-799798 kc_text_block\"><\/p>\n<p><strong>LEV AMBRO\u017d OKORN: Immaginario dei dettagli |\u00a0<br \/><\/strong><strong>Ex-Tempore Pirano &#8211; Premio giovani 2024 |\u00a0<br \/><\/strong><strong>A cura di Majda Bo\u017eeglav Japelj |\u00a0<\/strong><\/p>\n<p><strong>6.09.2025\u20139.11.2025, Galleria Civica, Pirano &#8211;\u00a0<br \/>Inaugurazione: 29.08.2025, alle ore 19.\u00a0<br \/><\/strong><\/p>\n<p><em>A causa dei lavori di ristrutturazione della Galleria Herman Pe\u010dari\u010d, la mostra &#8220;<b>Immaginario dei dettagli\"<\/b>\u00a0di\u00a0Lev Ambro\u017e Okorn\u00a0sar\u00e0 visitabile alla Galleria Civica di Pirano, al 2\u00b0 piano.<\/em><\/p>\n<p><!--more--><\/p>\n<p>\n<\/div><div class=\"kc-elm kc-css-475541 kc_shortcode kc_single_image\">\n\n        <img decoding=\"async\" src=\"https:\/\/www.obalne-galerije.si\/wp-content\/uploads\/2025\/07\/pacribajezival-web-scaled.jpg\" class=\"\" alt=\"\" \/>    <\/div>\n<div class=\"kc-elm kc-css-634970\" style=\"height: 20px; clear: both; width:100%;\"><\/div><\/div><\/div><div class=\"kc-elm kc-css-509173 kc_col-sm-6 kc_column kc_col-sm-6\"><div class=\"kc-col-container\"><div class=\"kc-elm kc-css-42394 kc_text_block\"><\/p>\n<p><span style=\"font-style: inherit; font-family: -apple-system, BlinkMacSystemFont, \" segoe=\"\" ui\",=\"\" roboto,=\"\" oxygen-sans,=\"\" ubuntu,=\"\" cantarell,=\"\" \"helvetica=\"\" neue\",=\"\" sans-serif;\"=\"\">Uno dei premi della tradizionale ex temporanea di Pirano \u00e8 destinato ai giovani autori. Viene conferito dalle Gallerie Costiere di Pirano sotto forma di una mostra personale presso la Galleria Civica di Pirano. I vincitori sono spesso giovani artisti all&#039;inizio del loro percorso artistico o studenti che stanno acquisendo conoscenze formali presso una delle accademie d&#039;arte nazionali o straniere. Indipendentemente dal loro status, il premio si rivela un&#039;opportunit\u00e0 unica per entrare nel cosiddetto <\/span><em style=\"font-family: -apple-system, BlinkMacSystemFont, \" segoe=\"\" ui\",=\"\" roboto,=\"\" oxygen-sans,=\"\" ubuntu,=\"\" cantarell,=\"\" \"helvetica=\"\" neue\",=\"\" sans-serif;\"=\"\">sistema dell&#039;arte contemporanea<\/em><span style=\"font-style: inherit; font-family: -apple-system, BlinkMacSystemFont, \" segoe=\"\" ui\",=\"\" roboto,=\"\" oxygen-sans,=\"\" ubuntu,=\"\" cantarell,=\"\" \"helvetica=\"\" neue\",=\"\" sans-serif;\"=\"\">, che e composto da vari attori, ognuno dei quali svolge un ruolo specifico, in questo caso l&#039;artista-creatore dell\u2019opera d\u2019arte, la galleria e la giuria di critici d\u2019arte, come mediatori tra gli artisti e il pubblico.<\/span><\/p>\n<p>Il vincitore del Premio Giovani dello scorso anno \u00e8 stato Lev Ambro\u017e Okorn (Lubiana, 2003). Lo studente dell&#039;Accademia di Belle Arti di Lubiana vede la pittura come un mezzo con cui presentare argomenti interessanti in modo nuovo, &#8220;esplorare i lati nascosti della vita quotidiana, scoprire i meccanismi e le leggi dell&#039;esistenza e renderli tangibili attraverso il processo artistico\". Nel dipinto premiato <em>A tutto gas<\/em> la giuria internazionale di esperti ha percepito la freschezza del giovane artista. Nel soggetto scelto \u2013 un ragazzo che avvia il motore di una barca \u2013 Okorn ha ricreato in modo convincente un estratto della nostra frenetica quotidianit\u00e0, che pu\u00f2 essere letto anche come un ritratto delle nuove generazioni, coinvolte in un&#039;attivit\u00e0 gi\u00e0 antica.<\/p>\n<p>La nuova serie di dipinti, che sar\u00e0 esposta al 2\u00b0 piano della Galleria Civica di Pirano, si intitola <em>Immaginario dei dettagli<\/em>.<\/p>\n<p>\n<\/div><\/div><\/div><\/div><\/div><\/section><section class=\"kc-elm kc-css-743624 kc_row\"><div class=\"kc-row-container  kc-container\"><div class=\"kc-wrap-columns\"><div class=\"kc-elm kc-css-389586 kc_col-sm-12 kc_column kc_col-sm-12\"><div class=\"kc-col-container\"><\/div><\/div><\/div><\/div><\/section><section class=\"kc-elm kc-css-530392 kc_row\"><div class=\"kc-row-container  kc-container\"><div class=\"kc-wrap-columns\"><div class=\"kc-elm kc-css-645765 kc_col-of-5 kc_column kc_col-of-5\"><div class=\"kc-col-container\"><\/div><\/div><div class=\"kc-elm kc-css-583829 kc_col-sm-7 kc_column kc_col-sm-7\"><div class=\"kc-col-container\"><div class=\"kc-elm kc-css-200254\" style=\"height: 50px; clear: both; width:100%;\"><\/div><div class=\"kc-elm kc-css-210654 kc-raw-code\"><iframe width=\"560\" height=\"315\" src=\"https:\/\/www.youtube.com\/embed\/TGhwT_87RF4?si=kTvEODheUmYr9l7t\" title=\"YouTube video player\" frameborder=\"0\" allow=\"accelerometer; autoplay; clipboard-write; encrypted-media; gyroscope; picture-in-picture; web-share\" referrerpolicy=\"strict-origin-when-cross-origin\" allowfullscreen><\/iframe><\/div><\/div><\/div><div class=\"kc-elm kc-css-588610 kc_col-of-5 kc_column kc_col-of-5\"><div class=\"kc-col-container\"><\/div><\/div><\/div><\/div><\/section><\/p>\n","protected":false},"excerpt":{"rendered":"<p>LEV AMBRO\u017d OKORN: Immaginario dei dettagli |\u00a0Ex-Tempore Pirano &#8211; Premio giovani 2024 |\u00a0A cura di Majda Bo\u017eeglav Japelj |\u00a0 6.09.2025\u20139.11.2025, Galleria Civica, Pirano &#8211;\u00a0Inaugurazione: 29.08.2025, alle ore 19.\u00a0 A causa dei lavori di ristrutturazione della Galleria Herman Pe\u010dari\u010d, la mostra &#8220;Immaginario dei dettagli&#8221;\u00a0di\u00a0Lev Ambro\u017e Okorn\u00a0sar\u00e0 visitabile alla Galleria Civica di Pirano, al 2\u00b0 piano.<\/p>\n","protected":false},"author":4,"featured_media":24982,"comment_status":"closed","ping_status":"closed","sticky":false,"template":"","format":"standard","meta":{"footnotes":""},"categories":[46,80,48],"tags":[],"class_list":["post-24978","post","type-post","status-publish","format-standard","has-post-thumbnail","hentry","category-galleria-civica","category-mostre","category-notizie"],"acf":[],"_links":{"self":[{"href":"https:\/\/www.obalne-galerije.si\/it\/wp-json\/wp\/v2\/posts\/24978","targetHints":{"allow":["GET"]}}],"collection":[{"href":"https:\/\/www.obalne-galerije.si\/it\/wp-json\/wp\/v2\/posts"}],"about":[{"href":"https:\/\/www.obalne-galerije.si\/it\/wp-json\/wp\/v2\/types\/post"}],"author":[{"embeddable":true,"href":"https:\/\/www.obalne-galerije.si\/it\/wp-json\/wp\/v2\/users\/4"}],"replies":[{"embeddable":true,"href":"https:\/\/www.obalne-galerije.si\/it\/wp-json\/wp\/v2\/comments?post=24978"}],"version-history":[{"count":4,"href":"https:\/\/www.obalne-galerije.si\/it\/wp-json\/wp\/v2\/posts\/24978\/revisions"}],"predecessor-version":[{"id":26762,"href":"https:\/\/www.obalne-galerije.si\/it\/wp-json\/wp\/v2\/posts\/24978\/revisions\/26762"}],"wp:featuredmedia":[{"embeddable":true,"href":"https:\/\/www.obalne-galerije.si\/it\/wp-json\/wp\/v2\/media\/24982"}],"wp:attachment":[{"href":"https:\/\/www.obalne-galerije.si\/it\/wp-json\/wp\/v2\/media?parent=24978"}],"wp:term":[{"taxonomy":"category","embeddable":true,"href":"https:\/\/www.obalne-galerije.si\/it\/wp-json\/wp\/v2\/categories?post=24978"},{"taxonomy":"post_tag","embeddable":true,"href":"https:\/\/www.obalne-galerije.si\/it\/wp-json\/wp\/v2\/tags?post=24978"}],"curies":[{"name":"wp","href":"https:\/\/api.w.org\/{rel}","templated":true}]}}