{"id":24684,"date":"2025-07-07T12:48:44","date_gmt":"2025-07-07T10:48:44","guid":{"rendered":"https:\/\/www.obalne-galerije.si\/?p=24684"},"modified":"2025-07-07T12:59:37","modified_gmt":"2025-07-07T10:59:37","slug":"appuntamenti-di-luglio-2025","status":"publish","type":"post","link":"https:\/\/www.obalne-galerije.si\/it\/appuntamenti-di-luglio-2025\/","title":{"rendered":"APPUNTAMENTI DI LUGLIO 2025"},"content":{"rendered":"<p>La stagione estiva delle Gallerie Costiere di Pirano \u00e8 caratterizzata da nuove mostre temporanee a Capodistria, Pirano e Portorose. Vi invitiamo a visitarle: durante l&#8217;estate le gallerie sono aperte anche di sera.<\/p>\n<hr \/>\n<p><strong>Galleria Civica Pirano<\/strong><\/p>\n<p>Fino al 24 agosto \u00e8 visitabile la prima grande mostra personale di Primo\u017e Bizjak, artista sloveno affermato a livello internazionale e residente all\u2019estero. Il paesaggio naturale e urbano, in continua trasformazione, \u00e8 un motivo prediletto di Bizjak, nel quale indaga spazi abbandonati e segnati dal passato, caratterizzati da architetture uniche o scorci naturali.<\/p>\n<p>Il progetto espositivo intitolato Il mondo grigio \u00e8 blu e verde, dal concetto unico e curato dall\u2019affermato artista I\u0161tvan I\u0161t Huzjan, offre una panoramica sulla produzione dell\u2019artista tra il 2004 e il 2020. La selezione delle opere \u00e8 stata fatta in dialogo con la poesia Il mondo intero \u00e8 come di Sre\u010dko Kosovel (Integrali \u201926) e include le serie: Venezia (2005\u20132006), Sarajevo (2004\u20132006), Alpi Apuane (2014\u20132017) e Lo zoo di Monaco (2017\u20132020).<\/p>\n<p>La mostra \u00e8 realizzata con il sostegno del Ministero della cultura RS, Comune citt\u00e0 di Capodistria e Comune di Pirano, in collaborazione con la Galleria Gregor Podnar di Vienna. <a href=\"https:\/\/www.obalne-galerije.si\/it\/primoz-bizjak-il-mondo-grigio-e-blu-e-verde\/\">Maggiori informazioni al link \u2026<\/a><\/p>\n<hr \/>\n<p><strong>Galleria Monfort di Portorose e Galleria Loggia di Capodistria<\/strong><\/p>\n<p>Fino al 24 agosto si svolge una grande installazione spaziale del noto artista sloveno Andrej \u0160kufca intitolata Intrusi, non invitati nel caos, allestita a Portorose e a Capodistria. La mostra in due parti mette in scena la tensione all&#8217;interno del confronto architettonico, tipologico e socio-politico tra il vasto ex magazzino del sale sulla costa di Portorose e il palazzo gotico veneziano sulla piazza principale di Capodistria. Le installazioni speculative dell&#8217;artista non sono tanto un oggetto quanto un paesaggio, irradiando la memoria del mondo che un tempo gli uomini abitavano. Il progetto coinvolge le artiste austriache Katrin Euller con un intervento sonoro e Miriam Stoney con una poesia. La curatrice della mostra \u00e8 Laura Amann, curatrice e architetta viennese. Il progetto \u00e8 stato realizzato in collaborazione con MG+MSUM, Lubiana, Zavod Projekt Atol, Lubiana; Galleria New J\u00f6rg, Vienna; Ravnikar Gallery, Lubiana; Kucca, Zagabria. <a href=\"https:\/\/www.obalne-galerije.si\/it\/andrej-skufca-intrusi-non-invitati-nel-caos\/\">Maggiori informazioni al link \u2026<\/a><\/p>\n<hr \/>\n<p><strong>Sala in legno Monfor di Portorose<\/strong><\/p>\n<p>Dal 10 al 15 luglio, il FUGA Festival si terr\u00e0 nella Sala in Legno Monfort, con l&#8217;obiettivo di diventare una piattaforma internazionale per giovani artisti e studenti di tutte le discipline artistiche: dal teatro, al cinema, alla musica, alle arti visive. Nel piano strategico quinquennale infatti, il direttore artistico della piattaforma, il regista Ivan Loboda, ha infatti previsto l&#8217;inclusione di una nuova forma d&#8217;arte ogni anno. Nel 2025 \u00e8 stato quindi istituito un dipartimento di arti visive in collaborazione con le Gallerie Costiere Pirano. 5 studenti internazionali di arti visive lavoreranno al festival con un mentore. Il festival si concluder\u00e0 con una mostra che si inaugurer\u00e0 il 14 luglio 2025 alle 20:00 e rimarr\u00e0 aperta al pubblico fino al 10 agosto 2025. <a href=\"https:\/\/www.obalne-galerije.si\/it\/fuga-festival-2025\/\">Maggiori informazioni al link \u2026<\/a><\/p>\n<hr \/>\n<p><strong>Galleria Medusa di Capodistria<\/strong><\/p>\n<p>Fino al 19 settembre la galleria Medusa ospita una mostra personale di Vesna Bukovec e Ana \u010cigon dal titolo Work in Progress. Deceptive Working Time. Si tratta della terza fase di una ricerca artistica e curatoriale pluriennale dal titolo Work in Progress, portata avanti collettivamente da Vesna Bukovec, Tia \u010ci\u010dek e Ana \u010cigon. Questa volta, l&#8217;enfasi \u00e8 posta sulla comprensione dell&#8217;orario di lavoro e delle sue mutate forme, offrendo uno spaccato eloquente delle condizioni di lavoro contemporanee. La ricerca mira anche a creare visioni per il futuro, in modo che, anzich\u00e9 la crescita costante dei profitti, il benessere e l&#8217;interconnessione dei dipendenti siano messi in primo piano. Work in Progress \u00e8 un progetto partecipativo orientato allo sviluppo, quindi i visitatori sono invitati a scrivere la loro esperienza di forme di lavoro su un disegno selezionato. Prima della fine della mostra, organizzeremo un&#8217;interessante conversazione su questo tema sempre attuale. <a href=\"https:\/\/www.obalne-galerije.si\/it\/vesna-bukovec-in-ana-cigon-lavoro-in-divenire-tempo-di-lavoro-ingannevole\/\">Maggiori informazioni al link \u2026<\/a><\/p>\n<hr \/>\n<p><strong>Galleria Herman Pe\u010dari\u010d di Pirano<\/strong><\/p>\n<p>Fino al 17 agosto l&#8217;illustratrice del Litorale Tinka Leskov\u0161ek, residente a Venezia, presenta la sua mostra personale intitolata Pura grazia. Anche oggi, con la disponibilit\u00e0 di numerosi strumenti digitali, l&#8217;artista rimane fedele alle tecniche artistiche tradizionali. Con una precisione millimetrica e un pennello sottilissimo, crea a mano immagini realistiche di animali e piante. La sua opera creativa \u00e8 variegata e il contenuto delle sue illustrazioni di divulgazione scientifica \u00e8 interessante per un pubblico di tutte le generazioni. Durante la mostra organizzeremo una serie di Laboratori creativi ArtLab Medusa per gli amanti dell&#8217;arte. I partecipanti realizzeranno collage di tessuto su una base di cartone con motivi animali, che rappresentano il tema centrale della mostra. I laboratori pedagogici con Tinka Leskov\u0161ek si terranno il sabato (5 e 19 luglio e 9 agosto), dalle 10:00 alle 11:30, mentre il laboratorio creativo per adulti si svolger\u00e0 mercoled\u00ec, 13 agosto, dalle 17:00 alle 19:00, tutti presso la Galleria Herman Pe\u010dari\u010d a Pirano. <a href=\"https:\/\/www.obalne-galerije.si\/tinka-leskovsek-ziva-milina\/\">Maggiori informazioni al link \u2026<\/a><\/p>\n<hr \/>\n<p><strong>Ex-tempore Pirano e Forma Viva Portorose 2025<\/strong><\/p>\n<p>A conclusione della stagione estiva annunciamo due eventi internazionali di lunga tradizione: la 60\u00aa edizione del concorso di pittura Ex-tempore Pirano, rivolto a tutti gli artisti e agli amanti dell\u2019arte, e il simposio internazionale di scultura Forma Viva Portorose, al quale partecipano scultori di fama internazionale che realizzeranno le loro opere direttamente nel cantiere di lavoro nel Parco delle sculture a Sezza, vicino a Portorose. Maggiori informazioni saranno disponibili nel prossimo comunicato del programma.<\/p>\n<p>Siete cordialmente invitati.<\/p>\n","protected":false},"excerpt":{"rendered":"<p>La stagione estiva delle Gallerie Costiere di Pirano \u00e8 caratterizzata da nuove mostre temporanee a Capodistria, Pirano e Portorose. Vi invitiamo a visitarle: durante l&#8217;estate le gallerie sono aperte anche di sera. Galleria Civica Pirano Fino al 24 agosto \u00e8 visitabile la prima grande mostra personale di Primo\u017e Bizjak, artista sloveno affermato a livello internazionale<\/p>\n","protected":false},"author":4,"featured_media":24698,"comment_status":"closed","ping_status":"closed","sticky":false,"template":"","format":"standard","meta":{"footnotes":""},"categories":[48],"tags":[],"class_list":["post-24684","post","type-post","status-publish","format-standard","has-post-thumbnail","hentry","category-notizie"],"acf":[],"_links":{"self":[{"href":"https:\/\/www.obalne-galerije.si\/it\/wp-json\/wp\/v2\/posts\/24684","targetHints":{"allow":["GET"]}}],"collection":[{"href":"https:\/\/www.obalne-galerije.si\/it\/wp-json\/wp\/v2\/posts"}],"about":[{"href":"https:\/\/www.obalne-galerije.si\/it\/wp-json\/wp\/v2\/types\/post"}],"author":[{"embeddable":true,"href":"https:\/\/www.obalne-galerije.si\/it\/wp-json\/wp\/v2\/users\/4"}],"replies":[{"embeddable":true,"href":"https:\/\/www.obalne-galerije.si\/it\/wp-json\/wp\/v2\/comments?post=24684"}],"version-history":[{"count":1,"href":"https:\/\/www.obalne-galerije.si\/it\/wp-json\/wp\/v2\/posts\/24684\/revisions"}],"predecessor-version":[{"id":24685,"href":"https:\/\/www.obalne-galerije.si\/it\/wp-json\/wp\/v2\/posts\/24684\/revisions\/24685"}],"wp:featuredmedia":[{"embeddable":true,"href":"https:\/\/www.obalne-galerije.si\/it\/wp-json\/wp\/v2\/media\/24698"}],"wp:attachment":[{"href":"https:\/\/www.obalne-galerije.si\/it\/wp-json\/wp\/v2\/media?parent=24684"}],"wp:term":[{"taxonomy":"category","embeddable":true,"href":"https:\/\/www.obalne-galerije.si\/it\/wp-json\/wp\/v2\/categories?post=24684"},{"taxonomy":"post_tag","embeddable":true,"href":"https:\/\/www.obalne-galerije.si\/it\/wp-json\/wp\/v2\/tags?post=24684"}],"curies":[{"name":"wp","href":"https:\/\/api.w.org\/{rel}","templated":true}]}}