{"id":24322,"date":"2025-05-12T20:59:55","date_gmt":"2025-05-12T18:59:55","guid":{"rendered":"https:\/\/www.obalne-galerije.si\/?p=24322"},"modified":"2025-05-12T21:30:25","modified_gmt":"2025-05-12T19:30:25","slug":"in-memoriam-koyo-kouoh","status":"publish","type":"post","link":"https:\/\/www.obalne-galerije.si\/it\/in-memoriam-koyo-kouoh\/","title":{"rendered":"IN MEMORIAM: KOYO KOUOH"},"content":{"rendered":"<p style=\"font-weight: 400;\">Il mondo dell&#8217;arte \u00e8 stato sconvolto dalla notizia che Koyo Kouoh, una delle figure di spicco della scena artistica globale, \u00e8 scomparsa all&#8217;et\u00e0 di 58 anni. Recentemente era stata nominata come la prima curatrice africana a ricoprire il ruolo di direttrice artistica della Biennale di Venezia per le arti visive del 2026.<\/p>\n<p><!--more--><\/p>\n<p style=\"font-weight: 400;\">Il suo straordinario percorso professionale \u00e8 stato caratterizzato da una profonda dedizione nella promozione dell&#8217;arte contemporanea e nella costruzione di ponti culturali tra il continente africano e il resto del mondo. Si \u00e8 dedicata alla creazione di sistemi e istituzioni a supporto di artiste, artisti e produttori da tutto il mondo, alla curatela di collezioni di arte contemporanea, alla progettazione di mostre personali e collettive di grande impatto, alla realizzazione di manifestazioni internazionali e biennali, e all&#8217;editoria di publicazioni di altissimo profilo.<\/p>\n<p style=\"font-weight: 400;\">Ho avuto il privilegio di conoscere gli ampi orizzonti intellettuali e l&#8217;incontenibile energia creativa di Koyo Kouoh, come giovane curatrice, attraverso numerosi progetti artistici collaborativi. Il nostro rapporto lavorativo si \u00e8 evoluto nel tempo e ha influenzato profondamente il mio lavoro professionale e il mio cammino di vita. Ci\u00f2 che \u00e8 iniziato come un&#8217;esperienza professionale \u00e8 cresciuto in una sincera e duratura amicizia, arricchita dal potere dell&#8217;amore.<\/p>\n<p style=\"font-weight: 400;\">La sua improvvisa scomparsa lascia un vuoto profondo nel mondo dell&#8217;arte contemporanea e nella mia vita personale. Coloro che hanno vissuto la sua visione di un futuro migliore e pi\u00f9 luminoso, la porteranno avanti come un prezioso lascito per le generazioni future.<\/p>\n<p style=\"font-weight: 400;\">A mio nome e a nome delle Gallerie Costiere di Pirano, esprimo sentite condoglianze alla famiglia. Condividiamo la nostra compassione con i collaboratori e con tutti coloro che sono stati commossi dalla sua intelligenza e dal suo incrollabile coraggio.<\/p>\n<p>&nbsp;<\/p>\n<p>Mara Ambro\u017ei\u010d Verderber<br \/>\nDirettrice delle Gallerie Costiere di Pirano<\/p>\n","protected":false},"excerpt":{"rendered":"<p>Il mondo dell&#8217;arte \u00e8 stato sconvolto dalla notizia che Koyo Kouoh, una delle figure di spicco della scena artistica globale, \u00e8 scomparsa all&#8217;et\u00e0 di 58 anni. Recentemente era stata nominata come la prima curatrice africana a ricoprire il ruolo di direttrice artistica della Biennale di Venezia per le arti visive del 2026.<\/p>\n","protected":false},"author":4,"featured_media":24327,"comment_status":"closed","ping_status":"closed","sticky":false,"template":"","format":"standard","meta":{"footnotes":""},"categories":[48],"tags":[],"class_list":["post-24322","post","type-post","status-publish","format-standard","has-post-thumbnail","hentry","category-notizie"],"acf":[],"_links":{"self":[{"href":"https:\/\/www.obalne-galerije.si\/it\/wp-json\/wp\/v2\/posts\/24322","targetHints":{"allow":["GET"]}}],"collection":[{"href":"https:\/\/www.obalne-galerije.si\/it\/wp-json\/wp\/v2\/posts"}],"about":[{"href":"https:\/\/www.obalne-galerije.si\/it\/wp-json\/wp\/v2\/types\/post"}],"author":[{"embeddable":true,"href":"https:\/\/www.obalne-galerije.si\/it\/wp-json\/wp\/v2\/users\/4"}],"replies":[{"embeddable":true,"href":"https:\/\/www.obalne-galerije.si\/it\/wp-json\/wp\/v2\/comments?post=24322"}],"version-history":[{"count":4,"href":"https:\/\/www.obalne-galerije.si\/it\/wp-json\/wp\/v2\/posts\/24322\/revisions"}],"predecessor-version":[{"id":24342,"href":"https:\/\/www.obalne-galerije.si\/it\/wp-json\/wp\/v2\/posts\/24322\/revisions\/24342"}],"wp:featuredmedia":[{"embeddable":true,"href":"https:\/\/www.obalne-galerije.si\/it\/wp-json\/wp\/v2\/media\/24327"}],"wp:attachment":[{"href":"https:\/\/www.obalne-galerije.si\/it\/wp-json\/wp\/v2\/media?parent=24322"}],"wp:term":[{"taxonomy":"category","embeddable":true,"href":"https:\/\/www.obalne-galerije.si\/it\/wp-json\/wp\/v2\/categories?post=24322"},{"taxonomy":"post_tag","embeddable":true,"href":"https:\/\/www.obalne-galerije.si\/it\/wp-json\/wp\/v2\/tags?post=24322"}],"curies":[{"name":"wp","href":"https:\/\/api.w.org\/{rel}","templated":true}]}}