{"id":23848,"date":"2025-03-14T14:00:36","date_gmt":"2025-03-14T13:00:36","guid":{"rendered":"https:\/\/www.obalne-galerije.si\/?p=23848"},"modified":"2025-03-14T14:00:36","modified_gmt":"2025-03-14T13:00:36","slug":"appuntamenti-marzo-e-aprile-2025","status":"publish","type":"post","link":"https:\/\/www.obalne-galerije.si\/it\/appuntamenti-marzo-e-aprile-2025\/","title":{"rendered":"APPUNTAMENTI MARZO E APRILE 2025"},"content":{"rendered":"<p><b>Inaugurazione della mostra<\/b><b><i> Intrecci<\/i><\/b><b> presso la Galleria Monfort a Portoro\u017e<\/b><\/p>\n<p><span style=\"font-weight: 400;\">Il Programma espositivo 2025 presso la Galleria Monfort a Portoro\u017e si apre con l\u2019introduzione del primo dei due progetti vincitori dello scorso anno del bando pubblico <\/span><i><span style=\"font-weight: 400;\">Odprta vrata <\/span><\/i><span style=\"font-weight: 400;\">(Porte aperte). La mostra collettiva intitolata <\/span><b><i>Intrecci<\/i><\/b><span style=\"font-weight: 400;\"> presenter\u00e0 12 artisti istriani appartenenti alla giovane generazione. Sono tutti provenienti dall\u2019Istria, che \u00e8 sempre stata un\u2019area di identit\u00e0 intrecciate e frammentate come anche di diverse influenze politiche e culturali. La storica marginalizzazione della parte dell\u2019Istria croata si riflette pure sull\u2019arte contemporanea dove i giovani artisti, nonostante la loro eccellenza e la loro innovazione, operano all\u2019interno della scena locale e rimangono senza l\u2019adeguata valorizzazione nel pi\u00f9 ampio contesto nazionale e internazionale.<\/span><\/p>\n<p><span style=\"font-weight: 400;\">La mostra \u00e8 frutto della collaborazione internazionale tra le Gallerie Costiere Pirano e la Galleria d\u2019arte Civica di Albona e unisce giovani artisti istriani che, coi loro diversi approcci e concetti, lavorano con media non tradizionali. La mostra \u00e8 lo spazio di un dialogo dinamico tra espressioni personali e comuni tematiche culturali e sociali, dove gli artisti danno particolare attenzione a: il tema delle migrazioni, le problematiche ambientali e temi legati alla ricerca scientifica. La curatrice della mostra, che sar\u00e0 aperta al pubblico presso la Galleria Monfort dal 4 aprile al 25 maggio 2025, \u00e8 Stephanie Per\u0161i\u0107, mentre gli espositori sono: Alex Brajkovi\u0107, Eni Bla\u0161kovi\u0107, Glorija Blazin\u0161ek, Meri Files, Alison Iva\u0161i\u0107, Anja Juri\u010di\u0107, Gaia Radi\u0107, Gea Raji\u0107, Marina Raj\u0161i\u0107, Dora Ramljak and Nina Turina, and Karmen Bradovent.<\/span><\/p>\n<p><a href=\"https:\/\/www.obalne-galerije.si\/it\/intrecci-porte-aperte-2024\/\"><span style=\"font-weight: 400;\">Maggiori informazioni al link \u2026<\/span><\/a><\/p>\n<hr \/>\n<p>&nbsp;<\/p>\n<p><b>Inaugurazione della mostra di Bojan Mijatovi\u010d presso la Galleria Meduza a Capodistria<\/b><\/p>\n<p><span style=\"font-weight: 400;\">Alla fine di aprile, Bojan Mijatovi\u0107 esporr\u00e0 alla Galleria Meduza a Capodistria. Questa sar\u00e0 la prima mostra personale nell\u2019Istria slovena per questo autore della giovane generazione (Lubiana, 1989) di artisti visivi, che si \u00e8 recentemente trasferito a Capodistria. Mijatovi\u0107 si \u00e8 laureato in fotografia presso il VIST nel 2014 e nel 2023 ha completato la sua laurea magistrale in pittura presso l\u2019ALUO. \u00c8 attivo soprattutto nel campo della fotografia e della pittura. Egli ha presentato le sue opere in numerose mostre collettive presso le gallerie Kino \u0160i\u0161ka e Photon a Lubiana, la Layerjeva Hi\u0161a a Kranj, il Centro Culturale a Kamnik, l\u2019Atrio di Vetro del Municipio a Kranj, ecc. Tra le sue mostre personali, \u00e8 rilevante evidenziare: +MSUM, Lubiana; Der-die-das Garage \/ Gara\u017ea, Lubiana; Galleria espositiva Pe\u0161ak Night, Lubiana e Kreativna \u010detrt, Kamnik, dove \u00e8 stata esposta la sua nota serie <\/span><b><i>Animali e amici<\/i><\/b><i><span style=\"font-weight: 400;\">,<\/span><\/i><span style=\"font-weight: 400;\"> alla quale l\u2019autore ha lavorato in periodo diversi. Una reinterpretazione dei frammenti di immagini di animali dal ciclo sopracitato sar\u00e0 altrettanto esposta presso la galleria di Capodistria dal 25 aprile fino al 7 giugno 2025. <\/span><\/p>\n<p><a href=\"https:\/\/www.obalne-galerije.si\/it\/bojan-mijatovic-animali-e-amici\/\"><span style=\"font-weight: 400;\">Maggiori informazioni al link \u2026<\/span><\/a><\/p>\n<hr \/>\n<p>&nbsp;<\/p>\n<p><b>In mostra negli spazi espositivi delle Gallerie Costiere Pirano<\/b><\/p>\n<p><span style=\"font-weight: 400;\">La <\/span><b>Galleria Loggia a Capodistria<\/b><span style=\"font-weight: 400;\"> ospita la mostra collettiva <\/span><b><i>Miscellanea, storie e opere d\u2019arte dai depositi delle Gallerie Costiere Pirano<\/i><\/b><span style=\"font-weight: 400;\"> fino al 18 maggio 2025. Essa si basa sul materiale delle collezioni e, basandosi sulla documentazione museale disponibile, rivela come le opere d\u2019arte sono state acquisite. Poco pi\u00f9 di venti opere degli artisti: Luca Alinari, Mirsad Begi\u0107, Ruggero Carlesso, Braco Dimitrijevi\u0107, Enej Gala, Zdenko Huzjan, Jaka Jera\u0161a, Matej Ko\u0161ir, Erik Lovko, Gail Clair Morris, Mimmo Paladino, Graziano Pompili, Andra\u017e \u0160alamun, Aleksander Veli\u0161\u010dek e Tilen \u017dbona, alcuni dei quali non erano mai stati esposti prima, provengono da diverse collezioni, per questo motivo le opere nella mostra sono equipaggiate con un apparato documentario che offre informazioni riguardo l\u2019opera, il suo autore e la collezione. La mostra \u00e8 una rara opportunit\u00e0 per vedere i segmenti del patrimonio artistico che sono conservati nei depositi e in qualche modo rivela l\u2019integrit\u00e0 del carattere della passata politica collezionistica delle Gallerie Costiere di Pirano. <\/span><\/p>\n<p><a href=\"https:\/\/www.obalne-galerije.si\/miscellanea-razstave\/\"><span style=\"font-weight: 400;\">Maggiori informazioni al link \u2026<\/span><\/a><\/p>\n<hr \/>\n<p>&nbsp;<\/p>\n<p><span style=\"font-weight: 400;\">La mostra collettiva intitolata <\/span><b><i>Pittrici dalle collezioni delle Gallerie Costiere di Pirano <\/i><\/b><span style=\"font-weight: 400;\">\u00e8 allestita presso la <\/span><b>Galleria Meduza a Capodistria <\/b><span style=\"font-weight: 400;\">fino al 13 aprile 2025. Include opere di pittrici di diverse generazioni del Litorale. Sono accomunate dal loro status nelle collezioni, dal genere e dall&#8217;affiliazione alla regione dalla quale le artiste provengono e nella quale creano. Le sette artiste \u2500 Mira Li\u010den, Majda Skrinar, Fulvia Grbac, Beti Bricelj, Joni Zakonj\u0161ek, Lara Jeranko Marconi, and Ira Niero Maru\u0161i\u010d \u2013 sono presentate con dipinti, opere su carta e grafiche dalle collezioni d\u2019arte delle Gallerie Costiere Pirano. Tutte le opere esposte sono accompagnate da note critiche, scritte da Brane Kovi\u010d, \u017diga Dobnikar, Andrej Medved, Nives Marvin e Majda Bo\u017eeglav Japelj. La mostra \u00e8 accompagnata dalla brochure con le riproduzioni e il testo critico della curatrice Tatjana Sirk, che sar\u00e0 presentata all\u2019incontro con le artiste e critico d\u2019arte Andrej Medved sabato, 22 marzo 2025, alle ore 11 presso la Galleria Meduza. <\/span><\/p>\n<p><a href=\"https:\/\/www.obalne-galerije.si\/primorske-slikarke-iz-zbirk-obalnih-galerij-piran\/\"><span style=\"font-weight: 400;\">Maggiori informazioni al link \u2026<\/span><\/a><\/p>\n<hr \/>\n<p>&nbsp;<\/p>\n<p><span style=\"font-weight: 400;\">La <\/span><b>Galleria Civica Pirano<\/b><span style=\"font-weight: 400;\"> presenta la mostra personale intitolata <\/span><b><i>Nostalgia<\/i><\/b><span style=\"font-weight: 400;\"> dell\u2019affermato artista del Litorale <\/span><b>Gani Llalloshi<\/b><span style=\"font-weight: 400;\">. Composizioni floreali su grandi tele pulsano in una fioritura lussureggiante e riempiono l\u2019intero spazio della galleria. I dipinti nascondono motivi di Andy Warhol, la vegetazione art nouveau di Klimt e l\u2019arte popolare dai ricordi d\u2019infanzia. Tutto questo risuona in una tavolozza di colori ricca e intensa. La confessione pittorica di Llalloshi invita lo spettatore nel suo mondo intimo, all\u2019interno del cerchio della sua famiglia, dove l\u2019artista, sua moglie e loro figlia si incontrano in immagini oniriche. In mostra fino al 4 maggio 2025. <\/span><\/p>\n<p><a href=\"https:\/\/www.obalne-galerije.si\/gani-llalloshi-nostalgije\/\"><span style=\"font-weight: 400;\">Maggiori informazioni al link \u2026<\/span><\/a><\/p>\n<hr \/>\n<p>&nbsp;<\/p>\n<p><b>Attivit\u00e0 pedagogico-andragogiche<\/b><b>\u00a0<\/b><\/p>\n<p><span style=\"font-weight: 400;\">Come parte del progetto creativo con il titolo provvisorio <\/span><b><i>Quando una linea compare (in mostra con un pittore)<\/i><\/b><span style=\"font-weight: 400;\">, che consister\u00e0 in workshop e una mostra finale, i partecipanti di tutte le et\u00e0 potranno conoscere il variegato mondo dei motivi del pittore piranese Herman Pe\u010dari\u010d. L\u2019artista visse e cre\u00f2 a Pirano per molti anni. Egli amava il paesaggio istriano e le citt\u00e0 sul mare, motivo per cui egli don\u00f2 pi\u00f9 di un centinaio di dipinti, stampe e disegni a Pirano, che sono ora tenuti nella galleria che porta il suo nome. Per disegnare usava soprattutto la matita, inchiostro, carboncino e gesso.<\/span><\/p>\n<p><span style=\"font-weight: 400;\">Con una linea vivace, morbida, curva, sottile, dritta\u2026 egli riusciva a enfatizzare abilmente il carattere e di catturare l\u2019essenza dell\u2019immagine. Ci immergeremo nei suoi mondi, paesaggi, strade cittadine, piazze, ritratti, animali e momenti di vita quotidiana. Con l\u2019aiuto di strumenti da disegno, proveremo a disegnare le nostre immagini e scopriremo quanto possiamo esprimere con semplici linee. I laboratori si svolgeranno presso la Galleria Herman Pe\u010dari\u010d dal primo aprile al 18 maggio e si concluderanno con una mostra.<\/span><\/p>\n","protected":false},"excerpt":{"rendered":"<p>Inaugurazione della mostra Intrecci presso la Galleria Monfort a Portoro\u017e Il Programma espositivo 2025 presso la Galleria Monfort a Portoro\u017e si apre con l\u2019introduzione del primo dei due progetti vincitori dello scorso anno del bando pubblico Odprta vrata (Porte aperte). La mostra collettiva intitolata Intrecci presenter\u00e0 12 artisti istriani appartenenti alla giovane generazione. Sono tutti<\/p>\n","protected":false},"author":4,"featured_media":23849,"comment_status":"closed","ping_status":"closed","sticky":false,"template":"","format":"standard","meta":{"footnotes":""},"categories":[48],"tags":[],"class_list":["post-23848","post","type-post","status-publish","format-standard","has-post-thumbnail","hentry","category-notizie"],"acf":[],"_links":{"self":[{"href":"https:\/\/www.obalne-galerije.si\/it\/wp-json\/wp\/v2\/posts\/23848","targetHints":{"allow":["GET"]}}],"collection":[{"href":"https:\/\/www.obalne-galerije.si\/it\/wp-json\/wp\/v2\/posts"}],"about":[{"href":"https:\/\/www.obalne-galerije.si\/it\/wp-json\/wp\/v2\/types\/post"}],"author":[{"embeddable":true,"href":"https:\/\/www.obalne-galerije.si\/it\/wp-json\/wp\/v2\/users\/4"}],"replies":[{"embeddable":true,"href":"https:\/\/www.obalne-galerije.si\/it\/wp-json\/wp\/v2\/comments?post=23848"}],"version-history":[{"count":1,"href":"https:\/\/www.obalne-galerije.si\/it\/wp-json\/wp\/v2\/posts\/23848\/revisions"}],"predecessor-version":[{"id":23852,"href":"https:\/\/www.obalne-galerije.si\/it\/wp-json\/wp\/v2\/posts\/23848\/revisions\/23852"}],"wp:featuredmedia":[{"embeddable":true,"href":"https:\/\/www.obalne-galerije.si\/it\/wp-json\/wp\/v2\/media\/23849"}],"wp:attachment":[{"href":"https:\/\/www.obalne-galerije.si\/it\/wp-json\/wp\/v2\/media?parent=23848"}],"wp:term":[{"taxonomy":"category","embeddable":true,"href":"https:\/\/www.obalne-galerije.si\/it\/wp-json\/wp\/v2\/categories?post=23848"},{"taxonomy":"post_tag","embeddable":true,"href":"https:\/\/www.obalne-galerije.si\/it\/wp-json\/wp\/v2\/tags?post=23848"}],"curies":[{"name":"wp","href":"https:\/\/api.w.org\/{rel}","templated":true}]}}