{"id":23828,"date":"2025-03-06T16:41:43","date_gmt":"2025-03-06T15:41:43","guid":{"rendered":"https:\/\/www.obalne-galerije.si\/?p=23828"},"modified":"2025-04-30T19:29:37","modified_gmt":"2025-04-30T17:29:37","slug":"bojan-mijatovic-animali-e-amici","status":"publish","type":"post","link":"https:\/\/www.obalne-galerije.si\/it\/bojan-mijatovic-animali-e-amici\/","title":{"rendered":"BOJAN MIJATOVI\u0106: ANIMALI E AMICI"},"content":{"rendered":"<p><section class=\"kc-elm kc-css-591890 kc_row\"><div class=\"kc-row-container  kc-container\"><div class=\"kc-wrap-columns\"><div class=\"kc-elm kc-css-622762 kc_col-sm-12 kc_column kc_col-sm-12\"><div class=\"kc-col-container\"><\/div><\/div><\/div><\/div><\/section><section class=\"kc-elm kc-css-100002 kc_row\"><div class=\"kc-row-container  kc-container\"><div class=\"kc-wrap-columns\"><div class=\"kc-elm kc-css-27950 kc_col-sm-6 kc_column kc_col-sm-6\"><div class=\"kc-col-container\"><div class=\"kc-elm kc-css-149387 kc_text_block\"><\/p>\n<p><strong>Bojan Mijatovi\u0107: Animali e amici |\u00a0<\/strong><br \/><strong>foto, disegni, dipinti &#038; oggetti &#8211;\u00a0<\/strong><\/p>\n<p><strong>Galleria Medusa, Capodistria, 25.04.25-7.06.2025; <\/strong><br \/><strong>inaugurazione: venerd\u00ec, 25. 4. 2025, alle ore 19 |\u00a0<\/strong><\/p>\n<p><strong>Curatrice: Majda Bo\u017eeglav Japelj<\/strong><\/p>\n<p><!--more--><\/p>\n<p>\n<\/div><div class=\"kc-elm kc-css-966681 kc_shortcode kc_single_image\">\n\n        <img decoding=\"async\" src=\"https:\/\/www.obalne-galerije.si\/wp-content\/uploads\/2025\/03\/Krava_naslovnica_645-scaled.jpg\" class=\"\" alt=\"\" \/>    <\/div>\n<div class=\"kc-elm kc-css-338702 kc_shortcode kc_single_image\">\n\n        <img decoding=\"async\" src=\"https:\/\/www.obalne-galerije.si\/wp-content\/uploads\/2025\/03\/Konj_naslovnica_645-scaled.jpg\" class=\"\" alt=\"\" \/>    <\/div>\n<div class=\"kc-elm kc-css-192085\" style=\"height: 20px; clear: both; width:100%;\"><\/div><\/div><\/div><div class=\"kc-elm kc-css-304632 kc_col-sm-6 kc_column kc_col-sm-6\"><div class=\"kc-col-container\"><div class=\"kc-elm kc-css-370356 kc_text_block\"><\/p>\n<p><b>Bojan Mijatovi\u0107 <\/b><span style=\"font-weight: 400;\">(Lubiana, 1989), rappresentante della giovane generazione di artisti visivi sloveni, si \u00e8 laureato in fotografia presso la Facolt\u00e0 di Scienze Applicate di Lubiana (VIST) nel 2014. Nel 2023 ivi ha completato anche il master in pittura presso l&#039;Accademia di Belle Arti e design. Ha presentato le sue opere in numerose mostre collettive e personali, tra cui +MSUM; <\/span><i><span style=\"font-weight: 400;\">Der-die-das Garage \/<\/span><\/i><span style=\"font-weight: 400;\"> Il garage; Galleria espositiva notturna Pe\u0161ak a Lubiana e Quartiere creativo a Kamnik. In quest\u2019ultimo ha esposto la sua popolare serie Animali e amici, che ora propone in una versione completamente nuova alla Galleria Medusa di Capodistria.<\/span><\/p>\n<p><span style=\"font-weight: 400;\">La raffigurazione degli animali \u00e8 antica quanto la pittura ovvero le arti figurative.\u00a0 Dalle pitture rupestri preistoriche di Altamira in Spagna o di Lascaux in Francia alle creazioni pi\u00f9 recenti, le immagini di animali parlavano del loro tempo, di come si viveva e della corrente visione del mondo. La presenza di animali in altri motivi (ritratti, scene di genere, paesaggi, ecc.) era interessante non solo perch\u00e9 rappresentava un&#039;aggiunta attraente ma anche per il corpo indomabile dell&#039;animale che, rispetto al corpo umano, consentiva l&#039;utilizzo di una gamma pi\u00f9 ampia di elementi artistici.\u00a0 Molto spesso i personaggi animali assumevano caratteristiche completamente umane, il che rafforzava ulteriormente il loro messaggio; tale approccio affascina anche gli artisti del nostro tempo.<\/span><\/p>\n<p><span style=\"font-weight: 400;\">Anche nell\u2019arte di Bojan Mijatovi\u0107 sono spesso presenti immagini di animali. Per lui sono fonte di ispirazione e sperimentazione per installazioni pubbliche nuove e diverse.<\/span><\/p>\n<p><span style=\"font-weight: 400;\">Gi\u00e0 con il titolo, l&#039;artista propone una riflessione su vari aspetti del rapporto tra esseri umani e animali. Il punto di partenza potrebbe essere il detto secondo cui l&#039;animale \u00e8 il migliore amico dell&#039;uomo e viceversa. Si tratta senza dubbio di un gioco di significati e metafore multistrato. Possono essere semplici, quando l&#039;autore &#8220;disegna\" figure del mondo animale con semplice ed evidente chiarezza, ma anche enigmatiche, quando le colloca in dimensioni surreali, temporalmente e spazialmente indefinite. Il gioco e la manipolazione con tecniche di pittura, disegno, i processi di riproduzione, ritaglio e assemblaggio di opere pi\u00f9 vecchie in nuovi insiemi semantici, \u00e8 un <\/span><i><span style=\"font-weight: 400;\">modus operandi<\/span><\/i><span style=\"font-weight: 400;\"> raffinato con cui mette alla prova e aggiorna i propri presupposti estetici e semantici. Il tutto nello spirito dell&#039;eredit\u00e0 di quei movimenti d&#039;avanguardia che, nella storia recente, hanno trasceso i confini dell&#039;arte tradizionale con espressioni stravaganti, umoristiche, satiriche e libere. Nelle sue opere, le specificit\u00e0 elencate si riflettono in alcune affinit\u00e0 formali, nell&#039;inclusione di oggetti reali e nella loro vivida presentazione. E nel farlo, sa attrarre l&#039;osservatore non solo con l&#039;immagine, ma anche con titoli semplici, forse persino banali e ovvi. Non sorprendono pertanto anche le coniazioni intelligenti (Il Combattente per la libert\u00e0 ovvero L&#039;esperimento della mucca) che mettono alla prova la capacit\u00e0 dell&#039;osservatore di comprendere il contesto pi\u00f9 ampio. Ma forse, nel suo ruolo di creatore onnipotente, l&#039;artista desidera incoraggiare un modo diverso di percepire il mondo, il nostro ambiente e tutti gli esseri viventi in esso, compreso l\u2019uomo&#8230;<\/span><\/p>\n<\/p>\n<p><b>Dott.ssa Ric. Majda Bo\u017eeglav Japelj<\/b><\/p>\n<p>\n<\/div><\/div><\/div><\/div><\/div><\/section><\/p>\n","protected":false},"excerpt":{"rendered":"<p>Bojan Mijatovi\u0107: Animali e amici |\u00a0foto, disegni, dipinti &#038; oggetti &#8211;\u00a0 Galleria Medusa, Capodistria, 25.04.25-7.06.2025; inaugurazione: venerd\u00ec, 25. 4. 2025, alle ore 19 |\u00a0 Curatrice: Majda Bo\u017eeglav Japelj<\/p>\n","protected":false},"author":4,"featured_media":23893,"comment_status":"closed","ping_status":"closed","sticky":false,"template":"","format":"standard","meta":{"footnotes":""},"categories":[38,80,48],"tags":[],"class_list":["post-23828","post","type-post","status-publish","format-standard","has-post-thumbnail","hentry","category-galleria-meduza","category-mostre","category-notizie"],"acf":[],"_links":{"self":[{"href":"https:\/\/www.obalne-galerije.si\/it\/wp-json\/wp\/v2\/posts\/23828","targetHints":{"allow":["GET"]}}],"collection":[{"href":"https:\/\/www.obalne-galerije.si\/it\/wp-json\/wp\/v2\/posts"}],"about":[{"href":"https:\/\/www.obalne-galerije.si\/it\/wp-json\/wp\/v2\/types\/post"}],"author":[{"embeddable":true,"href":"https:\/\/www.obalne-galerije.si\/it\/wp-json\/wp\/v2\/users\/4"}],"replies":[{"embeddable":true,"href":"https:\/\/www.obalne-galerije.si\/it\/wp-json\/wp\/v2\/comments?post=23828"}],"version-history":[{"count":4,"href":"https:\/\/www.obalne-galerije.si\/it\/wp-json\/wp\/v2\/posts\/23828\/revisions"}],"predecessor-version":[{"id":24257,"href":"https:\/\/www.obalne-galerije.si\/it\/wp-json\/wp\/v2\/posts\/23828\/revisions\/24257"}],"wp:featuredmedia":[{"embeddable":true,"href":"https:\/\/www.obalne-galerije.si\/it\/wp-json\/wp\/v2\/media\/23893"}],"wp:attachment":[{"href":"https:\/\/www.obalne-galerije.si\/it\/wp-json\/wp\/v2\/media?parent=23828"}],"wp:term":[{"taxonomy":"category","embeddable":true,"href":"https:\/\/www.obalne-galerije.si\/it\/wp-json\/wp\/v2\/categories?post=23828"},{"taxonomy":"post_tag","embeddable":true,"href":"https:\/\/www.obalne-galerije.si\/it\/wp-json\/wp\/v2\/tags?post=23828"}],"curies":[{"name":"wp","href":"https:\/\/api.w.org\/{rel}","templated":true}]}}