{"id":22915,"date":"2024-11-29T14:23:27","date_gmt":"2024-11-29T13:23:27","guid":{"rendered":"https:\/\/www.obalne-galerije.si\/?p=22915"},"modified":"2024-11-29T14:23:47","modified_gmt":"2024-11-29T13:23:47","slug":"giornata-della-cultura","status":"publish","type":"post","link":"https:\/\/www.obalne-galerije.si\/it\/giornata-della-cultura\/","title":{"rendered":"Giornata della Cultura"},"content":{"rendered":"<p>Marted\u00ec, 3 dicembre celebriamo Questo allegro giorno della cultura, in memoria dell\u2019anniversario di nascita del pi\u00f9 grande poeta sloveno France Pre\u0161eren.\u00a0Anche quest\u2019anno le Gallerie Costiere di Pirano si uniscono alla celebrazione di questo giorno speciale offrendo l\u2019ingresso gratuito in tutte le gallerie, dove siete cordialmente invitati.<\/p>\n<p>Galleria Civica di Pirano: Ex-tempore 10 &amp; Ex-tempore 2024<\/p>\n<p>Galleria Herman Pe\u010dari\u010d: Bogdan Bogdanovi\u0107 &#8211; Necropoli<\/p>\n<p>Galleria Monfort: Jaka Ivan\u010di\u010d \u2013 Sinfonia di vedute<\/p>\n<p>Galleria Lo\u017ea: Borut Popenko \u2013 Aperture<\/p>\n","protected":false},"excerpt":{"rendered":"<p>Marted\u00ec, 3 dicembre celebriamo Questo allegro giorno della cultura, in memoria dell\u2019anniversario di nascita del pi\u00f9 grande poeta sloveno France Pre\u0161eren.\u00a0Anche quest\u2019anno le Gallerie Costiere di Pirano si uniscono alla celebrazione di questo giorno speciale offrendo l\u2019ingresso gratuito in tutte le gallerie, dove siete cordialmente invitati. Galleria Civica di Pirano: Ex-tempore 10 &amp; Ex-tempore 2024<\/p>\n","protected":false},"author":4,"featured_media":22910,"comment_status":"closed","ping_status":"closed","sticky":false,"template":"","format":"standard","meta":{"footnotes":""},"categories":[34,48],"tags":[],"class_list":["post-22915","post","type-post","status-publish","format-standard","has-post-thumbnail","hentry","category-eventi","category-notizie"],"acf":[],"_links":{"self":[{"href":"https:\/\/www.obalne-galerije.si\/it\/wp-json\/wp\/v2\/posts\/22915","targetHints":{"allow":["GET"]}}],"collection":[{"href":"https:\/\/www.obalne-galerije.si\/it\/wp-json\/wp\/v2\/posts"}],"about":[{"href":"https:\/\/www.obalne-galerije.si\/it\/wp-json\/wp\/v2\/types\/post"}],"author":[{"embeddable":true,"href":"https:\/\/www.obalne-galerije.si\/it\/wp-json\/wp\/v2\/users\/4"}],"replies":[{"embeddable":true,"href":"https:\/\/www.obalne-galerije.si\/it\/wp-json\/wp\/v2\/comments?post=22915"}],"version-history":[{"count":2,"href":"https:\/\/www.obalne-galerije.si\/it\/wp-json\/wp\/v2\/posts\/22915\/revisions"}],"predecessor-version":[{"id":22917,"href":"https:\/\/www.obalne-galerije.si\/it\/wp-json\/wp\/v2\/posts\/22915\/revisions\/22917"}],"wp:featuredmedia":[{"embeddable":true,"href":"https:\/\/www.obalne-galerije.si\/it\/wp-json\/wp\/v2\/media\/22910"}],"wp:attachment":[{"href":"https:\/\/www.obalne-galerije.si\/it\/wp-json\/wp\/v2\/media?parent=22915"}],"wp:term":[{"taxonomy":"category","embeddable":true,"href":"https:\/\/www.obalne-galerije.si\/it\/wp-json\/wp\/v2\/categories?post=22915"},{"taxonomy":"post_tag","embeddable":true,"href":"https:\/\/www.obalne-galerije.si\/it\/wp-json\/wp\/v2\/tags?post=22915"}],"curies":[{"name":"wp","href":"https:\/\/api.w.org\/{rel}","templated":true}]}}