{"id":21936,"date":"2024-08-13T09:01:09","date_gmt":"2024-08-13T07:01:09","guid":{"rendered":"https:\/\/www.obalne-galerije.si\/?p=21936"},"modified":"2024-11-04T11:28:48","modified_gmt":"2024-11-04T10:28:48","slug":"mostre-dellex-tempore-pirano-2024","status":"publish","type":"post","link":"https:\/\/www.obalne-galerije.si\/it\/mostre-dellex-tempore-pirano-2024\/","title":{"rendered":"MOSTRE DELL&#8217;EX-TEMPORE PIRANO 2024"},"content":{"rendered":"<p><section class=\"kc-elm kc-css-650068 kc_row\"><div class=\"kc-row-container  kc-container\"><div class=\"kc-wrap-columns\"><div class=\"kc-elm kc-css-40707 kc_col-sm-12 kc_column kc_col-sm-12\"><div class=\"kc-col-container\"><\/div><\/div><\/div><\/div><\/section><section class=\"kc-elm kc-css-740149 kc_row\"><div class=\"kc-row-container  kc-container\"><div class=\"kc-wrap-columns\"><div class=\"kc-elm kc-css-933870 kc_col-sm-6 kc_column kc_col-sm-6\"><div class=\"kc-col-container\"><div class=\"kc-elm kc-css-553552 kc_shortcode kc_single_image\">\n\n        <img decoding=\"async\" src=\"https:\/\/www.obalne-galerije.si\/wp-content\/uploads\/2024\/09\/4H1A9073-scaled.jpg\" class=\"\" alt=\"\" \/>    <\/div>\n<div class=\"kc-elm kc-css-734283 kc_shortcode kc_single_image\">\n\n        <img decoding=\"async\" src=\"https:\/\/www.obalne-galerije.si\/wp-content\/uploads\/2024\/09\/4H1A9083-scaled.jpg\" class=\"\" alt=\"\" \/>    <\/div>\n<div class=\"kc-elm kc-css-210577\" style=\"height: 20px; clear: both; width:100%;\"><\/div>\n<div class=\"kc-elm kc-css-719287\">\n\t<a class=\"kc_button\" href=\"https:\/\/www.obalne-galerije.si\/wp-content\/uploads\/2024\/09\/EX-seznam-24-1.pdf\" target=\"_blank\" title=\"\" onclick=\"\">\n\t\t<i class=\"sl-paper-clip\"><\/i> ELENCO OPERE ESPOSTE\t<\/a>\n<\/div>\n<div class=\"kc-elm kc-css-790659\" style=\"height: 20px; clear: both; width:100%;\"><\/div><\/div><\/div><div class=\"kc-elm kc-css-978187 kc_col-sm-6 kc_column kc_col-sm-6\"><div class=\"kc-col-container\"><div class=\"kc-elm kc-css-665575 kc_text_block\"><\/p>\n<p>Quest&#8217;anno, le esposizioni dell&#8217;Ex-tempore Pirano 2024 si potranno visitare in due localit\u00e0, a Pirano e a Portorose.<\/p>\n<p><!--more--><\/p>\n<\/p>\n<hr>\n<p><strong>Galleria civica Pirano<\/strong>, <strong>7.09.24\u20131.12.2024 |<br \/><\/strong><strong>EX-TEMPORE PIRANO 2024 &amp; EX-TEMPORE 10<\/strong><\/p>\n<p>Nella Galleria Civica di Pirano verranno allestite due mostre: al primo piano le opere premiate dei passati ex-tempore provenienti dalle collezioni delle GCP 2014-2024, al secondo piano i vincitori dell&#8217;edizione di quest&#8217;anno.<\/p>\n<p><strong>EX-TEMPORE 10, opere premiate dalle collezioni delle GCP 2014-2024 <\/strong><\/p>\n<p><em>Mostra colletiva: Katja Bedna\u0159ik Sudec, Barbara Cetina, Klavdija Jer\u0161inovec, Tihana Karlovi\u0107, Jani Ivan Konec, Tina Konec, Nina Ko\u017eelj, Bla\u017eka Kri\u017ean, Matic Mo\u0161kon, Lara Papov, Renata Pentek \u2013 \u0160imokovi\u0107, Tara Rubini\u0107, Monika Slemc Klav\u017ear, Nicola Tomasi, Kaja Urh, Miriam Elettra Vaccari, Simon Vovk, Jure Zrim\u0161ek, Ulla \u017dibert.<\/em><\/p>\n<p>Curatrice: Janja Kralj<\/p>\n<p><em>EX-TEMPORE 10<\/em>, mette in risalto le opere premiate degli ultimi dieci anni &#8211; Grand Prix e Premio giovani &#8211; che le Gallerie Costiere di Pirano conservano nelle loro collezioni. Nella selezione sono incluse anche le opere premiate dell&#8217;edizione di quest&#8217;anno. Il materiale artistico esposto, che segue un ordine cronologico, \u00e8 integrato da un ricco apparato documentario con le motivazioni scritte delle giurie internazionali. La composizione variegata della giuria (artisti, curatori, storici dell&#8217;arte, personaggi noti del mondo delle arti visive) garantisce un alto livello di discorso professionale nella valutazione e nella selezione finale.<\/p>\n<p>La sintesi degli eventi di questa manifestazione mostra che la pittura classica non \u00e8 necessariamente il mezzo pi\u00f9 popolare, poich\u00e9 tra le opere vincitrici dell&#8217;ultimo decennio sono ben rappresentate anche altre tecniche non tradizionali, come il ricamo (ago da cucito) e il collage (sacchetti di zucchero, fiammiferi&#8230;). Si \u00e8 inoltre scoperto che tra i vincitori del premio le autrici sono in testa, ce ne sono quindici in totale, sette per il Grand Prix e otto per il Premio giovani. Solo due artisti maschi sono tra i giovani vincitori negli ultimi dieci anni. Il numero dei premiati provenienti dalla Slovenia \u00e8 abbastanza elevato (14) e solo in cinque casi i vincitori di entrambi i premi sono autori provenienti dall&#8217;estero.<\/p>\n<p>L&#8217;anno scorso (2023), l&#8217;aumento dell&#8217;importo assegnato al destinatario del premio principale ha avuto una risonanza positiva come novit\u00e0. Questa mossa voleva essere un ulteriore incentivo per artisti e collezionisti, poich\u00e9 con l&#8217;aumento del premio in denaro ci si pu\u00f2 aspettare un aumento della qualit\u00e0, una selezione pi\u00f9 varia delle opere e un aumento del numero dei partecipanti. Quest&#8217;ultimo probabilmente ha contribuito al fatto che l&#8217;anno scorso abbiamo registrato il maggior numero di studenti di accademie e di altre istituzioni artistiche tra i partecipanti negli ultimi dieci anni.<\/p>\n<p>I nomi dei vincitori di quest&#8217;anno verranno aggiunti successivamente all&#8217;elenco dei partecipanti alla mostra collettiva.<\/p>\n<p>Nell&#8217;ambito della mostra EX-TEMPORE 10, la Galleria civica di Pirano ospiter\u00e0 in autunno anche un ricco programma pubblico di accompagnamento, che sar\u00e0 dedicato alle esperienze legate all&#8217;ex-tempore di Pirano nell&#8217;ultimo decennio e alla comprensione del mezzo pittorico ai giorni nostri. Maggiori informazioni sul programma di accompagnamento verranno pubblicate a settembre.<\/p>\n<\/p>\n<hr>\n<p><strong>Sala in legno Monfort, Portorose<\/strong>, <strong>7. 9. \u201329. 9. 2024 |<br \/><\/strong><strong>EX-TEMPORE PIRANO 2024 &amp; EX-TEMPORE MUSA MEDUSA 2024<\/strong><\/p>\n<p>Nella Sala in legno Monfort a Portorose saranno esposte fino al 29 settembre tutte le altre opere che la giuria di esperti internazionali avr\u00e0 incluso nella breve selezione dell&#8217;Ex-tempore di Pirano di quest&#8217;anno. Contemporaneamente saranno esposte anche le creazioni&nbsp; che i bambini realizzeranno all&#8217;Ex-tempore Musa Medusa 2024.<\/p>\n<p><strong>&nbsp;<\/strong><\/p>\n<p>\n<\/div><\/div><\/div><\/div><\/div><\/section><\/p>\n","protected":false},"excerpt":{"rendered":"<p>Quest&#8217;anno, le esposizioni dell&#8217;Ex-tempore Pirano 2024 si potranno visitare in due localit\u00e0, a Pirano e a Portorose.<\/p>\n","protected":false},"author":4,"featured_media":22031,"comment_status":"closed","ping_status":"closed","sticky":false,"template":"","format":"standard","meta":{"footnotes":""},"categories":[46,44,80,48],"tags":[],"class_list":["post-21936","post","type-post","status-publish","format-standard","has-post-thumbnail","hentry","category-galleria-civica","category-galleria-monfort","category-mostre","category-notizie"],"acf":[],"_links":{"self":[{"href":"https:\/\/www.obalne-galerije.si\/it\/wp-json\/wp\/v2\/posts\/21936","targetHints":{"allow":["GET"]}}],"collection":[{"href":"https:\/\/www.obalne-galerije.si\/it\/wp-json\/wp\/v2\/posts"}],"about":[{"href":"https:\/\/www.obalne-galerije.si\/it\/wp-json\/wp\/v2\/types\/post"}],"author":[{"embeddable":true,"href":"https:\/\/www.obalne-galerije.si\/it\/wp-json\/wp\/v2\/users\/4"}],"replies":[{"embeddable":true,"href":"https:\/\/www.obalne-galerije.si\/it\/wp-json\/wp\/v2\/comments?post=21936"}],"version-history":[{"count":4,"href":"https:\/\/www.obalne-galerije.si\/it\/wp-json\/wp\/v2\/posts\/21936\/revisions"}],"predecessor-version":[{"id":22502,"href":"https:\/\/www.obalne-galerije.si\/it\/wp-json\/wp\/v2\/posts\/21936\/revisions\/22502"}],"wp:featuredmedia":[{"embeddable":true,"href":"https:\/\/www.obalne-galerije.si\/it\/wp-json\/wp\/v2\/media\/22031"}],"wp:attachment":[{"href":"https:\/\/www.obalne-galerije.si\/it\/wp-json\/wp\/v2\/media?parent=21936"}],"wp:term":[{"taxonomy":"category","embeddable":true,"href":"https:\/\/www.obalne-galerije.si\/it\/wp-json\/wp\/v2\/categories?post=21936"},{"taxonomy":"post_tag","embeddable":true,"href":"https:\/\/www.obalne-galerije.si\/it\/wp-json\/wp\/v2\/tags?post=21936"}],"curies":[{"name":"wp","href":"https:\/\/api.w.org\/{rel}","templated":true}]}}