{"id":19855,"date":"2023-12-19T19:45:53","date_gmt":"2023-12-19T18:45:53","guid":{"rendered":"https:\/\/www.obalne-galerije.si\/?p=19855"},"modified":"2024-11-18T20:27:58","modified_gmt":"2024-11-18T19:27:58","slug":"hannes-zebedin-cessate-il-fuoco","status":"publish","type":"post","link":"https:\/\/www.obalne-galerije.si\/it\/hannes-zebedin-cessate-il-fuoco\/","title":{"rendered":"HANNES ZEBEDIN: CESSATE IL FUOCO"},"content":{"rendered":"<p><section class=\"kc-elm kc-css-679634 kc_row\"><div class=\"kc-row-container  kc-container\"><div class=\"kc-wrap-columns\"><div class=\"kc-elm kc-css-747312 kc_col-sm-12 kc_column kc_col-sm-12\"><div class=\"kc-col-container\"><\/div><\/div><\/div><\/div><\/section><section class=\"kc-elm kc-css-608172 kc_row\"><div class=\"kc-row-container  kc-container\"><div class=\"kc-wrap-columns\"><div class=\"kc-elm kc-css-769606 kc_col-sm-6 kc_column kc_col-sm-6\"><div class=\"kc-col-container\"><div class=\"kc-elm kc-css-86477 kc_text_block\"><\/p>\n<p><strong>HANNES ZEBEDIN: CESSATE IL FUOCO |\u00a0<br \/><\/strong><strong>Installazione spaziale | 25.01.24 &#8211; 5.04.24 |\u00a0<\/strong><\/p>\n<p><strong>A cura di: Ana Pape\u017e, Nives Marvin | <\/strong><strong>Galleria Herman Pe\u010dari\u010d, Pirano &#8211;\u00a0<br \/><\/strong><strong style=\"font-style: inherit; font-family: -apple-system, BlinkMacSystemFont, \" segoe=\"\" ui\",=\"\" roboto,=\"\" oxygen-sans,=\"\" ubuntu,=\"\" cantarell,=\"\" \"helvetica=\"\" neue\",=\"\" sans-serif;\"=\"\">Inaugurazione: gioved\u00ec 25.01.2024 alle ore 18 |\u00a0<\/strong><\/p>\n<p><strong>Bando pubblico OGP Porte Aperte 2023<\/strong><strong>\u00a0<\/strong><!--more--><\/p>\n<\/p>\n<p>\n<\/div><div class=\"kc-elm kc-css-919241\" style=\"height: 20px; clear: both; width:100%;\"><\/div><div class=\"kc-elm kc-css-31016 kc_shortcode kc_single_image\">\n\n        <img decoding=\"async\" src=\"https:\/\/www.obalne-galerije.si\/wp-content\/uploads\/2023\/12\/Hannes1.jpg\" class=\"\" alt=\"\" \/>    <\/div>\n<div class=\"kc-elm kc-css-2063\" style=\"height: 20px; clear: both; width:100%;\"><\/div><\/div><\/div><div class=\"kc-elm kc-css-796143 kc_col-sm-6 kc_column kc_col-sm-6\"><div class=\"kc-col-container\"><div class=\"kc-elm kc-css-552394 kc_text_block\"><\/p>\n<p><span style=\"font-style: inherit; font-family: -apple-system, BlinkMacSystemFont, \"Segoe UI\", Roboto, Oxygen-Sans, Ubuntu, Cantarell, \"Helvetica Neue\", sans-serif;\">L&#039;artista austriaco Hannes Zebedin (1976, Lienz, Austria) ha condotto gli studi in economia e scienze politiche all&#039;Universit\u00e0 di Vienna dal 1998 al 2004 ed ha continuato gli studi in scultura performativa e installazione all&#039;Accademia di Belle Arti di Vienna dal 2003 al 2008. Ha operato, studiato e vissuto anche a Bruxelles e Citt\u00e0 del Messico. Dal 2011 espone principalmente in mostre collettive in Svizzera, Russia, Austria e Slovenia. Nel 2015 \u00e8 tornato allo stile di vita originario: la vita di villaggio. Oggi vive e lavora a Sela na Krasu, in Slovenia.<\/span><\/p>\n<p>Zebedin riflette sulla complessit\u00e0 dell&#039;ambiente naturale e sociale in cui vive e si rivolge a lui attraverso varie strategie artistiche. Come autore critico e originale, risponde alla crisi ambientale, riflette sull&#039;attuale caotico momento socio-politico globale, che egli vede come il risultato di decisioni economiche e politiche sbagliate prese in pasato. In questo senso, l&#039;artista colloca anche la propria pratica artistica nella storia del movimento delle avanguardie d&#039;arte.<\/p>\n<p>L&#039;artista si affascina e affronta alcuni temi centrali che spesso compaiono nell&#039;arte contemporanea: la critica del capitalismo, del razzismo, del colonialismo e dei femminismo. In particolare, nelle sue opere affronta il problema della mala retribuzione e della sottovalutazione degli atteggiamenti nei confronti degli operatori culturali e artisti, che nel mondo attuale non riescono a sopravvivere esercitando la loro professione nell&#039;arte.<\/p>\n<p>Presso la Galleria Herman Pe\u010dari\u010d si presenter\u00e0 attraverso una mostra personale che propone un progetto artistico il quale affronta prontamente e in maniera critica le attuali pressanti conseguenze del cambiamento climatico. Queste conseguenze si manifestano drasticamente anche nel ambiente circostante dove opera l&#039;artista. L&#039;installazione <em>Cessate il fuoco<\/em>, infatti, riflette sulle dimensioni del catastrofico incendio che ha distrutto il Carso sloveno e ha profondamente segnato la regione Litorale nell&#039;estate del 2022.<\/p>\n<p>\n<\/div><\/div><\/div><\/div><\/div><\/section><\/p>\n","protected":false},"excerpt":{"rendered":"<p>HANNES ZEBEDIN: CESSATE IL FUOCO |\u00a0Installazione spaziale | 25.01.24 &#8211; 5.04.24 |\u00a0 A cura di: Ana Pape\u017e, Nives Marvin | Galleria Herman Pe\u010dari\u010d, Pirano &#8211;\u00a0Inaugurazione: gioved\u00ec 25.01.2024 alle ore 18 |\u00a0 Bando pubblico OGP Porte Aperte 2023\u00a0<\/p>\n","protected":false},"author":4,"featured_media":22648,"comment_status":"closed","ping_status":"closed","sticky":false,"template":"","format":"standard","meta":{"footnotes":""},"categories":[34,40,80,48],"tags":[],"class_list":["post-19855","post","type-post","status-publish","format-standard","has-post-thumbnail","hentry","category-eventi","category-galleria-herman-pecaric","category-mostre","category-notizie"],"acf":[],"_links":{"self":[{"href":"https:\/\/www.obalne-galerije.si\/it\/wp-json\/wp\/v2\/posts\/19855","targetHints":{"allow":["GET"]}}],"collection":[{"href":"https:\/\/www.obalne-galerije.si\/it\/wp-json\/wp\/v2\/posts"}],"about":[{"href":"https:\/\/www.obalne-galerije.si\/it\/wp-json\/wp\/v2\/types\/post"}],"author":[{"embeddable":true,"href":"https:\/\/www.obalne-galerije.si\/it\/wp-json\/wp\/v2\/users\/4"}],"replies":[{"embeddable":true,"href":"https:\/\/www.obalne-galerije.si\/it\/wp-json\/wp\/v2\/comments?post=19855"}],"version-history":[{"count":4,"href":"https:\/\/www.obalne-galerije.si\/it\/wp-json\/wp\/v2\/posts\/19855\/revisions"}],"predecessor-version":[{"id":22651,"href":"https:\/\/www.obalne-galerije.si\/it\/wp-json\/wp\/v2\/posts\/19855\/revisions\/22651"}],"wp:featuredmedia":[{"embeddable":true,"href":"https:\/\/www.obalne-galerije.si\/it\/wp-json\/wp\/v2\/media\/22648"}],"wp:attachment":[{"href":"https:\/\/www.obalne-galerije.si\/it\/wp-json\/wp\/v2\/media?parent=19855"}],"wp:term":[{"taxonomy":"category","embeddable":true,"href":"https:\/\/www.obalne-galerije.si\/it\/wp-json\/wp\/v2\/categories?post=19855"},{"taxonomy":"post_tag","embeddable":true,"href":"https:\/\/www.obalne-galerije.si\/it\/wp-json\/wp\/v2\/tags?post=19855"}],"curies":[{"name":"wp","href":"https:\/\/api.w.org\/{rel}","templated":true}]}}