{"id":19812,"date":"2023-12-17T08:00:25","date_gmt":"2023-12-17T07:00:25","guid":{"rendered":"https:\/\/www.obalne-galerije.si\/?p=19812"},"modified":"2023-12-20T17:25:21","modified_gmt":"2023-12-20T16:25:21","slug":"congratulazioni-a-marjetica-potrc-per-lalto-riconoscimento-di-stato","status":"publish","type":"post","link":"https:\/\/www.obalne-galerije.si\/it\/congratulazioni-a-marjetica-potrc-per-lalto-riconoscimento-di-stato\/","title":{"rendered":"CONGRATULAZIONI A MARJETICA POTR\u010c PER L&#8217;ALTO RICONOSCIMENTO DI STATO!"},"content":{"rendered":"<p>L&#8217;architetta e scultrice Marjetica Potr\u010d (Ljubljana, 1953), che ha tenuto una mostra personale di grande risonanza alla Galleria civica di Pirano l&#8217;anno scorso, ha ricevuto l&#8217;alto riconoscimento statale dalla Repubblica di Slovenia. L\u2019artista riceve la Medaglia per i meriti acquisiti nel corso dei decenni nel campo dell&#8217;arte, dell&#8217;antropologia e dell&#8217;ecologia, nonch\u00e9 per essere stata inserita tra i dieci artisti contemporanei pi\u00f9 importanti a livello mondiale, contribuendo cos\u00ec al riconoscimento e alla promozione della Slovenia nel mondo. La iniziativa per il prestigioso premio \u00e8 stata sostenuta attivamente anche dalle Gallerie costiere di Pirano, che si congratulano sinceramente con l&#8217;artista.<\/p>\n","protected":false},"excerpt":{"rendered":"<p>L&#8217;architetta e scultrice Marjetica Potr\u010d (Ljubljana, 1953), che ha tenuto una mostra personale di grande risonanza alla Galleria civica di Pirano l&#8217;anno scorso, ha ricevuto l&#8217;alto riconoscimento statale dalla Repubblica di Slovenia. L\u2019artista riceve la Medaglia per i meriti acquisiti nel corso dei decenni nel campo dell&#8217;arte, dell&#8217;antropologia e dell&#8217;ecologia, nonch\u00e9 per essere stata inserita<\/p>\n","protected":false},"author":4,"featured_media":19809,"comment_status":"closed","ping_status":"closed","sticky":false,"template":"","format":"standard","meta":{"footnotes":""},"categories":[34,48],"tags":[],"class_list":["post-19812","post","type-post","status-publish","format-standard","has-post-thumbnail","hentry","category-eventi","category-notizie"],"acf":[],"_links":{"self":[{"href":"https:\/\/www.obalne-galerije.si\/it\/wp-json\/wp\/v2\/posts\/19812","targetHints":{"allow":["GET"]}}],"collection":[{"href":"https:\/\/www.obalne-galerije.si\/it\/wp-json\/wp\/v2\/posts"}],"about":[{"href":"https:\/\/www.obalne-galerije.si\/it\/wp-json\/wp\/v2\/types\/post"}],"author":[{"embeddable":true,"href":"https:\/\/www.obalne-galerije.si\/it\/wp-json\/wp\/v2\/users\/4"}],"replies":[{"embeddable":true,"href":"https:\/\/www.obalne-galerije.si\/it\/wp-json\/wp\/v2\/comments?post=19812"}],"version-history":[{"count":3,"href":"https:\/\/www.obalne-galerije.si\/it\/wp-json\/wp\/v2\/posts\/19812\/revisions"}],"predecessor-version":[{"id":19886,"href":"https:\/\/www.obalne-galerije.si\/it\/wp-json\/wp\/v2\/posts\/19812\/revisions\/19886"}],"wp:featuredmedia":[{"embeddable":true,"href":"https:\/\/www.obalne-galerije.si\/it\/wp-json\/wp\/v2\/media\/19809"}],"wp:attachment":[{"href":"https:\/\/www.obalne-galerije.si\/it\/wp-json\/wp\/v2\/media?parent=19812"}],"wp:term":[{"taxonomy":"category","embeddable":true,"href":"https:\/\/www.obalne-galerije.si\/it\/wp-json\/wp\/v2\/categories?post=19812"},{"taxonomy":"post_tag","embeddable":true,"href":"https:\/\/www.obalne-galerije.si\/it\/wp-json\/wp\/v2\/tags?post=19812"}],"curies":[{"name":"wp","href":"https:\/\/api.w.org\/{rel}","templated":true}]}}