{"id":19782,"date":"2023-11-27T11:54:12","date_gmt":"2023-11-27T10:54:12","guid":{"rendered":"https:\/\/www.obalne-galerije.si\/?p=19782"},"modified":"2024-11-18T20:36:34","modified_gmt":"2024-11-18T19:36:34","slug":"ales-sedmak-mostra-retrospettiva-visita-guidata","status":"publish","type":"post","link":"https:\/\/www.obalne-galerije.si\/it\/ales-sedmak-mostra-retrospettiva-visita-guidata\/","title":{"rendered":"ALES SEDMAK: MOSTRA RETROSPETTIVA &#8211; Visita guidata"},"content":{"rendered":"<p><section class=\"kc-elm kc-css-364581 kc_row\"><div class=\"kc-row-container  kc-container\"><div class=\"kc-wrap-columns\"><div class=\"kc-elm kc-css-353732 kc_col-sm-12 kc_column kc_col-sm-12\"><div class=\"kc-col-container\"><div class=\"kc-elm kc-css-345196 kc_text_block\"><\/p>\n<p><b>ALES SEDMAK: <\/b><b>MOSTRA RETROSPETTIVA ,\u00a0<\/b><b><br \/><\/b><span style=\"font-weight: 400;\">A cura di: Nives Marvin |\u00a0<\/span><\/p>\n<p><b>Galleria civica Pirano,<br \/><\/b><b>Visita guidata: <\/b><b>Sabato, 2 dicembre 2023, alle ore 11\u00a0<\/b><\/p>\n<p><!--more--><\/p>\n<\/p>\n<p><span style=\"font-weight: 400;\">Nella Galleria civica Pirano e in corso la mostra retrospettiva del pittore costiero <\/span><b>ALE\u0160 SEDMAK <\/b><span style=\"font-weight: 400;\">dove \u00e8 presentata una selezione di dipinti, grafica, disegni e illustrazioni di storia naturale<\/span><span style=\"font-weight: 400;\">. Ale\u0161 Sedmak \u00e8 una personalit\u00e0 versatile che sin dai suoi anni da studente ha intrecciato la sua creativit\u00e0 artistica con vari altri campi. Per sedici anni \u00e8 stato a capo del progetto Kaverljag, l&#039;unica manifestazione di questo genere con la partecipazione internazionale di professori e studenti: il suo atelier, in questo paesino istriano in mezzo alla natura rigogliosa sopra la valle della Dragogna, \u00e8 ricordato per campi didattici originali dove l&#039;enfasi verteva su argomenti di attualit\u00e0, in particolare l&#039;ecologia, l\u2019utilizzo dei prodotti e sul collegamento e la sinergia dell\u2019arte con gli altri ambiti scientifici.\u00a0\u00a0\u00a0\u00a0\u00a0\u00a0\u00a0\u00a0\u00a0<\/span><\/p>\n<p><b>TA VESELI DAN KULTURE (QUESTA ALLEGRA GIORNATA DELLA CULTURA) \u00e8 un&#039;occasione per partecipare alla visita guidata con la curatrice Nives Marvin e l&#039;artista. <\/b><span style=\"font-weight: 400;\">Siete gentilemene invitati. <\/span><a href=\"https:\/\/www.obalne-galerije.si\/it\/ales-sedmak-mostra-retrospettiva\/\"><span style=\"font-weight: 400;\">Maggiori informazioni al link \u2026<\/span><\/a><\/p>\n<p>\n<\/div><\/div><\/div><\/div><\/div><\/section><section class=\"kc-elm kc-css-980538 kc_row\"><div class=\"kc-row-container  kc-container\"><div class=\"kc-wrap-columns\"><div class=\"kc-elm kc-css-179579 kc_col-sm-3 kc_column kc_col-sm-3\"><div class=\"kc-col-container\"><div class=\"kc-elm kc-css-851925 kc_shortcode kc_single_image\">\n\n        <img decoding=\"async\" src=\"https:\/\/www.obalne-galerije.si\/wp-content\/uploads\/2023\/11\/Ta-veseli-dan-kulture_300dpi_ametist-scaled.jpg\" class=\"\" alt=\"\" \/>    <\/div>\n<\/div><\/div><div class=\"kc-elm kc-css-848865 kc_col-sm-9 kc_column kc_col-sm-9\"><div class=\"kc-col-container\"><\/div><\/div><\/div><\/div><\/section><\/p>\n","protected":false},"excerpt":{"rendered":"<p>ALES SEDMAK: MOSTRA RETROSPETTIVA ,\u00a0A cura di: Nives Marvin |\u00a0 Galleria civica Pirano,Visita guidata: Sabato, 2 dicembre 2023, alle ore 11\u00a0<\/p>\n","protected":false},"author":4,"featured_media":22661,"comment_status":"closed","ping_status":"closed","sticky":false,"template":"","format":"standard","meta":{"footnotes":""},"categories":[46,48],"tags":[],"class_list":["post-19782","post","type-post","status-publish","format-standard","has-post-thumbnail","hentry","category-galleria-civica","category-notizie"],"acf":[],"_links":{"self":[{"href":"https:\/\/www.obalne-galerije.si\/it\/wp-json\/wp\/v2\/posts\/19782","targetHints":{"allow":["GET"]}}],"collection":[{"href":"https:\/\/www.obalne-galerije.si\/it\/wp-json\/wp\/v2\/posts"}],"about":[{"href":"https:\/\/www.obalne-galerije.si\/it\/wp-json\/wp\/v2\/types\/post"}],"author":[{"embeddable":true,"href":"https:\/\/www.obalne-galerije.si\/it\/wp-json\/wp\/v2\/users\/4"}],"replies":[{"embeddable":true,"href":"https:\/\/www.obalne-galerije.si\/it\/wp-json\/wp\/v2\/comments?post=19782"}],"version-history":[{"count":4,"href":"https:\/\/www.obalne-galerije.si\/it\/wp-json\/wp\/v2\/posts\/19782\/revisions"}],"predecessor-version":[{"id":22664,"href":"https:\/\/www.obalne-galerije.si\/it\/wp-json\/wp\/v2\/posts\/19782\/revisions\/22664"}],"wp:featuredmedia":[{"embeddable":true,"href":"https:\/\/www.obalne-galerije.si\/it\/wp-json\/wp\/v2\/media\/22661"}],"wp:attachment":[{"href":"https:\/\/www.obalne-galerije.si\/it\/wp-json\/wp\/v2\/media?parent=19782"}],"wp:term":[{"taxonomy":"category","embeddable":true,"href":"https:\/\/www.obalne-galerije.si\/it\/wp-json\/wp\/v2\/categories?post=19782"},{"taxonomy":"post_tag","embeddable":true,"href":"https:\/\/www.obalne-galerije.si\/it\/wp-json\/wp\/v2\/tags?post=19782"}],"curies":[{"name":"wp","href":"https:\/\/api.w.org\/{rel}","templated":true}]}}