{"id":19180,"date":"2023-10-01T15:38:13","date_gmt":"2023-10-01T13:38:13","guid":{"rendered":"https:\/\/www.obalne-galerije.si\/?p=19180"},"modified":"2023-10-09T21:03:54","modified_gmt":"2023-10-09T19:03:54","slug":"spekula-2023","status":"publish","type":"post","link":"https:\/\/www.obalne-galerije.si\/it\/spekula-2023\/","title":{"rendered":"SPEKULA 2023"},"content":{"rendered":"<p><section class=\"kc-elm kc-css-493345 kc_row\"><div class=\"kc-row-container  kc-container\"><div class=\"kc-wrap-columns\"><div class=\"kc-elm kc-css-494889 kc_col-sm-12 kc_column kc_col-sm-12\"><div class=\"kc-col-container\"><\/div><\/div><\/div><\/div><\/section><section class=\"kc-elm kc-css-895378 kc_row\"><div class=\"kc-row-container  kc-container\"><div class=\"kc-wrap-columns\"><div class=\"kc-elm kc-css-68066 kc_col-sm-6 kc_column kc_col-sm-6\"><div class=\"kc-col-container\"><div class=\"kc-elm kc-css-675011 kc_text_block\"><\/p>\n<p><strong>SPEKULA 2023: <\/strong><strong>La memoria del visibile e il contatto |\u00a0<\/strong><\/p>\n<p><strong>Galleria Loggia Capodistria, 5. 10. \u2500 5. 11. 2023 |<br \/><\/strong><strong>Inaugurazione: gioved\u00ec, 5. 10. 2023, alle 18.00<\/strong><\/p>\n<p><!--more--><\/p>\n<\/p>\n<p>\n<\/div><div class=\"kc-elm kc-css-31112 kc_shortcode kc_single_image\">\n\n        <img decoding=\"async\" src=\"https:\/\/www.obalne-galerije.si\/wp-content\/uploads\/2023\/09\/NAPOVEDNIK-GLAVA_IMENA-AVTTORJEV.png\" class=\"\" alt=\"\" \/>    <\/div>\n<div class=\"kc-elm kc-css-71605 kc_shortcode kc_single_image\">\n\n        <img decoding=\"async\" src=\"https:\/\/www.obalne-galerije.si\/wp-content\/uploads\/2023\/10\/48A0553-scaled.jpg\" class=\"\" alt=\"\" \/>    <\/div>\n<div class=\"kc-elm kc-css-397187 kc_shortcode kc_single_image\">\n\n        <img decoding=\"async\" src=\"https:\/\/www.obalne-galerije.si\/wp-content\/uploads\/2023\/10\/48A0479-scaled.jpg\" class=\"\" alt=\"\" \/>    <\/div>\n<div class=\"kc-elm kc-css-829184 kc_text_block\"><\/p>\n<p>Foto: Jadran Rusjan<\/p>\n<p>\n<\/div><div class=\"kc-elm kc-css-544270\" style=\"height: 20px; clear: both; width:100%;\"><\/div><\/div><\/div><div class=\"kc-elm kc-css-569930 kc_col-sm-6 kc_column kc_col-sm-6\"><div class=\"kc-col-container\"><div class=\"kc-elm kc-css-418696 kc_text_block\"><\/p>\n<p><span style=\"font-style: inherit; font-family: -apple-system, BlinkMacSystemFont, \"Segoe UI\", Roboto, Oxygen-Sans, Ubuntu, Cantarell, \"Helvetica Neue\", sans-serif;\">L\u2019edizione di quest\u2019anno inizier\u00e0 il 5 ottobre 2023, alle ore 18.00, con l\u2019inaugurazione della mostra principale <\/span><em style=\"font-family: -apple-system, BlinkMacSystemFont, \"Segoe UI\", Roboto, Oxygen-Sans, Ubuntu, Cantarell, \"Helvetica Neue\", sans-serif;\">La memoria del visibile e il contatto<\/em><span style=\"font-style: inherit; font-family: -apple-system, BlinkMacSystemFont, \"Segoe UI\", Roboto, Oxygen-Sans, Ubuntu, Cantarell, \"Helvetica Neue\", sans-serif;\"> alla Galleria Loggia, la mostra rimarr\u00e0 aperta fino al 5 novembre 2023. La quinta edizione del manifesto Spekula organizzato dalla Facolt\u00e0 di studi educativi dell\u2019Universit\u00e0 del Litorale in collaborazione con le Gallerie costiere Pirano presenta uno studio di opere d\u2019arte e di fenomeni legati al campo del visibile e del percepibile attraverso l\u2019interpretazione di un contatto collettivo o individuale, di realizzazione creativa ed empirica attraverso il disegno, la pittura, l&#039;installazione spaziale e le pratiche artistiche visuali. Mettendo inoltre in discussione le esperienze e le ricerche degli autori, che attraverso le proprie attivit\u00e0 percepiscono le scoperte individuali attraverso una visione e un tocco personale delle proprie creazioni, generando continuamente nuovi stimoli, ricordi e verit\u00e0.<\/span><\/p>\n<p>Laddove il titolo della mostra suggerisce lo studio del visibile e della memoria, incontriamo un gruppo di autori: <strong>Du\u0161a Jesih, Rajko Apollonio, Miha \u0160trukelj, Maxime Berthou e Mark Po\u017elep.\u00a0 <\/strong>Alla mostra di quest\u2019anno, collocata alla Galleria Loggia a Capodistria, si intrecciano opere che indicano una crescita individuale e la complessit\u00e0 del linguaggio artistico nel contesto delle attivit\u00e0 individuali. Gli autori sono quotati ad alto livello sia sulla scena artistica slovena che quella internazionale. Il timbro, la traccia, la qualit\u00e0, di cui gli autori sono capaci, stabiliscono gli standard dell&#039;arte contemporanea e dei sofisticati codici dell&#039;arte.<\/p>\n<p>Il manifesto Spekula \u00e8 accompagnato da vari eventi: tavole rotonde, mostre minori, visite degli spazi espositivi e laboratori creativi. Il variegato programma \u00e8 destinato a migliorare la qualit\u00e0 nello studio; funge da piattaforma per lo sviluppo dei risultati all&#039;interno della comunit\u00e0 locale e dell&#039;area universitaria e alla promozione del nuovo programma di studi <em>Arti visive e design presso l&#039;Universit\u00e0 del Litorale, Facolt\u00e0 di studi educativi<\/em>.<\/p>\n<\/p>\n<p>Direttore artistico: prof. ass. dr. Tilen \u017dbona<\/p>\n<\/p>\n<p>\n<\/div><div class=\"kc-elm kc-css-521510\" style=\"height: 20px; clear: both; width:100%;\"><\/div>\n<div class=\"kc-elm kc-css-139949 kc-title-wrap \">\n\n\t<h2 class=\"kc_title\">PROGRAMMA SPEKULA V<\/h2>\n<\/div>\n<div class=\"kc-elm kc-css-931629 kc_text_block\"><\/p>\n<p><strong style=\"font-style: inherit; font-family: -apple-system, BlinkMacSystemFont, \" segoe=\"\" ui\",=\"\" roboto,=\"\" oxygen-sans,=\"\" ubuntu,=\"\" cantarell,=\"\" \"helvetica=\"\" neue\",=\"\" sans-serif;\"=\"\">Galleria Loggia, Capodistria<br \/><\/strong><strong style=\"font-style: inherit; font-family: -apple-system, BlinkMacSystemFont, \" segoe=\"\" ui\",=\"\" roboto,=\"\" oxygen-sans,=\"\" ubuntu,=\"\" cantarell,=\"\" \"helvetica=\"\" neue\",=\"\" sans-serif;\"=\"\">5 ottobre<\/strong><strong style=\"font-style: inherit; font-family: -apple-system, BlinkMacSystemFont, \" segoe=\"\" ui\",=\"\" roboto,=\"\" oxygen-sans,=\"\" ubuntu,=\"\" cantarell,=\"\" \"helvetica=\"\" neue\",=\"\" sans-serif;\"=\"\">2023 alle 18.00<\/strong><\/p>\n<p>Inaugurazione della mostra<br \/><strong style=\"font-style: inherit; font-family: -apple-system, BlinkMacSystemFont, \" segoe=\"\" ui\",=\"\" roboto,=\"\" oxygen-sans,=\"\" ubuntu,=\"\" cantarell,=\"\" \"helvetica=\"\" neue\",=\"\" sans-serif;\"=\"\">SPEKULA V \u2013 LA MEMORIA DEL VISIBILE E IL TATTO \/<\/strong><strong style=\"\" segoe=\"\" ui\",=\"\" roboto,=\"\" oxygen-sans,=\"\" ubuntu,=\"\" cantarell,=\"\" \"helvetica=\"\" neue\",=\"\" sans-serif;\"=\"\"> <em style=\"\"><span style=\"font-style: inherit;\">THE MEMORY OF THE VISIBLE AND THE TOUCH<\/span><br \/><\/em><\/strong><span style=\"font-style: inherit; font-family: -apple-system, BlinkMacSystemFont, \" segoe=\"\" ui\",=\"\" roboto,=\"\" oxygen-sans,=\"\" ubuntu,=\"\" cantarell,=\"\" \"helvetica=\"\" neue\",=\"\" sans-serif;\"=\"\"><b>Du\u0161a Jesih, Rajko Apollonio, Miha \u0160trukelj, Maxime Berthou &amp; Mark Po\u017elep<br \/><\/b><\/span><span style=\"font-style: inherit; font-family: -apple-system, BlinkMacSystemFont, \" segoe=\"\" ui\",=\"\" roboto,=\"\" oxygen-sans,=\"\" ubuntu,=\"\" cantarell,=\"\" \"helvetica=\"\" neue\",=\"\" sans-serif;\"=\"\">A cura di: Tilen \u017dbona<\/span><\/p>\n<\/p>\n<p><strong><br \/><\/strong><\/p>\n<p><strong>Galleria Atelier Svojc, Capodistria<br \/><\/strong><strong style=\"font-style: inherit; font-family: -apple-system, BlinkMacSystemFont, \" segoe=\"\" ui\",=\"\" roboto,=\"\" oxygen-sans,=\"\" ubuntu,=\"\" cantarell,=\"\" \"helvetica=\"\" neue\",=\"\" sans-serif;\"=\"\">12 ottobre <\/strong><span style=\"font-style: inherit; font-family: -apple-system, BlinkMacSystemFont, \" segoe=\"\" ui\",=\"\" roboto,=\"\" oxygen-sans,=\"\" ubuntu,=\"\" cantarell,=\"\" \"helvetica=\"\" neue\",=\"\" sans-serif;\"=\"\"><b>2023 alle 18.00<\/b><\/span><\/p>\n<p><span style=\"font-style: inherit; font-family: -apple-system, BlinkMacSystemFont, \" segoe=\"\" ui\",=\"\" roboto,=\"\" oxygen-sans,=\"\" ubuntu,=\"\" cantarell,=\"\" \"helvetica=\"\" neue\",=\"\" sans-serif;\"=\"\">Inaugurazione della mostra<br \/><\/span><span style=\"font-style: inherit; font-family: -apple-system, BlinkMacSystemFont, \" segoe=\"\" ui\",=\"\" roboto,=\"\" oxygen-sans,=\"\" ubuntu,=\"\" cantarell,=\"\" \"helvetica=\"\" neue\",=\"\" sans-serif;\"=\"\"><b>SPEKULA V &#8211; ZMAGO POSEGA, selezione delle sculture<br \/><\/b><\/span><span style=\"font-style: inherit; font-family: -apple-system, BlinkMacSystemFont, \" segoe=\"\" ui\",=\"\" roboto,=\"\" oxygen-sans,=\"\" ubuntu,=\"\" cantarell,=\"\" \"helvetica=\"\" neue\",=\"\" sans-serif;\"=\"\">A cura di: Tilen \u017dbona<\/span><\/p>\n<\/p>\n<p><strong><br \/><\/strong><\/p>\n<p><strong>GalLeria Loggia, Capodistria<br \/><\/strong><strong style=\"font-style: inherit; font-family: -apple-system, BlinkMacSystemFont, \" segoe=\"\" ui\",=\"\" roboto,=\"\" oxygen-sans,=\"\" ubuntu,=\"\" cantarell,=\"\" \"helvetica=\"\" neue\",=\"\" sans-serif;\"=\"\">17 ottobre<\/strong><strong style=\"font-style: inherit; font-family: -apple-system, BlinkMacSystemFont, \" segoe=\"\" ui\",=\"\" roboto,=\"\" oxygen-sans,=\"\" ubuntu,=\"\" cantarell,=\"\" \"helvetica=\"\" neue\",=\"\" sans-serif;\"=\"\"> 2023 alle 17.00<\/strong><\/p>\n<p>Workshop<br \/><span style=\"font-style: inherit; font-family: -apple-system, BlinkMacSystemFont, \" segoe=\"\" ui\",=\"\" roboto,=\"\" oxygen-sans,=\"\" ubuntu,=\"\" cantarell,=\"\" \"helvetica=\"\" neue\",=\"\" sans-serif;\"=\"\"><b>DISEGNO, SEGNO E TEORIA DELL&#8217;ELABORAZIONE DELLE IMMAGINI<br \/><\/b><\/span><span style=\"font-style: inherit; font-family: -apple-system, BlinkMacSystemFont, \" segoe=\"\" ui\",=\"\" roboto,=\"\" oxygen-sans,=\"\" ubuntu,=\"\" cantarell,=\"\" \"helvetica=\"\" neue\",=\"\" sans-serif;\"=\"\">Mentore: Peter Ciuha<\/span><\/p>\n<\/p>\n<p><strong><br \/><\/strong><\/p>\n<p><strong>Galleria Loggia, Capodistria<br \/><\/strong><strong style=\"font-style: inherit; font-family: -apple-system, BlinkMacSystemFont, \" segoe=\"\" ui\",=\"\" roboto,=\"\" oxygen-sans,=\"\" ubuntu,=\"\" cantarell,=\"\" \"helvetica=\"\" neue\",=\"\" sans-serif;\"=\"\">19 ottobre<\/strong><strong style=\"font-style: inherit; font-family: -apple-system, BlinkMacSystemFont, \" segoe=\"\" ui\",=\"\" roboto,=\"\" oxygen-sans,=\"\" ubuntu,=\"\" cantarell,=\"\" \"helvetica=\"\" neue\",=\"\" sans-serif;\"=\"\"> 2023 alle 17.00<\/strong><\/p>\n<p>Artist Talk<br \/><strong style=\"font-style: inherit; font-family: -apple-system, BlinkMacSystemFont, \" segoe=\"\" ui\",=\"\" roboto,=\"\" oxygen-sans,=\"\" ubuntu,=\"\" cantarell,=\"\" \"helvetica=\"\" neue\",=\"\" sans-serif;\"=\"\">INSERIMENTO E SENSIBILIZZAZIONE DELLA COMUNIT\u00c0 LOCALE NELLE POLITICHE CULTURALI<br \/><\/strong><strong style=\"font-style: inherit; font-family: -apple-system, BlinkMacSystemFont, \" segoe=\"\" ui\",=\"\" roboto,=\"\" oxygen-sans,=\"\" ubuntu,=\"\" cantarell,=\"\" \"helvetica=\"\" neue\",=\"\" sans-serif;\"=\"\">Borut Jerman, Boris \u0160uligoj, Toma\u017e Perovi\u010d<\/strong><\/p>\n<\/p>\n<p><strong><br \/><\/strong><\/p>\n<p><strong>Galleria Insula, Isola<br \/><\/strong><strong style=\"font-style: inherit; font-family: -apple-system, BlinkMacSystemFont, \" segoe=\"\" ui\",=\"\" roboto,=\"\" oxygen-sans,=\"\" ubuntu,=\"\" cantarell,=\"\" \"helvetica=\"\" neue\",=\"\" sans-serif;\"=\"\">20 ottobre<\/strong><strong style=\"font-style: inherit; font-family: -apple-system, BlinkMacSystemFont, \" segoe=\"\" ui\",=\"\" roboto,=\"\" oxygen-sans,=\"\" ubuntu,=\"\" cantarell,=\"\" \"helvetica=\"\" neue\",=\"\" sans-serif;\"=\"\"> 2023 alle 18.00<\/strong><\/p>\n<p>Inaugurazione della mostra<br \/><strong style=\"font-style: inherit; font-family: -apple-system, BlinkMacSystemFont, \" segoe=\"\" ui\",=\"\" roboto,=\"\" oxygen-sans,=\"\" ubuntu,=\"\" cantarell,=\"\" \"helvetica=\"\" neue\",=\"\" sans-serif;\"=\"\">SPEKULA V &#8211; <\/strong><strong style=\"font-style: inherit; font-family: -apple-system, BlinkMacSystemFont, \" segoe=\"\" ui\",=\"\" roboto,=\"\" oxygen-sans,=\"\" ubuntu,=\"\" cantarell,=\"\" \"helvetica=\"\" neue\",=\"\" sans-serif;\"=\"\">RIFLESSO DEL VISIBILE<br \/><\/strong><span style=\"font-style: inherit; font-family: -apple-system, BlinkMacSystemFont, \" segoe=\"\" ui\",=\"\" roboto,=\"\" oxygen-sans,=\"\" ubuntu,=\"\" cantarell,=\"\" \"helvetica=\"\" neue\",=\"\" sans-serif;\"=\"\"><b>Radovan \u010cok<br \/><\/b><\/span><span style=\"font-style: inherit; font-family: -apple-system, BlinkMacSystemFont, \" segoe=\"\" ui\",=\"\" roboto,=\"\" oxygen-sans,=\"\" ubuntu,=\"\" cantarell,=\"\" \"helvetica=\"\" neue\",=\"\" sans-serif;\"=\"\">A cura di: Dejan Mehmedovi\u010d<\/span><\/p>\n<p><strong>&nbsp;<\/strong><\/p>\n<p><strong>Galleria Loggia, Capodistria<br \/><\/strong><strong style=\"font-style: inherit; font-family: -apple-system, BlinkMacSystemFont, \" segoe=\"\" ui\",=\"\" roboto,=\"\" oxygen-sans,=\"\" ubuntu,=\"\" cantarell,=\"\" \"helvetica=\"\" neue\",=\"\" sans-serif;\"=\"\">26 ottobre <\/strong><strong style=\"font-style: inherit; font-family: -apple-system, BlinkMacSystemFont, \" segoe=\"\" ui\",=\"\" roboto,=\"\" oxygen-sans,=\"\" ubuntu,=\"\" cantarell,=\"\" \"helvetica=\"\" neue\",=\"\" sans-serif;\"=\"\">2023, alle 17.00<\/strong><\/p>\n<p>Artist Talk<br \/><strong style=\"font-style: inherit; font-family: -apple-system, BlinkMacSystemFont, \" segoe=\"\" ui\",=\"\" roboto,=\"\" oxygen-sans,=\"\" ubuntu,=\"\" cantarell,=\"\" \"helvetica=\"\" neue\",=\"\" sans-serif;\"=\"\">VOJKO TOMINC: <\/strong><span style=\"font-style: inherit; font-family: -apple-system, BlinkMacSystemFont, \" segoe=\"\" ui\",=\"\" roboto,=\"\" oxygen-sans,=\"\" ubuntu,=\"\" cantarell,=\"\" \"helvetica=\"\" neue\",=\"\" sans-serif;\"=\"\"><b>PROGETTAZIONE GRAFICA E COMUNICAZIONE VISIVA<br \/><\/b><\/span><span style=\"font-style: inherit; font-family: -apple-system, BlinkMacSystemFont, \" segoe=\"\" ui\",=\"\" roboto,=\"\" oxygen-sans,=\"\" ubuntu,=\"\" cantarell,=\"\" \"helvetica=\"\" neue\",=\"\" sans-serif;\"=\"\">Moderatore: Vid Lenard<\/span><\/p>\n<\/p>\n<p>\n<\/div><div class=\"kc-elm kc-css-932695\" style=\"height: 20px; clear: both; width:100%;\"><\/div><\/div><\/div><\/div><\/div><\/section><section class=\"kc-elm kc-css-586118 kc_row\"><div class=\"kc-row-container  kc-container\"><div class=\"kc-wrap-columns\"><div class=\"kc-elm kc-css-581450 kc_col-sm-12 kc_column kc_col-sm-12\"><div class=\"kc-col-container\"><\/div><\/div><\/div><\/div><\/section><section class=\"kc-elm kc-css-521540 kc_row\"><div class=\"kc-row-container  kc-container\"><div class=\"kc-wrap-columns\"><div class=\"kc-elm kc-css-849023 kc_col-sm-3 kc_column kc_col-sm-3\"><div class=\"kc-col-container\"><div class=\"kc-elm kc-css-997369 kc_shortcode kc_single_image\">\n\n        <a rel=\"prettyPhoto\" class=\"kc-pretty-photo\" href=\"https:\/\/www.obalne-galerije.si\/wp-content\/uploads\/2023\/09\/RAZSTAVA_5_oktober_Berthou_Pozlep.jpg\" title=\"\" target=\"\">\n        <img decoding=\"async\" src=\"https:\/\/www.obalne-galerije.si\/wp-content\/uploads\/2023\/09\/RAZSTAVA_5_oktober_Berthou_Pozlep.jpg\" class=\"\" alt=\"\" \/>    <\/a>\n    <\/div>\n<div class=\"kc-elm kc-css-379330 kc_text_block\"><\/p>\n<p><span style=\"font-style: inherit; font-family: -apple-system, BlinkMacSystemFont, \"Segoe UI\", Roboto, Oxygen-Sans, Ubuntu, Cantarell, \"Helvetica Neue\", sans-serif;\">MAXIME BERTHOU &#038;\u00a0<\/span>MARK PO\u017dLEP<\/p>\n<p>\n<\/div><\/div><\/div><div class=\"kc-elm kc-css-517666 kc_col-sm-3 kc_column kc_col-sm-3\"><div class=\"kc-col-container\"><div class=\"kc-elm kc-css-55546 kc_shortcode kc_single_image\">\n\n        <a rel=\"prettyPhoto\" class=\"kc-pretty-photo\" href=\"https:\/\/www.obalne-galerije.si\/wp-content\/uploads\/2023\/09\/RAZSTAVA_5_oktober_MIHA_STRUKELJ.jpg\" title=\"\" target=\"\">\n        <img decoding=\"async\" src=\"https:\/\/www.obalne-galerije.si\/wp-content\/uploads\/2023\/09\/RAZSTAVA_5_oktober_MIHA_STRUKELJ.jpg\" class=\"\" alt=\"\" \/>    <\/a>\n    <\/div>\n<div class=\"kc-elm kc-css-431080 kc_text_block\"><\/p>\n<p>MIHA \u0160TRUKELJ<\/p>\n<p>\n<\/div><\/div><\/div><div class=\"kc-elm kc-css-957857 kc_col-sm-3 kc_column kc_col-sm-3\"><div class=\"kc-col-container\"><div class=\"kc-elm kc-css-315146 kc_shortcode kc_single_image\">\n\n        <a rel=\"prettyPhoto\" class=\"kc-pretty-photo\" href=\"https:\/\/www.obalne-galerije.si\/wp-content\/uploads\/2023\/09\/RAZSTAVA_5_oktober_RAJKO-APOLLONIO.jpg\" title=\"\" target=\"\">\n        <img decoding=\"async\" src=\"https:\/\/www.obalne-galerije.si\/wp-content\/uploads\/2023\/09\/RAZSTAVA_5_oktober_RAJKO-APOLLONIO.jpg\" class=\"\" alt=\"\" \/>    <\/a>\n    <\/div>\n<div class=\"kc-elm kc-css-582123 kc_text_block\"><\/p>\n<p>RAJKO APOLLONIO<\/p>\n<p>\n<\/div><\/div><\/div><div class=\"kc-elm kc-css-652107 kc_col-sm-3 kc_column kc_col-sm-3\"><div class=\"kc-col-container\"><div class=\"kc-elm kc-css-841245 kc_shortcode kc_single_image\">\n\n        <a rel=\"prettyPhoto\" class=\"kc-pretty-photo\" href=\"https:\/\/www.obalne-galerije.si\/wp-content\/uploads\/2023\/09\/RAZSTAVA_5_oktober_web_DUSA-JESIH.jpg\" title=\"\" target=\"\">\n        <img decoding=\"async\" src=\"https:\/\/www.obalne-galerije.si\/wp-content\/uploads\/2023\/09\/RAZSTAVA_5_oktober_web_DUSA-JESIH.jpg\" class=\"\" alt=\"\" \/>    <\/a>\n    <\/div>\n<div class=\"kc-elm kc-css-95934 kc_text_block\"><\/p>\n<p>DU\u0160A JESIH<\/p>\n<p>\n<\/div><\/div><\/div><\/div><\/div><\/section><\/p>\n","protected":false},"excerpt":{"rendered":"<p>SPEKULA 2023: La memoria del visibile e il contatto |\u00a0 Galleria Loggia Capodistria, 5. 10. \u2500 5. 11. 2023 |Inaugurazione: gioved\u00ec, 5. 10. 2023, alle 18.00<\/p>\n","protected":false},"author":4,"featured_media":19241,"comment_status":"closed","ping_status":"closed","sticky":false,"template":"","format":"standard","meta":{"footnotes":""},"categories":[80,48],"tags":[],"class_list":["post-19180","post","type-post","status-publish","format-standard","has-post-thumbnail","hentry","category-mostre","category-notizie"],"acf":[],"_links":{"self":[{"href":"https:\/\/www.obalne-galerije.si\/it\/wp-json\/wp\/v2\/posts\/19180","targetHints":{"allow":["GET"]}}],"collection":[{"href":"https:\/\/www.obalne-galerije.si\/it\/wp-json\/wp\/v2\/posts"}],"about":[{"href":"https:\/\/www.obalne-galerije.si\/it\/wp-json\/wp\/v2\/types\/post"}],"author":[{"embeddable":true,"href":"https:\/\/www.obalne-galerije.si\/it\/wp-json\/wp\/v2\/users\/4"}],"replies":[{"embeddable":true,"href":"https:\/\/www.obalne-galerije.si\/it\/wp-json\/wp\/v2\/comments?post=19180"}],"version-history":[{"count":4,"href":"https:\/\/www.obalne-galerije.si\/it\/wp-json\/wp\/v2\/posts\/19180\/revisions"}],"predecessor-version":[{"id":19354,"href":"https:\/\/www.obalne-galerije.si\/it\/wp-json\/wp\/v2\/posts\/19180\/revisions\/19354"}],"wp:featuredmedia":[{"embeddable":true,"href":"https:\/\/www.obalne-galerije.si\/it\/wp-json\/wp\/v2\/media\/19241"}],"wp:attachment":[{"href":"https:\/\/www.obalne-galerije.si\/it\/wp-json\/wp\/v2\/media?parent=19180"}],"wp:term":[{"taxonomy":"category","embeddable":true,"href":"https:\/\/www.obalne-galerije.si\/it\/wp-json\/wp\/v2\/categories?post=19180"},{"taxonomy":"post_tag","embeddable":true,"href":"https:\/\/www.obalne-galerije.si\/it\/wp-json\/wp\/v2\/tags?post=19180"}],"curies":[{"name":"wp","href":"https:\/\/api.w.org\/{rel}","templated":true}]}}