{"id":18817,"date":"2023-08-31T14:08:41","date_gmt":"2023-08-31T12:08:41","guid":{"rendered":"https:\/\/www.obalne-galerije.si\/?p=18817"},"modified":"2023-09-03T21:24:23","modified_gmt":"2023-09-03T19:24:23","slug":"evento-finale-premiazioni-ed-esposizione-ex-tempore-pirano-2023","status":"publish","type":"post","link":"https:\/\/www.obalne-galerije.si\/it\/evento-finale-premiazioni-ed-esposizione-ex-tempore-pirano-2023\/","title":{"rendered":"EVENTO FINALE, PREMIAZIONI ED ESPOSIZIONE: EX-TEMPORE PIRANO 2023"},"content":{"rendered":"<p><section class=\"kc-elm kc-css-756471 kc_row\"><div class=\"kc-row-container  kc-container\"><div class=\"kc-wrap-columns\"><div class=\"kc-elm kc-css-148105 kc_col-sm-6 kc_column kc_col-sm-6\"><div class=\"kc-col-container\"><div class=\"kc-elm kc-css-413853 kc_shortcode kc_single_image\">\n\n        <img decoding=\"async\" src=\"https:\/\/www.obalne-galerije.si\/wp-content\/uploads\/2023\/09\/48A5326-scaled.jpg\" class=\"\" alt=\"\" \/>    <\/div>\n<div class=\"kc-elm kc-css-958170 kc_shortcode kc_single_image\">\n\n        <img decoding=\"async\" src=\"https:\/\/www.obalne-galerije.si\/wp-content\/uploads\/2023\/09\/48A5413-scaled.jpg\" class=\"\" alt=\"\" \/>    <\/div>\n<div class=\"kc-elm kc-css-337507 kc_shortcode kc_single_image\">\n\n        <img decoding=\"async\" src=\"https:\/\/www.obalne-galerije.si\/wp-content\/uploads\/2023\/09\/48A5232-scaled.jpg\" class=\"\" alt=\"\" \/>    <\/div>\n<div class=\"kc-elm kc-css-50864 kc_shortcode kc_single_image\">\n\n        <img decoding=\"async\" src=\"https:\/\/www.obalne-galerije.si\/wp-content\/uploads\/2023\/08\/48A5626-scaled.jpg\" class=\"\" alt=\"\" \/>    <\/div>\n<div class=\"kc-elm kc-css-244119\" style=\"height: 20px; clear: both; width:100%;\"><\/div><div class=\"kc-elm kc-css-551632 kc_text_block\"><\/p>\n<p>Foto \/ Photo: Jadran Rusjan \/ OGP 2023<\/p>\n<p>\n<\/div><div class=\"kc-elm kc-css-556950\" style=\"height: 20px; clear: both; width:100%;\"><\/div><\/div><\/div><div class=\"kc-elm kc-css-392835 kc_col-sm-6 kc_column kc_col-sm-6\"><div class=\"kc-col-container\"><div class=\"kc-elm kc-css-281551 kc_text_block\"><\/p>\n<p><strong>Monfort Portorose \u2013 Portorose<\/strong><\/p>\n<p><strong>Sabato 2 settembre 2023, alle 20:30<\/strong><\/p>\n<p><strong><br \/><\/strong><\/p>\n<\/p>\n<p><strong>L&#039;Ex-tempore Pirano<\/strong>\u00a0\u00e8 una delle manifestazioni artistiche pi\u00f9 importanti dell&#039;Istria slovena. \u00c8 riconoscibile per il suo carattere competitivo e la sua lunga tradizione, poich\u00e9 da\u00a0<strong>quasi sessant&#039;anni arricchisce la vita culturale del Comune di Pirano<\/strong>. La settimana dedicata alla manifestazione di pittura \u00e8 accompagnata da un fitto programma di eventi collaterali e si\u00a0<strong>concluder\u00e0 sabato 2 settembre 2023<\/strong>\u00a0con l&#039;inaugurazione della mostra e la ceremonia di premiazione, che si svolger\u00e0\u00a0per la prima volta a <strong>Portorose<\/strong>\u00a0.<\/p>\n<p>La 58ma edizione Ex-tempore Pirano 2023 si contraddistingue con delle importanti novit\u00e0: il montepremi del primo premio, il\u00a0<strong>grand-prix<\/strong>,\u00a0<strong>\u00e8 stato aumentato a 4.000 euro<\/strong>\u00a0e la mostra finale di tutte le opere selezionate e premiate avverr\u00e0 quest&#039;anno in un unico\u00a0<strong>spazio espositivo, nella Galleria Monfort Portorose<\/strong>. Sempre nella\u00a0<strong>Sala Lignea del Complesso Monfort<\/strong>\u00a0si svolger\u00e0 anche la cerimonia di premiazione, seguita dal concerto pop-jazz del gruppo\u00a0<strong>Lapsus Trio<\/strong>.<\/p>\n<p>Lo spostamento dell&#039;evento conclusivo con ritrovo in una\u00a0<strong>location d&#039;\u00e9lite<\/strong>, con vista mare, \u00e8 senza dubbio un passo importante\u00a0<strong>verso la rinascita e la valorizzazione di questo magnifico edificio<\/strong>\u00a0<strong>di Portorose<\/strong>. Le opere per la mostra e alcuni premi saranno selezionati da una\u00a0<strong>giuria internazionale di esperti<\/strong>:\u00a0<strong>Eda \u010cufer<\/strong>, Slovenia;\u00a0<strong>Igor E\u0161kinja<\/strong>, Croazia;\u00a0<strong>Daniele Capra<\/strong>, Italia (la segretaria della giuria sar\u00e0 Majda Bo\u017eeglav Japelj). L&#039;allestimento della mostra collettiva sar\u00e0 a cura di Ana Pape\u017e e Tatjana Sirk.<\/p>\n<p>Con l&#039;auspicio di generare eventi comuni che sappiano valorizzare adeguatamente la tradizione, le Gallerie Costiere di Pirano si impegnano a creare eventi artistici originali e creativi nel pieno rispetto del patrimonio culturale, dell&#039;ambiente e co-cittadini.\u00a0 Con questo spirito \u00e8 stato ideato l&#039;evento di gala finale dal titolo\u00a0<strong>EX-TEMPORE PORTOROSE<\/strong>,<strong>\u00a0diretto dal<\/strong>\u00a0<strong>giovane regista Ivan Loboda\u00a0<\/strong>e condotto dall&#039;amata\u00a0<strong>giornalista televisiva Karin Sabadin<\/strong>.<\/p>\n<p>Gli eventi Ex-tempore Pirano 2023 si arricchiscono anche grazie al significativo networking interistituzionale e locale, dall&#039;unione di forze nuove: la 58ma edizione \u00e8 realizzata infatti con il\u00a0<strong>sostegno finanziario del Comune di Pirano<\/strong>\u00a0al quale si aggiungono\u00a0<strong>il prezioso sostegno del<\/strong>\u00a0<strong>Teatro di Capodistria<\/strong>,\u00a0<strong>dell&#039;Auditorij Portoro\u017e-Portorose,<\/strong>\u00a0dell&#039;azienda pubblica <strong>Okolje Pirano<\/strong>\u00a0dal generoso aiuto<strong>\u00a0<\/strong>della\u00a0<strong>Comunit\u00e0 degli Italiani Giuseppe Tartini di Pirano<\/strong>, della\u00a0<strong>Comunit<\/strong><strong>\u00e0 autogestita della nazionalit\u00e0 italiana di Pirano<\/strong>, dell&#039;<strong>Hotel Marko<\/strong>\u00a0e del\u00a0<strong>Ristorante Kogo<\/strong>, e grazie\u00a0 al\u00a0<strong>supporto e patrocinio generale di Vinakoper.<\/strong><\/p>\n<p>Siete invitati a visitare gli altri eventi presentati nel\u00a0<em>Programma degli eventi durante Ex-tempore Pirano 2023<\/em>\u00a0<a href=\"https:\/\/www.obalne-galerije.si\/it\/58%cb%9a-ex-tempore-internazionale-di-pittura-2023\/\">a questo link.<\/a><\/p>\n<p>\n<\/div><div class=\"kc-elm kc-css-604954\" style=\"height: 20px; clear: both; width:100%;\"><\/div><div class=\"kc-elm kc-css-155341 kc_shortcode kc_single_image\">\n\n        <a  href=\"https:\/\/www.obalne-galerije.si\/wp-content\/uploads\/2023\/08\/POster-sponsors_news-sabato-e-oggi_EX_Gledga.pdf\" title=\"\" target=\"_blank\">\n        <img decoding=\"async\" src=\"https:\/\/www.obalne-galerije.si\/wp-content\/uploads\/2023\/08\/EX_Gledga-scaled.jpg\" class=\"\" alt=\"\" \/>    <\/a>\n    <\/div>\n<\/div><\/div><\/div><\/div><\/section><section class=\"kc-elm kc-css-798492 kc_row\"><div class=\"kc-row-container  kc-container\"><div class=\"kc-wrap-columns\"><div class=\"kc-elm kc-css-234477 kc_col-sm-12 kc_column kc_col-sm-12\"><div class=\"kc-col-container\"><div class=\"kc-elm kc-css-30530\" style=\"height: 20px; clear: both; width:100%;\"><\/div><\/div><\/div><\/div><\/div><\/section><section class=\"kc-elm kc-css-896996 kc_row\"><div class=\"kc-row-container  kc-container\"><div class=\"kc-wrap-columns\"><div class=\"kc-elm kc-css-992927 kc_col-sm-4 kc_column kc_col-sm-4\"><div class=\"kc-col-container\"><\/div><\/div><div class=\"kc-elm kc-css-135707 kc_col-sm-5 kc_column kc_col-sm-5\"><div class=\"kc-col-container\"><div class=\"kc-elm kc-css-77711 kc_shortcode kc_single_image\">\n\n        <img decoding=\"async\" src=\"https:\/\/www.obalne-galerije.si\/wp-content\/uploads\/2023\/08\/EX_logo.jpg\" class=\"\" alt=\"\" \/>    <\/div>\n<\/div><\/div><div class=\"kc-elm kc-css-888135 kc_col-sm-4 kc_column kc_col-sm-4\"><div class=\"kc-col-container\"><\/div><\/div><\/div><\/div><\/section><\/p>\n","protected":false},"excerpt":{"rendered":"","protected":false},"author":4,"featured_media":18802,"comment_status":"closed","ping_status":"closed","sticky":false,"template":"","format":"standard","meta":{"footnotes":""},"categories":[48],"tags":[],"class_list":["post-18817","post","type-post","status-publish","format-standard","has-post-thumbnail","hentry","category-notizie"],"acf":[],"_links":{"self":[{"href":"https:\/\/www.obalne-galerije.si\/it\/wp-json\/wp\/v2\/posts\/18817","targetHints":{"allow":["GET"]}}],"collection":[{"href":"https:\/\/www.obalne-galerije.si\/it\/wp-json\/wp\/v2\/posts"}],"about":[{"href":"https:\/\/www.obalne-galerije.si\/it\/wp-json\/wp\/v2\/types\/post"}],"author":[{"embeddable":true,"href":"https:\/\/www.obalne-galerije.si\/it\/wp-json\/wp\/v2\/users\/4"}],"replies":[{"embeddable":true,"href":"https:\/\/www.obalne-galerije.si\/it\/wp-json\/wp\/v2\/comments?post=18817"}],"version-history":[{"count":4,"href":"https:\/\/www.obalne-galerije.si\/it\/wp-json\/wp\/v2\/posts\/18817\/revisions"}],"predecessor-version":[{"id":18997,"href":"https:\/\/www.obalne-galerije.si\/it\/wp-json\/wp\/v2\/posts\/18817\/revisions\/18997"}],"wp:featuredmedia":[{"embeddable":true,"href":"https:\/\/www.obalne-galerije.si\/it\/wp-json\/wp\/v2\/media\/18802"}],"wp:attachment":[{"href":"https:\/\/www.obalne-galerije.si\/it\/wp-json\/wp\/v2\/media?parent=18817"}],"wp:term":[{"taxonomy":"category","embeddable":true,"href":"https:\/\/www.obalne-galerije.si\/it\/wp-json\/wp\/v2\/categories?post=18817"},{"taxonomy":"post_tag","embeddable":true,"href":"https:\/\/www.obalne-galerije.si\/it\/wp-json\/wp\/v2\/tags?post=18817"}],"curies":[{"name":"wp","href":"https:\/\/api.w.org\/{rel}","templated":true}]}}