{"id":18099,"date":"2023-05-18T15:23:36","date_gmt":"2023-05-18T13:23:36","guid":{"rendered":"https:\/\/www.obalne-galerije.si\/?p=18099"},"modified":"2024-11-18T21:34:11","modified_gmt":"2024-11-18T20:34:11","slug":"martin-bobic-casa-mia","status":"publish","type":"post","link":"https:\/\/www.obalne-galerije.si\/it\/martin-bobic-casa-mia\/","title":{"rendered":"MARTIN BOBI\u010c: CASA MIA"},"content":{"rendered":"<p><section class=\"kc-elm kc-css-551444 kc_row\"><div class=\"kc-row-container  kc-container\"><div class=\"kc-wrap-columns\"><div class=\"kc-elm kc-css-43800 kc_col-sm-12 kc_column kc_col-sm-12\"><div class=\"kc-col-container\"><\/div><\/div><\/div><\/div><\/section><section class=\"kc-elm kc-css-241754 kc_row\"><div class=\"kc-row-container  kc-container\"><div class=\"kc-wrap-columns\"><div class=\"kc-elm kc-css-586782 kc_col-sm-6 kc_column kc_col-sm-6\"><div class=\"kc-col-container\"><div class=\"kc-elm kc-css-689600 kc_text_block\"><\/p>\n<p style=\"font-weight: 400;\"><strong>NOTTE ESTIVA DEI MUSEI |\u00a0<\/strong><\/p>\n<p style=\"font-weight: 400;\"><strong>MARTIN BOBI\u010c: CASA MIA |\u00a0<\/strong><strong style=\"font-style: inherit; font-family: -apple-system, BlinkMacSystemFont, \"Segoe UI\", Roboto, Oxygen-Sans, Ubuntu, Cantarell, \"Helvetica Neue\", sans-serif;\">Mostra fotografica |\u00a0<\/strong><\/p>\n<p style=\"font-weight: 400;\"><strong style=\"font-style: inherit; font-family: -apple-system, BlinkMacSystemFont, \"Segoe UI\", Roboto, Oxygen-Sans, Ubuntu, Cantarell, \"Helvetica Neue\", sans-serif;\">Galleria Herman Pe\u010dari\u010d Pirano |\u00a0<\/strong><strong style=\"font-style: inherit; font-family: -apple-system, BlinkMacSystemFont, \"Segoe UI\", Roboto, Oxygen-Sans, Ubuntu, Cantarell, \"Helvetica Neue\", sans-serif;\">17. <\/strong><strong style=\"font-style: inherit; font-family: -apple-system, BlinkMacSystemFont, \"Segoe UI\", Roboto, Oxygen-Sans, Ubuntu, Cantarell, \"Helvetica Neue\", sans-serif;\">6.\u201320. 8. 2023 |<\/strong><strong style=\"font-style: inherit; font-family: -apple-system, BlinkMacSystemFont, \"Segoe UI\", Roboto, Oxygen-Sans, Ubuntu, Cantarell, \"Helvetica Neue\", sans-serif;\">\u00a0<br \/><\/strong><strong style=\"font-style: inherit; font-family: -apple-system, BlinkMacSystemFont, \"Segoe UI\", Roboto, Oxygen-Sans, Ubuntu, Cantarell, \"Helvetica Neue\", sans-serif;\">Inaugurazione: <\/strong><strong style=\"font-style: inherit; font-family: -apple-system, BlinkMacSystemFont, \"Segoe UI\", Roboto, Oxygen-Sans, Ubuntu, Cantarell, \"Helvetica Neue\", sans-serif;\">Sabato, 17. 6. 2023, alle 18.00 |\u00a0<br \/><\/strong><strong style=\"font-style: inherit; font-family: -apple-system, BlinkMacSystemFont, \"Segoe UI\", Roboto, Oxygen-Sans, Ubuntu, Cantarell, \"Helvetica Neue\", sans-serif;\">A cura di: Ana Pape\u017e<\/strong><\/p>\n<p>\n<\/div><div class=\"kc-elm kc-css-307083 kc_shortcode kc_single_image\">\n\n        <img decoding=\"async\" src=\"https:\/\/www.obalne-galerije.si\/wp-content\/uploads\/2023\/05\/Bobic_vabilo.jpg\" class=\"\" alt=\"\" \/>    <\/div>\n<div class=\"kc-elm kc-css-50279\" style=\"height: 20px; clear: both; width:100%;\"><\/div><div class=\"kc-elm kc-css-237930 kc-icon-wrapper\">\n\t\t<a href=\"https:\/\/www.obalne-galerije.si\/wp-content\/uploads\/2023\/05\/Bobic_vabilo.pdf\" target=\"_blank\" title=\"\">\n\t\t<i class=\"sl-arrow-down-circle\"><\/i>\n\t\t<\/a>\n\t<\/div>\n<div class=\"kc-elm kc-css-109420 kc_text_block\"><\/p>\n<p><a href=\"https:\/\/www.obalne-galerije.si\/wp-content\/uploads\/2023\/05\/Bobic_vabilo.pdf\" target=\"_blank\" rel=\"noopener\">DOWNLOAD INVITO<\/a><\/p>\n<p>\n<\/div><div class=\"kc-elm kc-css-266279\" style=\"height: 20px; clear: both; width:100%;\"><\/div><div class=\"kc-elm kc-css-864248 kc-icon-wrapper\">\n\t\t<a href=\"https:\/\/www.obalne-galerije.si\/wp-content\/uploads\/2023\/06\/Poletna-muzejska-noc-2023_programska-knjizica.pdf\" target=\"_blank\" title=\"\">\n\t\t<i class=\"sl-arrow-down-circle\"><\/i>\n\t\t<\/a>\n\t<\/div>\n<div class=\"kc-elm kc-css-212642 kc_text_block\"><\/p>\n<p><a href=\"https:\/\/www.obalne-galerije.si\/wp-content\/uploads\/2023\/06\/Poletna-muzejska-noc-2023_programska-knjizica.pdf\">NOTTE DEI MUSEI 2023: PROGRAMMA<\/a><\/p>\n<p>\n<\/div><div class=\"kc-elm kc-css-267004\" style=\"height: 20px; clear: both; width:100%;\"><\/div><\/div><\/div><div class=\"kc-elm kc-css-151024 kc_col-sm-6 kc_column kc_col-sm-6\"><div class=\"kc-col-container\"><div class=\"kc-elm kc-css-195207 kc_text_block\"><\/p>\n<p><span style=\"font-style: inherit; font-family: -apple-system, BlinkMacSystemFont, \"Segoe UI\", Roboto, Oxygen-Sans, Ubuntu, Cantarell, \"Helvetica Neue\", sans-serif;\">Nella Notte estiva dei musei, sabato 17 giugno 2023, dedicata alla conoscenza delle istituzioni museali di tutto il paese, nella Galleria Herman Pe\u010dari\u010d a Pirano inaugureremo la mostra del fotografo locale Martin Bobi\u010d (1964\u20132022).<\/span><\/p>\n<\/p>\n<p>Martin Bobi\u010d \u00e8 nato il 28 marzo 1964 a Lubiana. Si \u00e8 trasferito nel Litorale nel 1976, a Pirano nel 1995. Dal 1989 al 2022 ha insegnato fisica e matematica presso la scuola elementare CirilKosma\u010d di Pirano e il Ginnasio di Pirano. La conoscenza dell\u2019ottica e delle altre leggi della fisica gli hanno permesso di approfondire le competenze fotografiche.<\/p>\n<\/p>\n<p>\u00c8 stato inoltre membro fondatore del Foto club Portorose e fotografo amatoriale. Per il club fotografico ha condotto workshop e informava gli altri membri sulle novit\u00e0, soprattutto durante il passaggio dalla fotografia analogica a quella digitale. Ha diffuso l\u2019amore per la fotografia anche tra i giovani organizzando vari corsi di fotografia.\u00c8 stato un documentarista del suo tempo a Pirano. Persone, edifici, scorci di eventi e animali sono soggetti comuni nella sua ricca opera&#8230; Seguiva regolarmente ed era presente con la sua macchina fotografica ad eventi e festival culturali. Amava Planina, che visitava spesso e dove \u00e8 sepolto.<\/p>\n<\/p>\n<p>Poich\u00e9 Martin Bobi\u010d era molto attivo, ben conosciuto e apprezzato dalla popolazione locale, riteniamo importante dimostrargli la nostra gratitudine e il nostro affetto con una mostra di opere scelte. Questa mostra, intitolata <em>Casa mia <\/em>(<em>Moj dom<\/em>), presenta una selezione delle sue fotografie, che mostrano la sua visione di Pirano e dellavita in citt\u00e0 ai suoi tempi.<\/p>\n<p>La mostra \u00e8 organizzata dal Foto club e dalle Gallerie Costiere di Pirano e le fotografiesono in vendita. Il ricavato sar\u00e0 devoluto in beneficenza all&#039;Associazione dei pazienti affetti da malattie del sangue (<em>Dru\u0161tv obolnikov s krvnimi boleznimi<\/em>).<\/p>\n<p>Nella Notte estiva le gallerie saranno aperte fino alle 22.00, l&#039;ingresso \u00e8 gratuito.<\/p>\n<p>\n<\/div><div class=\"kc-elm kc-css-863826\" style=\"height: 20px; clear: both; width:100%;\"><\/div><\/div><\/div><\/div><\/div><\/section><section class=\"kc-elm kc-css-195050 kc_row\"><div class=\"kc-row-container  kc-container\"><div class=\"kc-wrap-columns\"><div class=\"kc-elm kc-css-234162 kc_col-sm-12 kc_column kc_col-sm-12\"><div class=\"kc-col-container\"><\/div><\/div><\/div><\/div><\/section><section class=\"kc-elm kc-css-57773 kc_row\"><div class=\"kc-row-container  kc-container\"><div class=\"kc-wrap-columns\"><div class=\"kc-elm kc-css-124071 kc_col-of-5 kc_column kc_col-of-5\"><div class=\"kc-col-container\"><div class=\"kc-elm kc-css-796722 kc_shortcode kc_single_image\">\n\n        <img decoding=\"async\" src=\"https:\/\/www.obalne-galerije.si\/wp-content\/uploads\/2023\/05\/pmn_23_logo_1.png\" class=\"\" alt=\"\" \/>    <\/div>\n<div class=\"kc-elm kc-css-834466 kc_text_block\"><\/p>\n<p><a href=\"https:\/\/online.fliphtml5.com\/mbaxd\/oisw\/#p=1\">https:\/\/online.fliphtml5.com\/mbaxd\/oisw\/#p=1<\/a><\/p>\n<p>\n<\/div><\/div><\/div><div class=\"kc-elm kc-css-795536 kc_col-sm-5 kc_column kc_col-sm-5\"><div class=\"kc-col-container\"><\/div><\/div><div class=\"kc-elm kc-css-497484 kc_col-sm-4 kc_column kc_col-sm-4\"><div class=\"kc-col-container\"><\/div><\/div><\/div><\/div><\/section><\/p>\n","protected":false},"excerpt":{"rendered":"","protected":false},"author":4,"featured_media":22686,"comment_status":"closed","ping_status":"closed","sticky":false,"template":"","format":"standard","meta":{"footnotes":""},"categories":[34,40,48],"tags":[],"class_list":["post-18099","post","type-post","status-publish","format-standard","has-post-thumbnail","hentry","category-eventi","category-galleria-herman-pecaric","category-notizie"],"acf":[],"_links":{"self":[{"href":"https:\/\/www.obalne-galerije.si\/it\/wp-json\/wp\/v2\/posts\/18099","targetHints":{"allow":["GET"]}}],"collection":[{"href":"https:\/\/www.obalne-galerije.si\/it\/wp-json\/wp\/v2\/posts"}],"about":[{"href":"https:\/\/www.obalne-galerije.si\/it\/wp-json\/wp\/v2\/types\/post"}],"author":[{"embeddable":true,"href":"https:\/\/www.obalne-galerije.si\/it\/wp-json\/wp\/v2\/users\/4"}],"replies":[{"embeddable":true,"href":"https:\/\/www.obalne-galerije.si\/it\/wp-json\/wp\/v2\/comments?post=18099"}],"version-history":[{"count":5,"href":"https:\/\/www.obalne-galerije.si\/it\/wp-json\/wp\/v2\/posts\/18099\/revisions"}],"predecessor-version":[{"id":22689,"href":"https:\/\/www.obalne-galerije.si\/it\/wp-json\/wp\/v2\/posts\/18099\/revisions\/22689"}],"wp:featuredmedia":[{"embeddable":true,"href":"https:\/\/www.obalne-galerije.si\/it\/wp-json\/wp\/v2\/media\/22686"}],"wp:attachment":[{"href":"https:\/\/www.obalne-galerije.si\/it\/wp-json\/wp\/v2\/media?parent=18099"}],"wp:term":[{"taxonomy":"category","embeddable":true,"href":"https:\/\/www.obalne-galerije.si\/it\/wp-json\/wp\/v2\/categories?post=18099"},{"taxonomy":"post_tag","embeddable":true,"href":"https:\/\/www.obalne-galerije.si\/it\/wp-json\/wp\/v2\/tags?post=18099"}],"curies":[{"name":"wp","href":"https:\/\/api.w.org\/{rel}","templated":true}]}}