{"id":17945,"date":"2023-05-16T21:17:08","date_gmt":"2023-05-16T19:17:08","guid":{"rendered":"https:\/\/www.obalne-galerije.si\/?p=17945"},"modified":"2023-05-29T16:03:25","modified_gmt":"2023-05-29T14:03:25","slug":"asilo-nido-mornarcek-cartoline-della-citta","status":"publish","type":"post","link":"https:\/\/www.obalne-galerije.si\/it\/asilo-nido-mornarcek-cartoline-della-citta\/","title":{"rendered":"ASILO NIDO MORNAR\u010cEK: Cartoline della citt\u00e0"},"content":{"rendered":"<p><strong>ASILO NIDO MORNAR\u010cEK: <\/strong><strong>CARTOLINE DELLA CIIT<\/strong><strong>\u00c0 |\u00a0<\/strong><\/p>\n<p><strong>\u00a0<\/strong><strong>Galleria Herman Pe\u010dari\u010d |\u00a0<\/strong><\/p>\n<p><strong>Inaugurazione: <\/strong><strong>Gioved<\/strong><strong>\u00ec<\/strong><strong>, 25 maggio 2023, alle 19:00 |<br \/>\n<\/strong><strong>A cura di: Ana Pape\u017e<\/strong><!--more--><\/p>\n<p>&nbsp;<\/p>\n<p>L&#8217;asilo nido Mornar\u010dek Pirano \u00e8 in festa!<\/p>\n<p>Il <strong>25 maggio 2023, alle ore 18:00<\/strong>, si terr\u00e0 al <strong>teatro Tartini Pirano<\/strong> un evento speciale in occasione del <strong>50\u00b0 anniversario dell&#8217;asilo nido Mornar\u010dek Pirano<\/strong>, dove si presenteranno i bambini e le persone che di loro si occupano. La serata si concluder\u00e0 nella <strong>Galleria Herman Pe\u010dari\u010d<\/strong> a Pirano con l&#8217;inaugurazione di una <strong>mostra<\/strong> delle creazioni di bambini, nate nell&#8217;ambito del progetto UNESCO <strong><em>Cartoline dalla citt\u00e0<\/em><\/strong>. I bambini hanno analizzato come \u00e8 cambiata la citt\u00e0 nel tempo e come possono contribuire loro stessi per migliorare la qualit\u00e0 della vita in citt\u00e0. La lunga collaborazione delle Gallerie costiere Pirano con l&#8217;asilo nido, ha permesso ai piccoli artisti di esporre le loro creazioni nella galleria, perch\u00e9 \u00e8 importante incoraggiare la creativit\u00e0 e l&#8217;amore per l&#8217;arte fin dalla tenera et\u00e0.<\/p>\n","protected":false},"excerpt":{"rendered":"<p>ASILO NIDO MORNAR\u010cEK: CARTOLINE DELLA CIIT\u00c0 |\u00a0 \u00a0Galleria Herman Pe\u010dari\u010d |\u00a0 Inaugurazione: Gioved\u00ec, 25 maggio 2023, alle 19:00 | A cura di: Ana Pape\u017e<\/p>\n","protected":false},"author":4,"featured_media":14907,"comment_status":"closed","ping_status":"closed","sticky":false,"template":"","format":"standard","meta":{"footnotes":""},"categories":[115,34,40,48],"tags":[],"class_list":["post-17945","post","type-post","status-publish","format-standard","has-post-thumbnail","hentry","category-didattica","category-eventi","category-galleria-herman-pecaric","category-notizie"],"acf":[],"_links":{"self":[{"href":"https:\/\/www.obalne-galerije.si\/it\/wp-json\/wp\/v2\/posts\/17945","targetHints":{"allow":["GET"]}}],"collection":[{"href":"https:\/\/www.obalne-galerije.si\/it\/wp-json\/wp\/v2\/posts"}],"about":[{"href":"https:\/\/www.obalne-galerije.si\/it\/wp-json\/wp\/v2\/types\/post"}],"author":[{"embeddable":true,"href":"https:\/\/www.obalne-galerije.si\/it\/wp-json\/wp\/v2\/users\/4"}],"replies":[{"embeddable":true,"href":"https:\/\/www.obalne-galerije.si\/it\/wp-json\/wp\/v2\/comments?post=17945"}],"version-history":[{"count":3,"href":"https:\/\/www.obalne-galerije.si\/it\/wp-json\/wp\/v2\/posts\/17945\/revisions"}],"predecessor-version":[{"id":17977,"href":"https:\/\/www.obalne-galerije.si\/it\/wp-json\/wp\/v2\/posts\/17945\/revisions\/17977"}],"wp:featuredmedia":[{"embeddable":true,"href":"https:\/\/www.obalne-galerije.si\/it\/wp-json\/wp\/v2\/media\/14907"}],"wp:attachment":[{"href":"https:\/\/www.obalne-galerije.si\/it\/wp-json\/wp\/v2\/media?parent=17945"}],"wp:term":[{"taxonomy":"category","embeddable":true,"href":"https:\/\/www.obalne-galerije.si\/it\/wp-json\/wp\/v2\/categories?post=17945"},{"taxonomy":"post_tag","embeddable":true,"href":"https:\/\/www.obalne-galerije.si\/it\/wp-json\/wp\/v2\/tags?post=17945"}],"curies":[{"name":"wp","href":"https:\/\/api.w.org\/{rel}","templated":true}]}}