{"id":17855,"date":"2023-03-31T10:02:37","date_gmt":"2023-03-31T08:02:37","guid":{"rendered":"https:\/\/www.obalne-galerije.si\/?p=17855"},"modified":"2023-03-31T10:45:43","modified_gmt":"2023-03-31T08:45:43","slug":"nemanja-cvijanovic-la-piazza-dei-non-indifferenti-visite-guidate","status":"publish","type":"post","link":"https:\/\/www.obalne-galerije.si\/it\/nemanja-cvijanovic-la-piazza-dei-non-indifferenti-visite-guidate\/","title":{"rendered":"LA PIAZZA DEI NON INDIFFERENTI &#8211; Visite guidate"},"content":{"rendered":"<p><strong>NEMANJA CVIJANOVI\u0106: <\/strong><strong>LA PIAZZA DEI NON INDIFFERENTI |\u00a0<\/strong><\/p>\n<p><strong>Galleria Civica Pirano, <\/strong><strong>Galleria Medusa, Galleria Loggia e Magazzino Libertas Capodistria |<br \/>\n<\/strong><strong>25.03.\u250021.05.2023 |<\/strong><\/p>\n<p><strong>Visita guidata in compagnia dell&#8217;artista: Gioved\u00ec, 6. 4. 2023, alle 16.00 &#8211; <\/strong><strong>Galleria Civica Pirano<\/strong><strong>\u00a0|\u00a0<\/strong><\/p>\n<p><strong>Visita guidata con la curatrice: Marted\u00ec, 25. 4. 2023, alle 17.00 e alle 18.00 &#8211; <\/strong><strong>Galleria Medusa, Galleria Loggia e Magazino Libertas Capodistria<\/strong><\/p>\n<p><strong>\u00a0<\/strong><\/p>\n<p>Le ultime giornate di marzo sono state segnate dall&#8217;inaugurazione della mostra retrospettiva <em>La piazza dei non indifferenti<\/em> dell&#8217;artista croato Nemanja Cvijanovi\u0107, che si svolge tra Capodistria e Pirano. Oltre alla Galleria civica di Pirano, le opere sono in mostra presso la Galleria Loggia, la Galleria Medusa e il Magazzino Libertas a Capodistria. Nel mese di aprile verranno organizzate visite guidate in tutte le sedi espositive. La prima visita guidata si terr\u00e0 presso la Galleria Civica di Pirano gioved\u00ec 6 aprile 2023 alle ore 16 e si svolger\u00e0 in compagnia dell&#8217;artista Nemanja Cvijanovi\u0107. Marted\u00ec 25 aprile 2023, la curatrice Majda Bo\u017eeglav Japelj accompagnera i visitatori in una visita guidata dalla Galleria Medusa alla Galleria Loggia, fino a concludersi al Magazzino Libertas di Capodistria. La visita inizier\u00e0 alle ore 17 (visita guidata in italiano) e alle 18 (visita guidata in sloveno), entrambe con il punto di ritrovo presso la Galleria Medusa a Capodistria.<\/p>\n<p>A maggio annucieremo una serie di visite guidate con esperti esterni e workshop professionali per studenti di pratiche visive dell&#8217;Universit\u00e0 del Litorale (PEF VUO).<\/p>\n<p><a href=\"https:\/\/www.obalne-galerije.si\/it\/la-piazza-dei-non-indiferrenti-nemanja-cvijanovic\/\">Maggiori informazioni al link\u2026<\/a><\/p>\n","protected":false},"excerpt":{"rendered":"<p>NEMANJA CVIJANOVI\u0106: LA PIAZZA DEI NON INDIFFERENTI |\u00a0 Galleria Civica Pirano, Galleria Medusa, Galleria Loggia e Magazzino Libertas Capodistria | 25.03.\u250021.05.2023 | Visita guidata in compagnia dell&#8217;artista: Gioved\u00ec, 6. 4. 2023, alle 16.00 &#8211; Galleria Civica Pirano\u00a0|\u00a0 Visita guidata con la curatrice: Marted\u00ec, 25. 4. 2023, alle 17.00 e alle 18.00 &#8211; Galleria Medusa, Galleria<\/p>\n","protected":false},"author":4,"featured_media":17849,"comment_status":"closed","ping_status":"closed","sticky":false,"template":"","format":"standard","meta":{"footnotes":""},"categories":[34,48],"tags":[],"class_list":["post-17855","post","type-post","status-publish","format-standard","has-post-thumbnail","hentry","category-eventi","category-notizie"],"acf":[],"_links":{"self":[{"href":"https:\/\/www.obalne-galerije.si\/it\/wp-json\/wp\/v2\/posts\/17855","targetHints":{"allow":["GET"]}}],"collection":[{"href":"https:\/\/www.obalne-galerije.si\/it\/wp-json\/wp\/v2\/posts"}],"about":[{"href":"https:\/\/www.obalne-galerije.si\/it\/wp-json\/wp\/v2\/types\/post"}],"author":[{"embeddable":true,"href":"https:\/\/www.obalne-galerije.si\/it\/wp-json\/wp\/v2\/users\/4"}],"replies":[{"embeddable":true,"href":"https:\/\/www.obalne-galerije.si\/it\/wp-json\/wp\/v2\/comments?post=17855"}],"version-history":[{"count":3,"href":"https:\/\/www.obalne-galerije.si\/it\/wp-json\/wp\/v2\/posts\/17855\/revisions"}],"predecessor-version":[{"id":17881,"href":"https:\/\/www.obalne-galerije.si\/it\/wp-json\/wp\/v2\/posts\/17855\/revisions\/17881"}],"wp:featuredmedia":[{"embeddable":true,"href":"https:\/\/www.obalne-galerije.si\/it\/wp-json\/wp\/v2\/media\/17849"}],"wp:attachment":[{"href":"https:\/\/www.obalne-galerije.si\/it\/wp-json\/wp\/v2\/media?parent=17855"}],"wp:term":[{"taxonomy":"category","embeddable":true,"href":"https:\/\/www.obalne-galerije.si\/it\/wp-json\/wp\/v2\/categories?post=17855"},{"taxonomy":"post_tag","embeddable":true,"href":"https:\/\/www.obalne-galerije.si\/it\/wp-json\/wp\/v2\/tags?post=17855"}],"curies":[{"name":"wp","href":"https:\/\/api.w.org\/{rel}","templated":true}]}}