{"id":17791,"date":"2023-04-01T10:02:28","date_gmt":"2023-04-01T08:02:28","guid":{"rendered":"https:\/\/www.obalne-galerije.si\/?p=17791"},"modified":"2024-11-18T21:36:35","modified_gmt":"2024-11-18T20:36:35","slug":"hybrid-gardens-installazione","status":"publish","type":"post","link":"https:\/\/www.obalne-galerije.si\/it\/hybrid-gardens-installazione\/","title":{"rendered":"HYBRID GARDENS &#8211; Installazione"},"content":{"rendered":"<p><section class=\"kc-elm kc-css-187607 kc_row\"><div class=\"kc-row-container  kc-container\"><div class=\"kc-wrap-columns\"><div class=\"kc-elm kc-css-304317 kc_col-sm-12 kc_column kc_col-sm-12\"><div class=\"kc-col-container\"><\/div><\/div><\/div><\/div><\/section><section class=\"kc-elm kc-css-92926 kc_row\"><div class=\"kc-row-container  kc-container\"><div class=\"kc-wrap-columns\"><div class=\"kc-elm kc-css-701706 kc_col-sm-6 kc_column kc_col-sm-6\"><div class=\"kc-col-container\"><div class=\"kc-elm kc-css-651903 kc_shortcode kc_single_image\">\n\n        <img decoding=\"async\" src=\"https:\/\/www.obalne-galerije.si\/wp-content\/uploads\/2023\/03\/IMG-3079-scaled.jpg\" class=\"\" alt=\"\" \/>    <\/div>\n<div class=\"kc-elm kc-css-818336 kc_shortcode kc_single_image\">\n\n        <img decoding=\"async\" src=\"https:\/\/www.obalne-galerije.si\/wp-content\/uploads\/2023\/03\/hybrid-gardens-01-scaled.jpg\" class=\"\" alt=\"\" \/>    <\/div>\n<div class=\"kc-elm kc-css-261304 kc_text_block\"><\/p>\n<p>Fotografia: Dra\u017een Vitolovi\u0107<\/p>\n<p>\n<\/div><div class=\"kc-elm kc-css-343193\" style=\"height: 20px; clear: both; width:100%;\"><\/div><\/div><\/div><div class=\"kc-elm kc-css-478064 kc_col-sm-6 kc_column kc_col-sm-6\"><div class=\"kc-col-container\"><div class=\"kc-elm kc-css-822173 kc_text_block\"><\/p>\n<p><strong>HYBRID GARDENS: <\/strong><strong>Installazione |<br \/><\/strong><strong>Galleria Herman Pe\u010dari\u010d Pirano, <\/strong><strong>14.04 \u2500 21.05.2023 |<br \/><\/strong><\/p>\n<p><strong>Inaugurazione: venerd\u00ec, 14. 4. 2023, alle 18.00 |<br \/><\/strong><strong>Curatrice: Tatjana Sirk |\u00a0<\/strong><\/p>\n<p><strong>\u00a0<\/strong><strong>Progetto realizzato in collaborazione con l&#039;Accademia di arti applicate dell&#039;Universit\u00e0 di Fiume<\/strong><\/p>\n<\/p>\n<p>La Galleria Herman Pe\u010dari\u010d \u00e8 stata sede di mostre di ceramica in diverse occasioni sin dalla sua inaugurazione. Tra queste meritano un accenno particolare le mostre associate all&#039;Ex-tempore internazionale della ceramica (2000\u25002015). Nel 2016 la manifestazione si \u00e8 simbolicamente conclusa con una mostra di ceramiche provenienti dalle collezioni delle Gallerie costiere Pirano. Dopo una lunga pausa, la galleria torna a ospitare un&#039;installazione di questo popolare genere d\u2019arte.<\/p>\n<p>La lavorazione della ceramica \u00e8 un ramo artistico ampio e complesso, in continua evoluzione e strettamente legato alla tecnologia e allo sviluppo dei singoli materiali. Ne sono affascinati molti artisti, quelli amatoriali che si sono formati ai corsi e quelli con formazione accademica. Nella scultura, l&#039;argilla \u00e8 uno dei materiali principali e utilizzati di frequente, anche i pittori si esprimono spesso dipingendo basi di argilla (ad esempio un piatto). In questo vivace ambiente creativo la ceramica artistica detiene uno status speciale, essendosi affermata soltanto negli ultimi decenni come genere artistico indipendente nel campo dell&#039;arte. Lo confermano le numerose mostre inaugurate in ambito nazionale e internazionale e il crescente interesse dei giovani per lo studio della ceramica nelle accademie.<\/p>\n<p>Alle GCP abbiamo incontrato per la prima volta gli studenti dell&#039;Accademia di arti applicate (APURI) di Fiume in occasione della mostra collettiva<em> Keramos: Qui e adesso \u2013 Panoramica sulla ceramica temporanea<\/em>, tenutasi presso la Galleria civica Pirano (dicembre 2017 &#8211; marzo 2018). Mag. Dra\u017een Vitolovi\u0107, uno tra gli otto selezionatori invitati da Slovenia, Croazia e Italia, scultore e professore all\u2019accademia di Fiume, ha scelto alcuni degli artisti pi\u00f9 interessanti per questa mostra. I suoi studenti, che hanno partecipato alla mostra, hanno conferito un tocco speciale e molta spontaneit\u00e0 all&#039;intera manifestazione. Gli oggetti in ceramica, innovativi e non convenzionali, hanno fatto notare il grande potenziale creativo dei giovani, che usando come veicolo artistico la ceramica, si sono espressi in modo sovrano, senza particolari vincoli o restrizioni.<\/p>\n<p>&#8220;Il corso di ceramica dell&#039;Accademia di arti applicate di Fiume \u00e8 concepito in modo da studiare questo veicolo creativo nel contesto odierno, sia in modo concettuale e in termini di utilizzo di nuove tecnologie, sia per creare nuove direttive e strategie per l&#039;ulteriore sviluppo del corso stesso e di nuovi programmi di studio. Gli studenti dell&#039;Accademia si incoraggiano reciprocamente ad esplorare la ceramica come mezzo di espressione, i loro prodotti coprono infatti una vasta gamma di lavori &#8211; dalle installazioni d\u2019arte e combinazioni con altri materiali, agli oggetti applicati e al design industriale (&#8230;) Il lavoro ceramico diventa e rimane, quindi, portatore di una moltitudine di informazioni, oltre ad essere una fonte inesauribile per ulteriori ricerche\", scriveva Vitolovi\u0107, tra le altre cose, nel catalogo della mostra di allora.<\/p>\n<p>L&#039;installazione <em>Hybrid Gardens<\/em> \u00e8 un progetto degli studenti del primo anno, che hanno scelto Ceramica nell&#039;ambito del loro corso di laurea in Arti applicate, Pedagogia dell&#039;arte e Comunicazione visiva e graphic design. Quella di unire gli studenti e i loro professori a fare il lavoro di gruppo e cercare idee in comune \u00e8 stata una buona pratica per un efficace apprendimento e trasferimento di conoscenze e competenze. Particolarmente degno di nota \u00e8 l&#039;orientamento ecologico del progetto che usa l\u2019argilla riciclata, raccolta e separata dopo i processi di essiccazione e cottura non riusciti. Inoltre, gli studenti, grazie al lavoro svolto all\u2019interno dell\u2019Accademia, si sentono socialmente utili, poich\u00e9 i prodotti finiti sono estremamente utili per la decorazione d&#039;interni &#8211; in particolare, per gli ambienti pubblici come ospedali o scuole che, cos\u00ec arredati, diventano pi\u00f9 accoglienti e piacevoli.<\/p>\n<p><em>Hybrid Gardens <\/em>\u00e8 un<em> work in progress<\/em>, in continua evoluzione che non finisce mai per davvero. \u00c8 composto da pezzi unici fatti a mano e di oggetti multipli, realizzati con stampi o stampanti 3D. Gli oggetti possono essere esposti singolarmente, ma hanno un impatto ancora maggiore se combinati in moduli, assemblati e adattati allo spazio approntato. Gli elementi di base sono realizzati in argilla, con forme organiche o geometriche, nelle tonalit\u00e0 dell&#039;argilla naturale e con diversi trattamenti di superficie (in rilievo, liscia, non smaltata, smaltata&#8230;), con cavit\u00e0 vuote e abitate da piante viventi. Ed \u00e8 proprio la combinazione della materia inanimata con organismi viventi, indipendentemente dal tipo di produzione e dalla forma, che attribuisce alle creazioni finali una speciale forza espressiva e poetica. Le forme in ceramica che interagiscono con il mondo vegetale, formano nuovi microambienti di perfetta convivenza e armonia. Nella disposizione di gruppo si instaura anche un particolare dialogo tra le singole poetiche artistiche; ogni nuova combinazione e ogni nuovo spazio offre una nuova esperienza estetica. All\u2019interno di questi giardini pensili ibridi uno spettatore attento pu\u00f2 vivere un\u2019esperienza percettiva e sensoriale molto complessa e trovare numerosi nuovi stimoli.<\/p>\n<p>\n<\/div><div class=\"kc-elm kc-css-930545\" style=\"height: 20px; clear: both; width:100%;\"><\/div><\/div><\/div><\/div><\/div><\/section><\/p>\n","protected":false},"excerpt":{"rendered":"","protected":false},"author":4,"featured_media":22692,"comment_status":"closed","ping_status":"closed","sticky":false,"template":"","format":"standard","meta":{"footnotes":""},"categories":[40,80,48],"tags":[],"class_list":["post-17791","post","type-post","status-publish","format-standard","has-post-thumbnail","hentry","category-galleria-herman-pecaric","category-mostre","category-notizie"],"acf":[],"_links":{"self":[{"href":"https:\/\/www.obalne-galerije.si\/it\/wp-json\/wp\/v2\/posts\/17791","targetHints":{"allow":["GET"]}}],"collection":[{"href":"https:\/\/www.obalne-galerije.si\/it\/wp-json\/wp\/v2\/posts"}],"about":[{"href":"https:\/\/www.obalne-galerije.si\/it\/wp-json\/wp\/v2\/types\/post"}],"author":[{"embeddable":true,"href":"https:\/\/www.obalne-galerije.si\/it\/wp-json\/wp\/v2\/users\/4"}],"replies":[{"embeddable":true,"href":"https:\/\/www.obalne-galerije.si\/it\/wp-json\/wp\/v2\/comments?post=17791"}],"version-history":[{"count":4,"href":"https:\/\/www.obalne-galerije.si\/it\/wp-json\/wp\/v2\/posts\/17791\/revisions"}],"predecessor-version":[{"id":22694,"href":"https:\/\/www.obalne-galerije.si\/it\/wp-json\/wp\/v2\/posts\/17791\/revisions\/22694"}],"wp:featuredmedia":[{"embeddable":true,"href":"https:\/\/www.obalne-galerije.si\/it\/wp-json\/wp\/v2\/media\/22692"}],"wp:attachment":[{"href":"https:\/\/www.obalne-galerije.si\/it\/wp-json\/wp\/v2\/media?parent=17791"}],"wp:term":[{"taxonomy":"category","embeddable":true,"href":"https:\/\/www.obalne-galerije.si\/it\/wp-json\/wp\/v2\/categories?post=17791"},{"taxonomy":"post_tag","embeddable":true,"href":"https:\/\/www.obalne-galerije.si\/it\/wp-json\/wp\/v2\/tags?post=17791"}],"curies":[{"name":"wp","href":"https:\/\/api.w.org\/{rel}","templated":true}]}}