{"id":17757,"date":"2023-03-29T15:00:38","date_gmt":"2023-03-29T13:00:38","guid":{"rendered":"https:\/\/www.obalne-galerije.si\/?p=17757"},"modified":"2023-03-31T11:58:51","modified_gmt":"2023-03-31T09:58:51","slug":"appuntamenti-di-marzo-2023-2","status":"publish","type":"post","link":"https:\/\/www.obalne-galerije.si\/it\/appuntamenti-di-marzo-2023-2\/","title":{"rendered":"Appuntamenti di Aprile 2023"},"content":{"rendered":"<section class=\"kc-elm kc-css-890991 kc_row\"><div class=\"kc-row-container  kc-container\"><div class=\"kc-wrap-columns\"><div class=\"kc-elm kc-css-388395 kc_col-sm-12 kc_column kc_col-sm-12\"><div class=\"kc-col-container\"><div class=\"kc-elm kc-css-675467\" style=\"height: 20px; clear: both; width:100%;\"><\/div><div class=\"kc-elm kc-css-824182 kc_text_block\"><\/p>\n<p><strong>HYBRID GARDENS<\/strong><\/p>\n<p><strong>Installazione, ceramica, <\/strong><strong>Galleria Herman Pe\u010dari\u010d Pirano, 14.0<\/strong><strong>4 \u2500 5.06.2023<br \/><\/strong><strong>Inaugurazione: Venerd\u00ec, 14. 4. 2023, alle 18.00<br \/><\/strong><strong>Curatrice: Tatjana Sirk<\/strong><\/p>\n<p><strong>Progetto realizzato in collaborazione con l&#8217;Accademia di arti applicate dell&#8217;Universit\u00e0 di Fiume<\/strong><\/p>\n<p>La Galleria Herman Pe\u010dari\u010d \u00e8 stata sede di mostre di ceramica in diverse occasioni sin dalla sua inaugurazione. Tra queste meritano un accenno particolare le mostre associate all&#8217;Ex-tempore internazionale della ceramica (2000\u25002015). Nel 2016 la manifestazione si \u00e8 simbolicamente conclusa con una mostra di ceramiche provenienti dalle collezioni delle Gallerie costiere Pirano. Dopo una lunga pausa, la galleria torna a ospitare un&#8217;installazione di questo popolare genere d\u2019arte.<\/p>\n<p>L&#8217;installazione <em>Hybrid Gardens<\/em> \u00e8 un progetto degli studenti del primo anno, che hanno scelto Ceramica nell&#8217;ambito del loro corso di laurea in Arti applicate, Pedagogia dell&#8217;arte e Comunicazione visiva e graphic design. Quella di unire gli studenti e i loro professori a fare il lavoro di gruppo e cercare idee in comune \u00e8 stata una buona pratica per un efficace apprendimento e trasferimento di conoscenze e competenze. Particolarmente degno di nota \u00e8 l&#8217;orientamento ecologico del progetto che usa l\u2019argilla riciclata, raccolta e separata dopo i processi di essiccazione e cottura non riusciti. Inoltre, gli studenti, grazie al lavoro svolto all\u2019interno dell\u2019Accademia, si sentono socialmente utili, poich\u00e9 i prodotti finiti sono estremamente utili per la decorazione d&#8217;interni &#8211; in particolare, per gli ambienti pubblici come ospedali o scuole che, cos\u00ec arredati, diventano pi\u00f9 accoglienti e piacevoli.<\/p>\n<p><em>Hybrid Gardens <\/em>\u00e8 un<em> work in progress<\/em>, in continua evoluzione che non finisce mai per davvero. \u00c8 composto da pezzi unici fatti a mano e di oggetti multipli, realizzati con stampi o stampanti 3D. Gli oggetti possono essere esposti singolarmente, ma hanno un impatto ancora maggiore se combinati in moduli, assemblati e adattati allo spazio approntato. Gli elementi di base sono realizzati in argilla, con forme organiche o geometriche, nelle tonalit\u00e0 dell&#8217;argilla naturale e con diversi trattamenti di superficie (in rilievo, liscia, non smaltata, smaltata&#8230;), con cavit\u00e0 vuote e abitate da piante viventi. Ed \u00e8 proprio la combinazione della materia inanimata con organismi viventi, indipendentemente dal tipo di produzione e dalla forma, che attribuisce alle creazioni finali una speciale forza espressiva e poetica. Le forme in ceramica che interagiscono con il mondo vegetale, formano nuovi microambienti di perfetta convivenza e armonia. Nella disposizione di gruppo si instaura anche un particolare dialogo tra le singole poetiche artistiche; ogni nuova combinazione e ogni nuovo spazio offre una nuova esperienza estetica. All\u2019interno di questi giardini pensili ibridi uno spettatore attento pu\u00f2 vivere un\u2019esperienza percettiva e sensoriale molto complessa e trovare numerosi nuovi stimoli.<\/p>\n<p><a href=\"https:\/\/www.obalne-galerije.si\/it\/hybrid-gardens-installazione\/\">Maggiori informazioni al link\u2026<\/a><\/p>\n<p>\n<\/div><div class=\"kc-elm kc-css-545352 kc_text_block\"><\/p>\n<p><strong style=\"font-style: inherit; font-family: -apple-system, BlinkMacSystemFont, &#039;Segoe UI&#039;, Roboto, Oxygen-Sans, Ubuntu, Cantarell, &#039;Helvetica Neue&#039;, sans-serif;\">\u00a0<\/strong><strong style=\"font-style: inherit; font-family: -apple-system, BlinkMacSystemFont, &#039;Segoe UI&#039;, Roboto, Oxygen-Sans, Ubuntu, Cantarell, &#039;Helvetica Neue&#039;, sans-serif;\">NEMANJA CVIJANOVI\u0106: <\/strong><strong style=\"font-style: inherit; font-family: -apple-system, BlinkMacSystemFont, &#039;Segoe UI&#039;, Roboto, Oxygen-Sans, Ubuntu, Cantarell, &#039;Helvetica Neue&#039;, sans-serif;\">LA PIAZZA DEI NON INDIFFERENTI<\/strong><\/p>\n<p><strong>Retrospettiva &#8211; <\/strong><strong>Galleria Civica Pirano, <\/strong><strong>Galleria Medusa, Galleria Loggia e Magazzino Libertas Capodistria<br \/><\/strong><strong>25.03.\u250021.05.2023 \u00a0<\/strong><\/p>\n<p><strong>Visita guidata in compagnia dell&#039;artista: <\/strong><strong>Galleria Civica Pirano, <\/strong><strong>Gioved\u00ec, 6.04. 2023, alle 16.00<\/strong><\/p>\n<p><strong>Visita guidata con la curatrice: <\/strong><strong>Galleria Medusa, Galleria Loggia e Magazino Libertas Capodistria, <\/strong><strong>Marted\u00ec, 25. 4. 2023, alle 17.00 e alle 18.00<\/strong><\/p>\n<p>Le ultime giornate di marzo sono state segnate dall&#039;inaugurazione della mostra retrospettiva <em>La piazza dei non indifferenti<\/em> dell&#039;artista croato Nemanja Cvijanovi\u0107, che si svolge tra Capodistria e Pirano. Oltre alla Galleria civica di Pirano, le opere sono in mostra presso la Galleria Loggia, la Galleria Medusa e il Magazzino Libertas a Capodistria. Nel mese di aprile verranno organizzate visite guidate in tutte le sedi espositive. La prima visita guidata si terr\u00e0 presso la Galleria Civica di Pirano gioved\u00ec 6 aprile 2023 alle ore 16 e si svolger\u00e0 in compagnia dell&#039;artista Nemanja Cvijanovi\u0107. Marted\u00ec 25 aprile 2023, la curatrice Majda Bo\u017eeglav Japelj accompagnera i visitatori in una visita guidata dalla Galleria Medusa alla Galleria Loggia, fino a concludersi al Magazzino Libertas di Capodistria. La visita inizier\u00e0 alle ore 17 (visita guidata in italiano) e alle 18 (visita guidata in sloveno), entrambe con il punto di ritrovo presso la Galleria Medusa a Capodistria.<\/p>\n<p>A maggio annucieremo una serie di visite guidate con esperti esterni e workshop professionali per studenti di pratiche visive dell&#039;Universit\u00e0 del Litorale (PEF VUO).\u00a0<\/p>\n<p><a href=\"https:\/\/www.obalne-galerije.si\/it\/la-piazza-dei-non-indiferrenti-nemanja-cvijanovic\/\">Maggiori informazioni al link\u2026<\/a><\/p>\n<p><strong>\u00a0<\/strong><\/p>\n<p>\n<\/div><div class=\"kc-elm kc-css-64061\" style=\"height: 20px; clear: both; width:100%;\"><\/div><div class=\"kc-elm kc-css-907480 kc_text_block\"><\/p>\n<p><strong style=\"font-style: inherit; font-family: -apple-system, BlinkMacSystemFont, &#039;Segoe UI&#039;, Roboto, Oxygen-Sans, Ubuntu, Cantarell, &#039;Helvetica Neue&#039;, sans-serif;\">PORTE APERTE<\/strong><\/p>\n<p><strong>Bando pubblico per la realizzazione di una mostra presso le Gallerie costiere Pirano nell\u2019anno 2023<\/strong><\/p>\n<p>Il progetto <em>Porte aperte<\/em> \u00e8 un bando pubblico\u00a0per artisti\/artiste, curatori\/curatrici o collettivi artistici, pensato per stimolare l\u2019apertura della programmazione museale pubblica in modo costruttivo e democratico.\u00a0Lo scopo del bando \u00e8 quello di promuovere nuove produzioni artistiche e progetti alternativi contemporanei nel campo dell\u2019arte visiva all\u2019interno della regione Primorska (Slovenia). Il bando offre a artisti\/artiste, curatori\/curatrici o collettivi artistici la possibilit\u00e0 di presentare la propria proposta espositiva nell\u2019istituzione artistica pubblica delle Gallerie Costiere di Pirano (GCP).<\/p>\n<p>La scadenza per la presentazione delle proposte \u00e8 domenica\u00a07. 05. 2023.\u00a0<\/p>\n<p><a href=\"https:\/\/www.obalne-galerije.si\/it\/porte-aperte-2023-bando-per-la-realizzazione-di-una-mostra-presso-le-gcp\/\">Maggiori informazioni al link\u2026<\/a><\/p>\n<p><strong>\u00a0<\/strong><\/p>\n<p>\n<\/div><div class=\"kc-elm kc-css-236156\" style=\"height: 20px; clear: both; width:100%;\"><\/div><\/div><\/div><\/div><\/div><\/section>\n","protected":false},"excerpt":{"rendered":"","protected":false},"author":4,"featured_media":17746,"comment_status":"closed","ping_status":"closed","sticky":false,"template":"","format":"standard","meta":{"footnotes":""},"categories":[48],"tags":[],"class_list":["post-17757","post","type-post","status-publish","format-standard","has-post-thumbnail","hentry","category-notizie"],"acf":[],"_links":{"self":[{"href":"https:\/\/www.obalne-galerije.si\/it\/wp-json\/wp\/v2\/posts\/17757","targetHints":{"allow":["GET"]}}],"collection":[{"href":"https:\/\/www.obalne-galerije.si\/it\/wp-json\/wp\/v2\/posts"}],"about":[{"href":"https:\/\/www.obalne-galerije.si\/it\/wp-json\/wp\/v2\/types\/post"}],"author":[{"embeddable":true,"href":"https:\/\/www.obalne-galerije.si\/it\/wp-json\/wp\/v2\/users\/4"}],"replies":[{"embeddable":true,"href":"https:\/\/www.obalne-galerije.si\/it\/wp-json\/wp\/v2\/comments?post=17757"}],"version-history":[{"count":4,"href":"https:\/\/www.obalne-galerije.si\/it\/wp-json\/wp\/v2\/posts\/17757\/revisions"}],"predecessor-version":[{"id":17883,"href":"https:\/\/www.obalne-galerije.si\/it\/wp-json\/wp\/v2\/posts\/17757\/revisions\/17883"}],"wp:featuredmedia":[{"embeddable":true,"href":"https:\/\/www.obalne-galerije.si\/it\/wp-json\/wp\/v2\/media\/17746"}],"wp:attachment":[{"href":"https:\/\/www.obalne-galerije.si\/it\/wp-json\/wp\/v2\/media?parent=17757"}],"wp:term":[{"taxonomy":"category","embeddable":true,"href":"https:\/\/www.obalne-galerije.si\/it\/wp-json\/wp\/v2\/categories?post=17757"},{"taxonomy":"post_tag","embeddable":true,"href":"https:\/\/www.obalne-galerije.si\/it\/wp-json\/wp\/v2\/tags?post=17757"}],"curies":[{"name":"wp","href":"https:\/\/api.w.org\/{rel}","templated":true}]}}