{"id":17419,"date":"2023-02-21T10:22:21","date_gmt":"2023-02-21T09:22:21","guid":{"rendered":"https:\/\/www.obalne-galerije.si\/?p=17419"},"modified":"2023-02-22T10:18:34","modified_gmt":"2023-02-22T09:18:34","slug":"piranova-2023-musei-e-il-digitale","status":"publish","type":"post","link":"https:\/\/www.obalne-galerije.si\/it\/piranova-2023-musei-e-il-digitale\/","title":{"rendered":"PIRANOVA 2023: Musei e il digitale"},"content":{"rendered":"<p><section class=\"kc-elm kc-css-267867 kc_row\"><div class=\"kc-row-container  kc-container\"><div class=\"kc-wrap-columns\"><div class=\"kc-elm kc-css-177197 kc_col-sm-12 kc_column kc_col-sm-12\"><div class=\"kc-col-container\"><\/div><\/div><\/div><\/div><\/section><section class=\"kc-elm kc-css-817726 kc_row\"><div class=\"kc-row-container  kc-container\"><div class=\"kc-wrap-columns\"><div class=\"kc-elm kc-css-51793 kc_col-sm-6 kc_column kc_col-sm-6\"><div class=\"kc-col-container\"><div class=\"kc-elm kc-css-280930 kc_shortcode kc_single_image\">\n\n        <img decoding=\"async\" src=\"https:\/\/www.obalne-galerije.si\/wp-content\/uploads\/2023\/02\/329532373_721432199486246_5019520298499218726_n.jpg\" class=\"\" alt=\"\" \/>    <\/div>\n<div class=\"kc-elm kc-css-871674\" style=\"height: 20px; clear: both; width:100%;\"><\/div><div class=\"kc-elm kc-css-514478 kc_text_block\"><\/p>\n<p><a href=\"https:\/\/www.obalne-galerije.si\/wp-content\/uploads\/2023\/02\/International-Colloquium-Piranova-8_Magazin.pdf\" data-wplink-edit=\"true\">PIRANOVA 2023: International colloquium &#8211; PDF<\/a><\/p>\n<p>\n<\/div><\/div><\/div><div class=\"kc-elm kc-css-939498 kc_col-sm-6 kc_column kc_col-sm-6\"><div class=\"kc-col-container\"><div class=\"kc-elm kc-css-979178 kc_text_block\"><\/p>\n<p><strong>Musei e il digitale &#8211; colloquio internazionale | 29 marzo \u2013 1 aprile 2023 |\u00a0<\/strong><br \/><strong>Galleria Herman Pe\u010dari\u010d (Leninova ulica 2, Pirano)<\/strong> |\u00a0<strong><br \/><\/strong>Organizzazione: Forum delle culture slave, Lubiana | Partner: Gallerie costiere di Pirano<\/p>\n<p><!--more--><\/p>\n<p>Il contenuto del convegno intitolato <strong>Musei e il digitale<\/strong> svela le opportunit\u00e0, i vantaggi, i pericoli e gli svantaggi della nuova esperienza museale nel campo delle nuove tecnologie digitali.<\/p>\n<p>Le tecnologie digitali consentono lo sviluppo di nuove pratiche museali e reinterpretazioni delle collezioni museali, nuove forme di partecipazione museale, networking e accessibilit\u00e0 del patrimonio. Utilizzando la realt\u00e0 aumentata (AR), la realt\u00e0 virtuale (VR) e le tecnologie digitali 3D, i musei offrono ai visitatori nuovi modi di comprendere e comunicare.<\/p>\n<p>L&#039;agenda per la digitalizzazione dei musei \u00e8 stata stabilita decenni prima dell&#039;avvento della pandemia COVID 19, in linea con l&#039;inizio dell&#039;era digitale, ma la chiusura fisica dei musei, soprattutto nella prima ondata della pandemia, ha innescato cambiamenti &#8220;totali\" e spostato le diverse l&#039;interazione sociale dei musei con gli ambienti digitali. Stiamo assistendo al lancio di diverse iniziative digitali e alla reinterpretazione dei materiali museali con strumenti e programmi delle nuove tecnologie, la comunicazione con il pubblico in un ambiente digitale e la creazione di esperienze digitali utente completamente nuove. Il tempo delle restrizioni pandemiche alla vita e al funzionamento ha dato forma a molte innovazioni, soluzioni e adattamenti digitali.<\/p>\n<p>Il convegno offre quindi una panoramica dei progetti innovativi in \u200b\u200bquesto campo, e allo stesso tempo sottolinea le numerose insidie \u200b\u200bdella realt\u00e0 virtuale e mista, quindi dobbiamo utilizzare le informazioni e gli strumenti digitali in modo ponderato e critico e con un obiettivo chiaro.<\/p>\n<p>Maggiori informazioni sul programma al link (programma in inglese e sloveno) <a href=\"https:\/\/www.fsk.si\/wp-content\/uploads\/2023\/02\/International-Colloquium-Piranova-8_Magazin_2.pdf\">https:\/\/www.fsk.si\/wp-content\/uploads\/2023\/02\/International-Colloquium-Piranova-8_Magazin_2.pdf<\/a><\/p>\n<p>\n<\/div><\/div><\/div><\/div><\/div><\/section><\/p>\n","protected":false},"excerpt":{"rendered":"<p>Musei e il digitale &#8211; colloquio internazionale | 29 marzo \u2013 1 aprile 2023 |\u00a0Galleria Herman Pe\u010dari\u010d (Leninova ulica 2, Pirano) |\u00a0Organizzazione: Forum delle culture slave, Lubiana | Partner: Gallerie costiere di Pirano<\/p>\n","protected":false},"author":4,"featured_media":17411,"comment_status":"closed","ping_status":"closed","sticky":false,"template":"","format":"standard","meta":{"footnotes":""},"categories":[34,40,48],"tags":[],"class_list":["post-17419","post","type-post","status-publish","format-standard","has-post-thumbnail","hentry","category-eventi","category-galleria-herman-pecaric","category-notizie"],"acf":[],"_links":{"self":[{"href":"https:\/\/www.obalne-galerije.si\/it\/wp-json\/wp\/v2\/posts\/17419","targetHints":{"allow":["GET"]}}],"collection":[{"href":"https:\/\/www.obalne-galerije.si\/it\/wp-json\/wp\/v2\/posts"}],"about":[{"href":"https:\/\/www.obalne-galerije.si\/it\/wp-json\/wp\/v2\/types\/post"}],"author":[{"embeddable":true,"href":"https:\/\/www.obalne-galerije.si\/it\/wp-json\/wp\/v2\/users\/4"}],"replies":[{"embeddable":true,"href":"https:\/\/www.obalne-galerije.si\/it\/wp-json\/wp\/v2\/comments?post=17419"}],"version-history":[{"count":4,"href":"https:\/\/www.obalne-galerije.si\/it\/wp-json\/wp\/v2\/posts\/17419\/revisions"}],"predecessor-version":[{"id":17430,"href":"https:\/\/www.obalne-galerije.si\/it\/wp-json\/wp\/v2\/posts\/17419\/revisions\/17430"}],"wp:featuredmedia":[{"embeddable":true,"href":"https:\/\/www.obalne-galerije.si\/it\/wp-json\/wp\/v2\/media\/17411"}],"wp:attachment":[{"href":"https:\/\/www.obalne-galerije.si\/it\/wp-json\/wp\/v2\/media?parent=17419"}],"wp:term":[{"taxonomy":"category","embeddable":true,"href":"https:\/\/www.obalne-galerije.si\/it\/wp-json\/wp\/v2\/categories?post=17419"},{"taxonomy":"post_tag","embeddable":true,"href":"https:\/\/www.obalne-galerije.si\/it\/wp-json\/wp\/v2\/tags?post=17419"}],"curies":[{"name":"wp","href":"https:\/\/api.w.org\/{rel}","templated":true}]}}