{"id":16206,"date":"2022-10-10T19:34:20","date_gmt":"2022-10-10T17:34:20","guid":{"rendered":"https:\/\/www.obalne-galerije.si\/?p=16206"},"modified":"2022-10-20T18:33:02","modified_gmt":"2022-10-20T16:33:02","slug":"avviso-ai-visitatori","status":"publish","type":"post","link":"https:\/\/www.obalne-galerije.si\/it\/avviso-ai-visitatori\/","title":{"rendered":"Avviso ai visitatori"},"content":{"rendered":"<p><section class=\"kc-elm kc-css-557983 kc_row\"><div class=\"kc-row-container  kc-container\"><div class=\"kc-wrap-columns\"><div class=\"kc-elm kc-css-47202 kc_col-sm-12 kc_column kc_col-sm-12\"><div class=\"kc-col-container\"><\/div><\/div><\/div><\/div><\/section><section class=\"kc-elm kc-css-48830 kc_row\"><div class=\"kc-row-container  kc-container\"><div class=\"kc-wrap-columns\"><div class=\"kc-elm kc-css-521288 kc_col-sm-6 kc_column kc_col-sm-6\"><div class=\"kc-col-container\"><div class=\"kc-elm kc-css-68321 kc_shortcode kc_single_image\">\n\n        <img decoding=\"async\" src=\"https:\/\/www.obalne-galerije.si\/wp-content\/uploads\/2022\/10\/unnamed.jpg\" class=\"\" alt=\"\" \/>    <\/div>\n<div class=\"kc-elm kc-css-465076 kc_text_block\"><\/p>\n<p>GHP, ottobre 2022. Photo: OGP<\/p>\n<p>\n<\/div><\/div><\/div><div class=\"kc-elm kc-css-96433 kc_col-sm-6 kc_column kc_col-sm-6\"><div class=\"kc-col-container\"><div class=\"kc-elm kc-css-222977 kc_text_block\"><\/p>\n<p style=\"font-weight: 400;\">Gentili visitatori,<\/p>\n<p style=\"font-weight: 400;\">desideriamo informarvi che le Gallerie Costiere di Pirano hanno prontamente avvertito che le condizioni della facciata della Galleria Herman Pe\u010dari\u010d in via Lenin a Pirano si stanno rapidamente deteriorando, e che il restauro del prezioso bene che si annover\u00e0 nel patrimonio culturale del luogo \u00e8 urgentemente necessario. L\u2019interno dei locali non sono interessati dal deterioramento, i danni sono localizzati sulla facciata e sono improvvisamente peggiorati con gli ultimi acquazzoni di settembre. In seguito abbiamo avvisato immediatemente gli enti responsabili presso il Comune di Pirano e abbiamo richiesto un intervento straordinario.<\/p>\n<p style=\"font-weight: 400;\">Insieme alla Protezione Civile ci siamo curati di installare dei coni per prevenire il passaggio ai passanti. Il Comune di Pirano ci ha informati che sta risolvendo la questione urgentemente e che la perizia di un professionista restauratore e\u2019 gia\u2019 stata elaborata. Per motivi di sicurezza, il collettivo delle Gallerie Costiere di Pirano ha valutato che la galleria e le mostre rimarranno chiuse durante le attuali fasi di valutazione.<\/p>\n<p style=\"font-weight: 400;\">Questa settimana sono state rimosse anche gli elementi potenzialmente pericolosi.<br \/>Sono inoltre in corso accordi con il servizio di restauro per ulteriori interventi. La Galleria Herman Pe\u010dari\u010d riaprir\u00e0 al publico marted\u00ec 25 ottobre 2022.<\/p>\n<p style=\"font-weight: 400;\">Grazie per la vostra comprensione e speriamo in un intervento il prima possibile!<\/p>\n<p style=\"font-weight: 400;\">Il collettivo delle Gallerie Costiere di Pirano<\/p>\n<p style=\"font-weight: 400;\">\n<\/div><\/div><\/div><\/div><\/div><\/section><\/p>\n","protected":false},"excerpt":{"rendered":"","protected":false},"author":4,"featured_media":16207,"comment_status":"closed","ping_status":"closed","sticky":false,"template":"","format":"standard","meta":{"footnotes":""},"categories":[48],"tags":[],"class_list":["post-16206","post","type-post","status-publish","format-standard","has-post-thumbnail","hentry","category-notizie"],"acf":[],"_links":{"self":[{"href":"https:\/\/www.obalne-galerije.si\/it\/wp-json\/wp\/v2\/posts\/16206","targetHints":{"allow":["GET"]}}],"collection":[{"href":"https:\/\/www.obalne-galerije.si\/it\/wp-json\/wp\/v2\/posts"}],"about":[{"href":"https:\/\/www.obalne-galerije.si\/it\/wp-json\/wp\/v2\/types\/post"}],"author":[{"embeddable":true,"href":"https:\/\/www.obalne-galerije.si\/it\/wp-json\/wp\/v2\/users\/4"}],"replies":[{"embeddable":true,"href":"https:\/\/www.obalne-galerije.si\/it\/wp-json\/wp\/v2\/comments?post=16206"}],"version-history":[{"count":4,"href":"https:\/\/www.obalne-galerije.si\/it\/wp-json\/wp\/v2\/posts\/16206\/revisions"}],"predecessor-version":[{"id":16379,"href":"https:\/\/www.obalne-galerije.si\/it\/wp-json\/wp\/v2\/posts\/16206\/revisions\/16379"}],"wp:featuredmedia":[{"embeddable":true,"href":"https:\/\/www.obalne-galerije.si\/it\/wp-json\/wp\/v2\/media\/16207"}],"wp:attachment":[{"href":"https:\/\/www.obalne-galerije.si\/it\/wp-json\/wp\/v2\/media?parent=16206"}],"wp:term":[{"taxonomy":"category","embeddable":true,"href":"https:\/\/www.obalne-galerije.si\/it\/wp-json\/wp\/v2\/categories?post=16206"},{"taxonomy":"post_tag","embeddable":true,"href":"https:\/\/www.obalne-galerije.si\/it\/wp-json\/wp\/v2\/tags?post=16206"}],"curies":[{"name":"wp","href":"https:\/\/api.w.org\/{rel}","templated":true}]}}