{"id":15425,"date":"2022-08-08T21:00:31","date_gmt":"2022-08-08T19:00:31","guid":{"rendered":"https:\/\/www.obalne-galerije.si\/?p=15425"},"modified":"2023-01-17T12:56:10","modified_gmt":"2023-01-17T11:56:10","slug":"invito-il-corpo-come-punto-di-vista","status":"publish","type":"post","link":"https:\/\/www.obalne-galerije.si\/it\/invito-il-corpo-come-punto-di-vista\/","title":{"rendered":"IL CORPO COME PUNTO DI VISTA: visita guidata della mostra"},"content":{"rendered":"<p>Siete gentilmente invitati alla visita guidata della mostra <strong>IL CORPO COME PUNTO DI VISTA <\/strong>con la curatrice <strong>HANA \u010cEFERIN<\/strong>.<\/p>\n<p>&nbsp;<\/p>\n<p><strong>Galleria Loggia Capodistria<\/strong><\/p>\n<p><strong>Gioved\u00ec, 11. 8. 2022, alle ore 18.00<\/strong><\/p>\n<p>&nbsp;<\/p>\n<p>La mostra IL CORPO COME PUNTO DI VISTA, realizzata in collaborazione con la Galleria Fotografija, \u00e8 concepita come una mostra collettiva di fotografi sloveni contemporanei: Uro\u0161 Abram, Vanja Bu\u0107an, Boris Gaber\u0161\u010dik, Andrej Lamut, Tanja La\u017eeti\u0107, Tilyen Mucik, Janez Puk\u0161i\u010d,<br \/>\nBla\u017e Rojs.<br \/>\nLa selezione di autori cerca di mostrare attraverso le opere fotografiche di artiste e artisti che differiscono per et\u00e0, genere, collocazione temporale e interessi, i modi sfaccettati della trattazione del corpo umano nell&#8217;arte. Il denominatore comune delle opere esposte \u00e8 la loro tendenza alla curiosit\u00e0, alla creativit\u00e0 e alla diversit\u00e0, e allo stesso tempo l\u2019esplorazione del rapporto tra l\u2019artista e il soggetto.<br \/>\nTutti affrontano il motivo del corpo in un modo decisamente singolare e proprio attraverso questo motivo rivelano un&#8217;immagine esclusiva dello sviluppo della fotografia slovena contemporanea.<br \/>\n<a href=\"https:\/\/www.obalne-galerije.si\/it\/il-corpo-come-punto-di-vista\/\">Maggiori informazioni sul link \u2026<\/a><\/p>\n","protected":false},"excerpt":{"rendered":"<p>Siete gentilmente invitati alla visita guidata della mostra IL CORPO COME PUNTO DI VISTA con la curatrice HANA \u010cEFERIN. &nbsp; Galleria Loggia Capodistria Gioved\u00ec, 11. 8. 2022, alle ore 18.00 &nbsp; La mostra IL CORPO COME PUNTO DI VISTA, realizzata in collaborazione con la Galleria Fotografija, \u00e8 concepita come una mostra collettiva di fotografi sloveni<\/p>\n","protected":false},"author":4,"featured_media":14881,"comment_status":"closed","ping_status":"closed","sticky":false,"template":"","format":"standard","meta":{"footnotes":""},"categories":[48],"tags":[],"class_list":["post-15425","post","type-post","status-publish","format-standard","has-post-thumbnail","hentry","category-notizie"],"acf":[],"_links":{"self":[{"href":"https:\/\/www.obalne-galerije.si\/it\/wp-json\/wp\/v2\/posts\/15425","targetHints":{"allow":["GET"]}}],"collection":[{"href":"https:\/\/www.obalne-galerije.si\/it\/wp-json\/wp\/v2\/posts"}],"about":[{"href":"https:\/\/www.obalne-galerije.si\/it\/wp-json\/wp\/v2\/types\/post"}],"author":[{"embeddable":true,"href":"https:\/\/www.obalne-galerije.si\/it\/wp-json\/wp\/v2\/users\/4"}],"replies":[{"embeddable":true,"href":"https:\/\/www.obalne-galerije.si\/it\/wp-json\/wp\/v2\/comments?post=15425"}],"version-history":[{"count":4,"href":"https:\/\/www.obalne-galerije.si\/it\/wp-json\/wp\/v2\/posts\/15425\/revisions"}],"predecessor-version":[{"id":17242,"href":"https:\/\/www.obalne-galerije.si\/it\/wp-json\/wp\/v2\/posts\/15425\/revisions\/17242"}],"wp:featuredmedia":[{"embeddable":true,"href":"https:\/\/www.obalne-galerije.si\/it\/wp-json\/wp\/v2\/media\/14881"}],"wp:attachment":[{"href":"https:\/\/www.obalne-galerije.si\/it\/wp-json\/wp\/v2\/media?parent=15425"}],"wp:term":[{"taxonomy":"category","embeddable":true,"href":"https:\/\/www.obalne-galerije.si\/it\/wp-json\/wp\/v2\/categories?post=15425"},{"taxonomy":"post_tag","embeddable":true,"href":"https:\/\/www.obalne-galerije.si\/it\/wp-json\/wp\/v2\/tags?post=15425"}],"curies":[{"name":"wp","href":"https:\/\/api.w.org\/{rel}","templated":true}]}}