{"id":15324,"date":"2022-08-18T09:26:28","date_gmt":"2022-08-18T07:26:28","guid":{"rendered":"https:\/\/www.obalne-galerije.si\/?p=15324"},"modified":"2023-01-17T12:55:42","modified_gmt":"2023-01-17T11:55:42","slug":"klavdija-jersinovec-mare-sole-cuore","status":"publish","type":"post","link":"https:\/\/www.obalne-galerije.si\/it\/klavdija-jersinovec-mare-sole-cuore\/","title":{"rendered":"MARE, SOLE, CUORE: Klavdija Jer\u0161inovec"},"content":{"rendered":"<p><section class=\"kc-elm kc-css-215708 kc_row\"><div class=\"kc-row-container  kc-container\"><div class=\"kc-wrap-columns\"><div class=\"kc-elm kc-css-99731 kc_col-sm-12 kc_column kc_col-sm-12\"><div class=\"kc-col-container\"><div class=\"kc-elm kc_text_block\"><\/p>\n<p><strong>Klavdija Jer\u0161inovec: Mare, sole, cuore |&nbsp;<\/strong><\/p>\n<p><strong>26 agosto \u2013 30 ottobre, 2022 |&nbsp;Mostra personale \/ Dipinti e installazione |&nbsp;Galleria Herman Pe\u010dari\u010d |&nbsp;<\/strong><\/p>\n<p><strong>3 settembre \u2013 2 ottobre, 2022 | Ex-Tempore Pirano 2022&nbsp;<\/strong><\/p>\n<p>\n<\/div><div class=\"kc-elm kc-css-395901\" style=\"height: 20px; clear: both; width:100%;\"><\/div><\/div><\/div><\/div><\/div><\/section><section class=\"kc-elm kc-css-809652 kc_row\"><div class=\"kc-row-container  kc-container\"><div class=\"kc-wrap-columns\"><div class=\"kc-elm kc-css-299020 kc_col-sm-6 kc_column kc_col-sm-6\"><div class=\"kc-col-container\"><div class=\"kc-elm kc-css-159856 kc_shortcode kc_single_image\">\n\n        <img decoding=\"async\" src=\"https:\/\/www.obalne-galerije.si\/wp-content\/uploads\/2022\/07\/999A3932-scaled.jpg\" class=\"\" alt=\"\" \/>    <\/div>\n<\/div><\/div><div class=\"kc-elm kc-css-370259 kc_col-sm-6 kc_column kc_col-sm-6\"><div class=\"kc-col-container\"><div class=\"kc-elm kc-css-338632 kc_text_block\"><\/p>\n<p><span style=\"font-style: inherit; font-family: -apple-system, BlinkMacSystemFont, &quot;Segoe UI&quot;, Roboto, Oxygen-Sans, Ubuntu, Cantarell, &quot;Helvetica Neue&quot;, sans-serif;\">KLAVDIJA JER\u0160INOVEC (Lubiana, 1987) \u00e8 un&#8217;artista visiva che opera in vari campi della sfera creativa: design del costume, pittura, illustrazione e creazione di zine d\u2019arte. Durante l\u2019ultima edizione dell\u2019Ex tempore di Pirano ha ricevuto il Premio giovani. MARE, SOLE, CUORE \u00e8 il titolo dell\u2019opera vincitrice e della mostra presso la Galleria Herman Pe\u010dari\u010d.<\/span><\/p>\n<p>Klavdija Jer\u0161inovec si \u00e8 diplomata nel 2011 presso la Facolt\u00e0 di Scienze e Tecnologie di Lubiana. Dopo aver conseguito la laurea magistrale in design del costume presso l&#8217;AGRFT (Accademia per il teatro, radio, film e televisione) ha ottenuto il titolo accademico magistrale in scenografia. Ha avuto modo di approfondire i suoi studi nella citt\u00e0 di Bratislava. \u00c8 stata insignita del Premio universitario Pre\u0161eren.<\/p>\n<p>L&#8217;elenco delle opere teatrali, spettacoli e film, ai quali ha collaborato come costumista tra il 2010 e il 2021, \u00e8 molto ricco (spettacoli teatrali tra cui: <em>Plod<\/em>, Stara mestna elektrarna; <em>Svinje<\/em>, Teatro Glej; <em>Moliere Stroj<\/em>, Cankarjev dom; <em>Tri sestre,<\/em> <em>Naj svet \u0161umi<\/em>, AGRFT; opere<strong>:<\/strong> <em>L&#8217;Orfeo<\/em>, Opera Lubiana; Basilica dei Frari, Venezia); cortometraggi AGRFT: <em>Amelia, Njen otrok, Ivan brez \u017eivljenja, Svetlo \u010drna). <\/em>Tra il 2015 e il 2018, ha collaborato come assistente costumista per famose serie TV slovene<em> (Ena \u017elahtna \u0161torija) <\/em>e spot pubblicitari per marchi di fama mondiale. Durante la sfilata di moda al Festival della Giovent\u00f9 di Kranj (2010) si \u00e8 classificata tra i dieci giovani stilisti pi\u00f9 promettenti. Non va dimenticata la sua partecipazione a mostre collettive (tra cui Ex tempore Piran, Idria) ed esposizioni personali pubbliche, come la mostra <em>Kostumografski zin<\/em> del 2020 presso la Galleria Kortil di Fiume. L&#8217;artista vive e lavora a Vrhnika.<\/p>\n<p>Dal breve riassunto della sua biografia, possiamo evincere che Klavdija Jer\u0161inovec \u00e8 un\u2019artista contemporanea, attiva in vari campi della creazione artistica, segue da vicino e affronta le tematiche pi\u00f9 attuali della societ\u00e0 moderna. Nel caso della giovane autrice, le illustrazioni e le zine d&#8217;arte sono un canale di comunicazione visiva che le permette di affrontare argomenti seri con umorismo.&nbsp; Le sue zine (zine \u00e8 un&#8217;abbreviazione di fanzine, che deriva dai termini fan-amante e magazine-rivista) rivelano, attraverso il disegno e le parole, in modo diretto e ricco di spirito, pregiudizi di genere che si verificano nella vita quotidiana e negli ambienti di lavoro. Nella mostra fiumana gi\u00e0 citata <em>Kostumografski zin <\/em>l\u2019artista ha affrontato apertamente gli stereotipi popolari sul ruolo della donna nel campo della &#8220;cultura\" del fashion design e del costume. L\u2019aspetto della sua produzione, in cui esplora la persistenza di tali comportamenti, risulta terapeutico, in quanto scopre che la creazione di zine, ha la capacit\u00e0 di liberarla dai risentimenti, e soprattutto, come afferma, la diverte molto.<\/p>\n<p>Il suo approccio alla pittura appare molto profondo e complesso. La scelta del formato della tela e il colore nero sono di fondamentale importanza per l\u2019artista, la forma quadrata, \u00e8 la sagoma geometrica che struttura la composizione stessa del dipinto. Sebbene il nero di primo acchito possa effondere un effetto repulsivo \u2013 la maggior parte delle persone lo ricollega a un evento triste \u2013 nonostante ci\u00f2, nella storia dell\u2019arte troviamo artisti che hanno esplorato il suo potenziale espressivo. Non possiamo non citare il lavoro dell&#8217;artista sloveno Sandi \u010cervek, che dal 1989 utilizza il nero nei suoi dipinti astratti. Nella sua chiusura ermetica, Klavdija ha trovato una sorta di libert\u00e0, legata alla possibilit\u00e0 di effettuare approfondimenti spirituali ed evasioni mentali. Inserendo i colori primari, il blu, il giallo e il rosso, all&#8217;interno della monocromia nera, si completa un cerchio di significati simbolici emotivi percepiti dall&#8217;artista: il blu, colore del mare e della saggezza, porta con s\u00e9 il potere dell&#8217;orizzontalit\u00e0 e di attrarre lo sguardo; il giallo \u00e8 fonte di luce, calore e vita, mentre il rosso, con la sua energia, irradia ottimismo, gioia e speranza.<\/p>\n<p>La sua pittura si basa sul linguaggio simbolico di colori e forme pure. L&#8217;attenta organizzazione dei dipinti, in cui la sequenza di motivi &#8211; il quadrato di base \u00e8 composto da quattro quadrati, ognuno con la propria direzione d\u2019irradiazione &#8211; crea nell&#8217;occhio di chi guarda l\u2019impressione del movimento. La ripetizione di figure geometriche, all&#8217;interno delle quali la serie cresce rimuovendo accuratamente strati di vernice fresca con un oggetto frastagliato, pu\u00f2 sembrare monotona, ma l&#8217;artista la considera come una sorta di meditazione. I processi descritti producono effetti ottici che variano a seconda dell&#8217;angolo di osservazione e dell\u2019orientazione della luce. Muovendosi, lo spettatore scopre cambiamenti permanenti sulla superficie dell&#8217;immagine, vedendo in momenti diversi qualcosa che prima non si era percepito. Questo magico gioco di rivelazioni ottiche ci ricorda che guardare \u00e8 un atto attivo e che, sebbene l&#8217;immagine esista indipendentemente da noi, pu\u00f2 prendere vita pienamente solo attraverso il nostro sguardo.<\/p>\n<p>&nbsp;<\/p>\n<p>Dott.ssa Majda Bo\u017eeglav Japelj<\/p>\n<p>\n<\/div><\/div><\/div><\/div><\/div><\/section><section class=\"kc-elm kc-css-319571 kc_row\"><div class=\"kc-row-container  kc-container\"><div class=\"kc-wrap-columns\"><div class=\"kc-elm kc-css-362034 kc_col-sm-12 kc_column kc_col-sm-12\"><div class=\"kc-col-container\"><div class=\"kc-elm kc-css-549488\" style=\"height: 20px; clear: both; width:100%;\"><\/div><\/div><\/div><\/div><\/div><\/section><\/p>\n","protected":false},"excerpt":{"rendered":"","protected":false},"author":4,"featured_media":15325,"comment_status":"closed","ping_status":"closed","sticky":false,"template":"","format":"standard","meta":{"footnotes":""},"categories":[40,80,48],"tags":[],"class_list":["post-15324","post","type-post","status-publish","format-standard","has-post-thumbnail","hentry","category-galleria-herman-pecaric","category-mostre","category-notizie"],"acf":[],"_links":{"self":[{"href":"https:\/\/www.obalne-galerije.si\/it\/wp-json\/wp\/v2\/posts\/15324","targetHints":{"allow":["GET"]}}],"collection":[{"href":"https:\/\/www.obalne-galerije.si\/it\/wp-json\/wp\/v2\/posts"}],"about":[{"href":"https:\/\/www.obalne-galerije.si\/it\/wp-json\/wp\/v2\/types\/post"}],"author":[{"embeddable":true,"href":"https:\/\/www.obalne-galerije.si\/it\/wp-json\/wp\/v2\/users\/4"}],"replies":[{"embeddable":true,"href":"https:\/\/www.obalne-galerije.si\/it\/wp-json\/wp\/v2\/comments?post=15324"}],"version-history":[{"count":4,"href":"https:\/\/www.obalne-galerije.si\/it\/wp-json\/wp\/v2\/posts\/15324\/revisions"}],"predecessor-version":[{"id":17240,"href":"https:\/\/www.obalne-galerije.si\/it\/wp-json\/wp\/v2\/posts\/15324\/revisions\/17240"}],"wp:featuredmedia":[{"embeddable":true,"href":"https:\/\/www.obalne-galerije.si\/it\/wp-json\/wp\/v2\/media\/15325"}],"wp:attachment":[{"href":"https:\/\/www.obalne-galerije.si\/it\/wp-json\/wp\/v2\/media?parent=15324"}],"wp:term":[{"taxonomy":"category","embeddable":true,"href":"https:\/\/www.obalne-galerije.si\/it\/wp-json\/wp\/v2\/categories?post=15324"},{"taxonomy":"post_tag","embeddable":true,"href":"https:\/\/www.obalne-galerije.si\/it\/wp-json\/wp\/v2\/tags?post=15324"}],"curies":[{"name":"wp","href":"https:\/\/api.w.org\/{rel}","templated":true}]}}