{"id":14829,"date":"2022-08-27T00:00:04","date_gmt":"2022-08-26T22:00:04","guid":{"rendered":"https:\/\/www.obalne-galerije.si\/?p=14829"},"modified":"2022-11-07T16:02:20","modified_gmt":"2022-11-07T15:02:20","slug":"57-ex-tempore-internazionale-di-pittura","status":"publish","type":"post","link":"https:\/\/www.obalne-galerije.si\/it\/57-ex-tempore-internazionale-di-pittura\/","title":{"rendered":"57\u00b0 Ex-Tempore Internazionale di Pittura"},"content":{"rendered":"<p><section class=\"kc-elm kc-css-113914 kc_row\"><div class=\"kc-row-container  kc-container\"><div class=\"kc-wrap-columns\"><div class=\"kc-elm kc-css-85530 kc_col-sm-6 kc_column kc_col-sm-6\"><div class=\"kc-col-container\"><div class=\"kc-elm kc-css-670158 kc_shortcode kc_single_image\">\n\n        <img decoding=\"async\" src=\"https:\/\/www.obalne-galerije.si\/wp-content\/uploads\/2022\/06\/EX_plakat_koncno-pdf.jpg\" class=\"\" alt=\"\" \/>    <\/div>\n<\/div><\/div><div class=\"kc-elm kc-css-72485 kc_col-sm-6 kc_column kc_col-sm-6\"><div class=\"kc-col-container\"><div class=\"kc-elm kc-css-884217 kc_text_block\"><\/p>\n<p><strong>57\u00b0 Ex-Tempore Internazionale di Pittura | 27 agosto\u201230 novembre 2022<\/strong><\/p>\n<p><!--more--><\/p>\n<p>Ex-tempore Pirano \u00e8 uno degli eventi artistici pi\u00f9 importanti dell&#8217;Istria slovena, riconoscibile per il suo carattere competitivo e la sua lunga tradizione. Vi partecipano artisti di formazione accademica, giovani artisti e amanti della pittura, che provengono dalla Slovenia e da vari paesi, soprattutto quelli limitrofi.<\/p>\n<p>Nelle Gallerie costiere Pirano, vogliamo che anche l&#8217;edizione di quest&#8217;anno sia caratterizzata dalla partecipazione dei giovani; per loro da molti anni c&#8217;\u00e8 anche un premio speciale sotto forma di una mostra personale alla Galleria Herman Pe\u010dari\u010d di Pirano.<\/p>\n<p>La giuria internazionale di esperti composta da\u00a0<strong>Riccardo Caldura<\/strong>, direttore dell&#8217;Accademia di Belle Arti di Venezia (Italia),\u00a0<strong>Vadim Fi\u0161kin<\/strong>, artista, scienziato, guest professor presso la\u00a0Kunstuniversit\u00e4t di Lienz (2006-2007) e professore presso la\u00a0Karlsruhe University of Arts and Design\u00a0dal 2012 al 2018 (Slovenia),\u00a0e\u00a0<strong>Jerica Ziherl<\/strong>, storica dell&#8217;arte e direttrice \/ curattrice \/ nel Museo Lapidarium di Cittanova (Croazia) selezioner\u00e0 le opere per la mostra alla Galleria Civica Pirano e alla Galleria Monfort Portorose e assegner\u00e0 altri premi acquisto, tra cui il premio\u00a0 pi\u00f9 importante, grand-prix.<\/p>\n<p>La cerimonia di premiazione col programma culturale avr\u00e0 luogo sabato 3 settembre 2022, alle ore 20.30, in Piazza Tartini a Pirano.<\/p>\n<p>\n<\/div><\/div><\/div><\/div><\/div><\/section><section class=\"kc-elm kc-css-18981 kc_row\"><div class=\"kc-row-container  kc-container\"><div class=\"kc-wrap-columns\"><div class=\"kc-elm kc-css-231802 kc_col-sm-12 kc_column kc_col-sm-12\"><div class=\"kc-col-container\"><div class=\"kc-elm kc-css-764651\" style=\"height: 20px; clear: both; width:100%;\"><\/div><\/div><\/div><\/div><\/div><\/section><section class=\"kc-elm kc-css-168233 kc_row\"><div class=\"kc-row-container  kc-container\"><div class=\"kc-wrap-columns\"><div class=\"kc-elm kc-css-716598 kc_col-sm-6 kc_column kc_col-sm-6\"><div class=\"kc-col-container\"><div class=\"kc-elm kc-css-843741 kc_shortcode kc_single_image\">\n\n        <a rel=\"prettyPhoto\" class=\"kc-pretty-photo\" href=\"https:\/\/www.obalne-galerije.si\/wp-content\/uploads\/2022\/07\/EX_knjizica-20222.jpg\" title=\"\" target=\"\">\n        <img decoding=\"async\" src=\"https:\/\/www.obalne-galerije.si\/wp-content\/uploads\/2022\/07\/EX_knjizica-20222.jpg\" class=\"\" alt=\"\" \/>    <\/a>\n    <\/div>\n<div class=\"kc-elm kc-css-370318 kc_shortcode kc_single_image\">\n\n        <a rel=\"prettyPhoto\" class=\"kc-pretty-photo\" href=\"https:\/\/www.obalne-galerije.si\/wp-content\/uploads\/2022\/07\/EX_knjizica-20223.jpg\" title=\"\" target=\"\">\n        <img decoding=\"async\" src=\"https:\/\/www.obalne-galerije.si\/wp-content\/uploads\/2022\/07\/EX_knjizica-20223.jpg\" class=\"\" alt=\"\" \/>    <\/a>\n    <\/div>\n<div class=\"kc-elm kc-css-927873 kc_shortcode kc_single_image\">\n\n        <a rel=\"prettyPhoto\" class=\"kc-pretty-photo\" href=\"https:\/\/www.obalne-galerije.si\/wp-content\/uploads\/2022\/07\/EX_knjizica-20225.jpg\" title=\"\" target=\"\">\n        <img decoding=\"async\" src=\"https:\/\/www.obalne-galerije.si\/wp-content\/uploads\/2022\/07\/EX_knjizica-20225.jpg\" class=\"\" alt=\"\" \/>    <\/a>\n    <\/div>\n<div class=\"kc-elm kc-css-521272 kc_shortcode kc_single_image\">\n\n        <a rel=\"prettyPhoto\" class=\"kc-pretty-photo\" href=\"https:\/\/www.obalne-galerije.si\/wp-content\/uploads\/2022\/08\/EX_knjizica-20227.jpg\" title=\"\" target=\"\">\n        <img decoding=\"async\" src=\"https:\/\/www.obalne-galerije.si\/wp-content\/uploads\/2022\/08\/EX_knjizica-20227.jpg\" class=\"\" alt=\"\" \/>    <\/a>\n    <\/div>\n<div class=\"kc-elm kc-css-300934 kc_shortcode kc_single_image\">\n\n        <a rel=\"prettyPhoto\" class=\"kc-pretty-photo\" href=\"https:\/\/www.obalne-galerije.si\/wp-content\/uploads\/2022\/07\/EX_knjizica-20228.jpg\" title=\"\" target=\"\">\n        <img decoding=\"async\" src=\"https:\/\/www.obalne-galerije.si\/wp-content\/uploads\/2022\/07\/EX_knjizica-20228.jpg\" class=\"\" alt=\"\" \/>    <\/a>\n    <\/div>\n<div class=\"kc-elm kc-css-45181\" style=\"height: 20px; clear: both; width:100%;\"><\/div><div class=\"kc-elm kc-css-856213 kc-icon-wrapper\">\n\t\t<a href=\"https:\/\/www.obalne-galerije.si\/wp-content\/uploads\/2022\/08\/EX_knjizica-2022_koncna.pdf\" target=\"_blank\" title=\"\">\n\t\t<i class=\"et-paperclip\"><\/i>\n\t\t<\/a>\n\t<\/div>\n<div class=\"kc-elm kc-css-648836 kc_text_block\"><\/p>\n<p>\n<a href=\"https:\/\/www.obalne-galerije.si\/wp-content\/uploads\/2022\/08\/EX_knjizica-2022_koncna.pdf\" target=\"_blank\" rel=\"noopener\">PDF &#8211; DOWNLOAD<\/a><\/p>\n<p>\n<\/div><div class=\"kc-elm kc-css-80876\" style=\"height: 20px; clear: both; width:100%;\"><\/div><\/div><\/div><div class=\"kc-elm kc-css-952056 kc_col-sm-6 kc_column kc_col-sm-6\"><div class=\"kc-col-container\">\n<div class=\"kc-elm kc-css-192323 kc-title-wrap \">\n\n\t<h2 class=\"kc_title\">Regolamento 57\u00b0 Ex-Tempore Internazionale di Pittura<\/h2>\n<\/div>\n<div class=\"kc-elm kc-css-664 kc_text_block\"><\/p>\n<p>\n<span style=\"font-style: inherit; font-family: -apple-system, BlinkMacSystemFont,;\">1. Iscrizione e timbratura delle tele o di altri supporti<\/span><\/p>\n<p><strong>LOCATION<\/strong>:<\/p>\n<\/p>\n<p><strong>Portorose<\/strong>:<\/p>\n<p>GALLERIA MONFORT PORTOROSE<\/p>\n<p>Indirizzo: Lungomare 8, Portorose<br \/>Contatto telefonico: +386 31 399 347<\/p>\n<p>Orario:<br \/>&#8211; sabato 27 agosto 2022, dalle ore 9.00 alle ore 20.00<\/p>\n<p>&#8211; da domenica 28 agosto 2022 a gioved\u00ec 1 settembre 2022, dalle ore 9.00 alle ore 12.00 e dalle ore 17.00 alle ore 20.00<\/p>\n<p>&#8211; venerd\u00ec 2 settembre 2022, dalle ore 9.00 alle ore 12.00<\/p>\n<p><strong>\u00a0<\/strong><\/p>\n<p><strong>Lubiana<\/strong>:<\/p>\n<p>TRGOVINA ART LJUBLJANA<\/p>\n<p>Rimska 2, tel. +386 1 426 35 78<\/p>\n<p>orario: da luned\u00ec 29. 8. a gioved\u00ec 1. 9. 2022, dalle 9.00 alle 19.00<\/p>\n<p>TRGOVINA ART LJUBLJANA CITYPARK<\/p>\n<p>\u0160martinska 152 G, tel. +386 1 54 100 46<\/p>\n<p>orario: sabato 27. 8. 2022 dalle 8 alle 21, da luned\u00ec 29. 8. a gioved\u00ec 1. 9. 2022, dalle 9.00 alle 21.00<\/p>\n<p><strong>\u00a0<\/strong><\/p>\n<p><strong>Celje<\/strong>:<\/p>\n<p>TRGOVINA ART CELJE CITYCENTER<\/p>\n<p>Mariborska 100, tel. +386 3 492 91 30<\/p>\n<p>orario: sabato 27. 8. 2022 dalle 8 alle 21, da luned\u00ec 29. 8. a gioved\u00ec 1. 9. 2022, dalle 9.00 alle 21.00<\/p>\n<p><strong>\u00a0<\/strong><\/p>\n<p><strong>Maribor<\/strong>:<\/p>\n<p>TRGOVINA ART MARIBOR EUROPARK<\/p>\n<p>Pobre\u0161ka 18, tel. +386 2 320 38 83<\/p>\n<p>orario: sabato 27. 8. 2022 dalle 8 alle 21, da luned\u00ec 29. 8. a gioved\u00ec 1. 9. 2022, dalle 9.00 alle 21.00<\/p>\n<p><strong>\u00a0<\/strong><\/p>\n<p><strong>Nova Gorica:<\/strong><\/p>\n<p>TRGOVINA LEGA NOVA GORICA<\/p>\n<p>Gradnikove brigade 31, tel. +386 5 333 01 50<\/p>\n<p>orario: sabato 27. 8. 2022 dalle 9 alle 12, da luned\u00ec 29. 8. a gioved\u00ec 1. 9. 2022, dalle 9.00 alle 18.00<\/p>\n<p><strong>\u00a0<\/strong><\/p>\n<p><strong>Fiume (Croazia<\/strong>):<\/p>\n<p>PALETA ART<\/p>\n<p>\u0160ime Ljubi\u010da 4a, Fiume, tel: +385 51 321 361<\/p>\n<p>orario: sabato 27. 8. 2022 dalle 8.30 alle 13 da luned\u00ec 29 8. a gioved\u00ec 1. 9. 2022, dalle 8.30 alle 20.<\/p>\n<p><span style=\"font-style: inherit; font-family: -apple-system, BlinkMacSystemFont,;\">\u00a0<\/span><\/p>\n<p><b style=\"font-style: inherit; font-family: -apple-system, BlinkMacSystemFont,;\">\u00a0<\/b><\/p>\n<p><b style=\"font-style: inherit; font-family: -apple-system, BlinkMacSystemFont,;\">Iscrizione<\/b><span style=\"font-style: inherit; font-family: -apple-system, BlinkMacSystemFont,;\">: 25 \u20ac<\/span><\/p>\n<p><span style=\"font-style: inherit; font-family: -apple-system, BlinkMacSystemFont,;\">\u00a0 \u00a0 \u00a0 \u00a0 \u00a0<\/span><span style=\"font-style: inherit; font-family: -apple-system, BlinkMacSystemFont,;\">\u00a0&#8211;\u00a0<\/span><span style=\"font-style: inherit; font-family: -apple-system, BlinkMacSystemFont,;\">Tariffa ridotta:\u00a0<\/span><span style=\"font-style: inherit; font-family: -apple-system, BlinkMacSystemFont,;\">per studenti fino a 26 anni di et\u00e0 compiuti e pensionati con certificazione: 15 \u20ac<\/span><\/p>\n<p><span style=\"font-style: inherit; font-family: -apple-system, BlinkMacSystemFont,;\">* Il pagamento della quota d\u2019iscrizione avviene alla consegna dell\u2019elaborato.<\/span><\/p>\n<p><span style=\"font-style: inherit; font-family: -apple-system, BlinkMacSystemFont,;\">\u00a0 \u00a0 \u00a0 \u00a0 \u00a0<\/span><span style=\"font-style: inherit; font-family: -apple-system, BlinkMacSystemFont,;\">\u00a0&#8211;\u00a0<\/span>Gratis:\u00a0<span style=\"font-style: inherit; font-family: -apple-system, BlinkMacSystemFont,;\">per i minori fino a 15 anni.<\/span><\/p>\n<p><span style=\"font-style: inherit; font-family: -apple-system, BlinkMacSystemFont,;\">\u00a0<\/span><\/p>\n<p><span style=\"font-style: inherit; font-family: -apple-system, BlinkMacSystemFont,;\">2. I temi sono i seguenti: Pirano, Tartini, l\u2019amore, il mare, paesaggio istriano, le saline, citt\u00e0 di mare, il mandracchio, tema libero.<\/span><\/p>\n<p><span style=\"font-style: inherit; font-family: -apple-system, BlinkMacSystemFont,;\">\u00a0<\/span><\/p>\n<p><span style=\"font-style: inherit; font-family: -apple-system, BlinkMacSystemFont,;\">3. Ogni partecipante pu\u00f2 timbrare al massimo due tele (basi), ne pu\u00f2 consegnare soltanto una. Non si accettano opere stampate (grafiche e stampe).<\/span><\/p>\n<p><span style=\"font-family: -apple-system, BlinkMacSystemFont,;\">\u00a0<\/span><\/p>\n<p><span style=\"font-family: -apple-system, BlinkMacSystemFont,;\">4. Formato prestabilito:<\/span><\/p>\n<p>&#8211; lato corto, fino a 50 cm<\/p>\n<p>&#8211; lato lungo, fino a 130 cm.<\/p>\n<p><span style=\"font-family: -apple-system, BlinkMacSystemFont,;\">\u00a0<\/span><\/p>\n<p><span style=\"font-family: -apple-system, BlinkMacSystemFont,;\">5. Ogni opera consegnata deve essere incorniciata e pronta per l\u2019esposizione.<\/span><\/p>\n<p><span style=\"font-style: inherit; font-family: -apple-system, BlinkMacSystemFont,;\">* Sul retro indicare i seguenti dati: tema, titolo dell\u2019opera, tecnica, prezzo di vendita (lordo in \u20ac), nome e cognome dell\u2019autore, indirizzo, e-mail e numero telefonico.<\/span><\/p>\n<p><span style=\"font-style: inherit; font-family: -apple-system, BlinkMacSystemFont,;\">* Il timbro dell\u2019Ex-tempore deve essere visibile.<\/span><\/p>\n<p><span style=\"font-family: -apple-system, BlinkMacSystemFont,;\">\u00a0<\/span><\/p>\n<p><span style=\"font-family: -apple-system, BlinkMacSystemFont,;\">6. La consegna delle opere avverr\u00e0 presso la Galleria Monfort a Portorose nelle seguenti giornate:<\/span><\/p>\n<p><span style=\"font-style: inherit; font-family: -apple-system, BlinkMacSystemFont,;\">\u00a0 \u00a0 \u00a0 \u00a0 \u00a0<\/span><span style=\"font-style: inherit; font-family: -apple-system, BlinkMacSystemFont,;\">\u00a0<\/span><span style=\"font-style: inherit; font-family: -apple-system, BlinkMacSystemFont,;\">&#8211; da sabato 27 agosto 2022 a gioved\u00ec 1 settembre 2022 dalle ore 9.00 alle ore 12.00 e dalle ore 17.00 alle ore 20.00,<\/span><\/p>\n<p><span style=\"font-style: inherit; font-family: -apple-system, BlinkMacSystemFont,;\">\u00a0 \u00a0 \u00a0 \u00a0 \u00a0<\/span><span style=\"font-style: inherit; font-family: -apple-system, BlinkMacSystemFont,;\">\u00a0<\/span><span style=\"font-style: inherit; font-family: -apple-system, BlinkMacSystemFont,;\">&#8211; venerd\u00ec 2 settembre 2022 dalle ore 9.00 alle ore 14.00.<\/span><\/p>\n<p><span style=\"font-family: -apple-system, BlinkMacSystemFont,;\">\u00a0<\/span><\/p>\n<p><span style=\"font-family: -apple-system, BlinkMacSystemFont,;\">7. L\u2019organizzatore garantisce che le opere consegnate verranno maneggiate nel rispetto degli standard stabiliti.<\/span><\/p>\n<p><span style=\"font-family: -apple-system, BlinkMacSystemFont,;\">\u00a0<\/span><\/p>\n<p><span style=\"font-family: -apple-system, BlinkMacSystemFont,;\">8. L\u2019organizzatore non si assume alcuna responsabilit\u00e0 per eventuali danni alle opere consegnate e della qualit\u00e0 effettiva dei materiali utilizzati. L\u2019organizzatore non \u00e8 responsabile di eventuali plagi da parte dei partecipanti.<\/span><\/p>\n<p><span style=\"font-family: -apple-system, BlinkMacSystemFont,;\">\u00a0<\/span><\/p>\n<p><span style=\"font-family: -apple-system, BlinkMacSystemFont,;\">9. Una giuria internazionale qualificata selezioner\u00e0 le opere che saranno esposte presso la Galleria Civica di Pirano e la Galleria Monfort a Portorose. Verranno assegnati i seguenti premi:<\/span><\/p>\n<p><span style=\"font-style: inherit; font-family: -apple-system, BlinkMacSystemFont,;\">\u00a0 \u00a0 \u00a0 \u00a0 \u00a0 &#8211; GRAND PRIX<\/span><\/p>\n<p><span style=\"font-style: inherit; font-family: -apple-system, BlinkMacSystemFont,;\">\u00a0 \u00a0 \u00a0 \u00a0 \u00a0 &#8211; PREMIO GIOVANI AUTORI<\/span><\/p>\n<p><span style=\"font-style: inherit; font-family: -apple-system, BlinkMacSystemFont,;\">\u00a0 \u00a0 \u00a0 \u00a0 \u00a0 &#8211; ALTRI PREMI E MENZIONI ONOREVOLI<\/span><\/p>\n<p><span style=\"font-style: inherit; font-family: -apple-system, BlinkMacSystemFont,;\">\u00a0<\/span><\/p>\n<p><span style=\"font-style: inherit; font-family: -apple-system, BlinkMacSystemFont,;\">10. I premi sono espressi in valori lordi<\/span><\/p>\n<p><span style=\"font-style: inherit; font-family: -apple-system, BlinkMacSystemFont,;\">\u00a0<\/span><\/p>\n<p><span style=\"font-style: inherit; font-family: -apple-system, BlinkMacSystemFont,;\">11. Gli autori premiati hanno il dovere di cedere le opere premiate indipendentemente dal prezzo di vendita stabilito.<\/span><\/p>\n<p><span style=\"font-family: -apple-system, BlinkMacSystemFont,;\">\u00a0<\/span><\/p>\n<p><span style=\"font-family: -apple-system, BlinkMacSystemFont,;\">12. Tutte le opere esposte saranno in vendita al prezzo stabilito dall\u2019artista, tasse incluse<\/span><\/p>\n<p><span style=\"font-family: -apple-system, BlinkMacSystemFont,;\">\u00a0<\/span><\/p>\n<p><span style=\"font-family: -apple-system, BlinkMacSystemFont,;\">13. Le opere non esposte potranno essere ritirate presso la Galleria Monfort di Portorose, via Lungomare 8 nelle seguenti giornate:<\/span><\/p>\n<p><span style=\"font-style: inherit; font-family: -apple-system, BlinkMacSystemFont,;\">\u00a0 \u00a0 \u00a0 \u00a0 \u00a0 &#8211; sabato 3 settembre 2022 dalle ore 13.00 alle ore 23.00,<\/span><\/p>\n<p><span style=\"font-style: inherit; font-family: -apple-system, BlinkMacSystemFont,;\">\u00a0 \u00a0 \u00a0 \u00a0 \u00a0<\/span><span style=\"font-style: inherit; font-family: -apple-system, BlinkMacSystemFont,;\">\u00a0<\/span>&#8211; da domenica 4 settembre 2022 a domenica 9 ottobre 2022 durante l\u2019orario d\u2019apertura della galleria.<\/p>\n<p>* Le opere che non verranno ritirate diverranno propriet\u00e0 dall\u2019organizzatore.<\/p>\n<p><span style=\"font-family: -apple-system, BlinkMacSystemFont,;\">\u00a0<\/span><\/p>\n<p><span style=\"font-family: -apple-system, BlinkMacSystemFont,;\">14. Le opere esposte potranno essere ritirate presso la Galleria Monfort di Portorose nelle seguenti giornate:<\/span><\/p>\n<p><span style=\"font-style: inherit; font-family: -apple-system, BlinkMacSystemFont,;\">\u00a0 \u00a0 \u00a0 \u00a0 \u00a0<\/span><span style=\"font-style: inherit; font-family: -apple-system, BlinkMacSystemFont,;\">\u00a0<\/span><span style=\"font-style: inherit; font-family: -apple-system, BlinkMacSystemFont,;\">&#8211; da marted\u00ec 18 ottobre 2022 a domenica 20 novembre 2022 dalle ore 10.00 alle ore 17.00.<\/span><\/p>\n<p><span style=\"font-style: inherit; font-family: -apple-system, BlinkMacSystemFont,;\">* Le opere che non verranno ritirate diverranno propriet\u00e0 dell\u2019organizzatore.<\/span><\/p>\n<p><span style=\"font-family: -apple-system, BlinkMacSystemFont,;\">\u00a0<\/span><\/p>\n<p><span style=\"font-family: -apple-system, BlinkMacSystemFont,;\">15. I partecipanti con la vidimazione delle tele (supporti), accettano in maniera integrale il presente regolamento.<\/span><\/p>\n<p><span style=\"font-style: inherit; font-family: -apple-system, BlinkMacSystemFont,;\">\u00a0<\/span><\/p>\n<p><span style=\"font-style: inherit; font-family: -apple-system, BlinkMacSystemFont,;\">\u00a0<\/span><\/p>\n<p>Vi attendiamo numerosi, arrivederci a Pirano!<\/p>\n<p>Gallerie costiere Pirano<\/p>\n<p>\n<\/div><\/div><\/div><\/div><\/div><\/section><\/p>\n","protected":false},"excerpt":{"rendered":"<p>57\u00b0 Ex-Tempore Internazionale di Pittura | 27 agosto\u201230 novembre 2022<\/p>\n","protected":false},"author":4,"featured_media":15087,"comment_status":"closed","ping_status":"closed","sticky":false,"template":"","format":"standard","meta":{"footnotes":""},"categories":[34,80,48],"tags":[],"class_list":["post-14829","post","type-post","status-publish","format-standard","has-post-thumbnail","hentry","category-eventi","category-mostre","category-notizie"],"acf":[],"_links":{"self":[{"href":"https:\/\/www.obalne-galerije.si\/it\/wp-json\/wp\/v2\/posts\/14829","targetHints":{"allow":["GET"]}}],"collection":[{"href":"https:\/\/www.obalne-galerije.si\/it\/wp-json\/wp\/v2\/posts"}],"about":[{"href":"https:\/\/www.obalne-galerije.si\/it\/wp-json\/wp\/v2\/types\/post"}],"author":[{"embeddable":true,"href":"https:\/\/www.obalne-galerije.si\/it\/wp-json\/wp\/v2\/users\/4"}],"replies":[{"embeddable":true,"href":"https:\/\/www.obalne-galerije.si\/it\/wp-json\/wp\/v2\/comments?post=14829"}],"version-history":[{"count":4,"href":"https:\/\/www.obalne-galerije.si\/it\/wp-json\/wp\/v2\/posts\/14829\/revisions"}],"predecessor-version":[{"id":16556,"href":"https:\/\/www.obalne-galerije.si\/it\/wp-json\/wp\/v2\/posts\/14829\/revisions\/16556"}],"wp:featuredmedia":[{"embeddable":true,"href":"https:\/\/www.obalne-galerije.si\/it\/wp-json\/wp\/v2\/media\/15087"}],"wp:attachment":[{"href":"https:\/\/www.obalne-galerije.si\/it\/wp-json\/wp\/v2\/media?parent=14829"}],"wp:term":[{"taxonomy":"category","embeddable":true,"href":"https:\/\/www.obalne-galerije.si\/it\/wp-json\/wp\/v2\/categories?post=14829"},{"taxonomy":"post_tag","embeddable":true,"href":"https:\/\/www.obalne-galerije.si\/it\/wp-json\/wp\/v2\/tags?post=14829"}],"curies":[{"name":"wp","href":"https:\/\/api.w.org\/{rel}","templated":true}]}}