{"id":14793,"date":"2022-07-15T18:25:43","date_gmt":"2022-07-15T16:25:43","guid":{"rendered":"https:\/\/www.obalne-galerije.si\/?p=14793"},"modified":"2023-01-17T12:56:22","modified_gmt":"2023-01-17T11:56:22","slug":"tilen-sepic-pioggia-cosmica-2","status":"publish","type":"post","link":"https:\/\/www.obalne-galerije.si\/it\/tilen-sepic-pioggia-cosmica-2\/","title":{"rendered":"PIOGGIA COSMICA: Tilen Sepi\u010d"},"content":{"rendered":"<p><section class=\"kc-elm kc-css-226089 kc_row\"><div class=\"kc-row-container  kc-container\"><div class=\"kc-wrap-columns\"><div class=\"kc-elm kc-css-699122 kc_col-sm-12 kc_column kc_col-sm-12\"><div class=\"kc-col-container\"><div class=\"kc-elm kc-css-359884 kc_text_block\"><\/p>\n<p><strong><span style=\"font-style: inherit; font-family: -apple-system, BlinkMacSystemFont, &#039;Segoe UI&#039;, Roboto, Oxygen-Sans, Ubuntu, Cantarell, &#039;Helvetica Neue&#039;, sans-serif;\">Tilen Sepi\u010d: Pioggia Cosmica |\u00a0<\/span><\/strong><strong style=\"font-style: inherit; font-family: -apple-system, BlinkMacSystemFont, \" segoe=\"\" ui\",=\"\" roboto,=\"\" oxygen-sans,=\"\" ubuntu,=\"\" cantarell,=\"\" \"helvetica=\"\" neue\",=\"\" sans-serif;\"=\"\">Installazione di luci e suoni |\u00a0<\/strong><strong style=\"font-style: inherit; font-family: -apple-system, BlinkMacSystemFont, \" segoe=\"\" ui\",=\"\" roboto,=\"\" oxygen-sans,=\"\" ubuntu,=\"\" cantarell,=\"\" \"helvetica=\"\" neue\",=\"\" sans-serif;\"=\"\"><span style=\"font-style: inherit; font-family: -apple-system, BlinkMacSystemFont, &#039;Segoe UI&#039;, Roboto, Oxygen-Sans, Ubuntu, Cantarell, &#039;Helvetica Neue&#039;, sans-serif;\">22.07.2022 \u2500 30.09.2022 |\u00a0<\/span>Galleria Medusa Capodistria |\u00a0<\/strong><strong style=\"font-style: inherit; font-family: -apple-system, BlinkMacSystemFont, \" segoe=\"\" ui\",=\"\" roboto,=\"\" oxygen-sans,=\"\" ubuntu,=\"\" cantarell,=\"\" \"helvetica=\"\" neue\",=\"\" sans-serif;\"=\"\">Inaugurazione: venerd\u00ec, 22.07.2022, alle ore 19.00<\/strong><\/p>\n<p>\n<\/div><div class=\"kc-elm kc-css-719891\" style=\"height: 50px; clear: both; width:100%;\"><\/div><\/div><\/div><\/div><\/div><\/section><section class=\"kc-elm kc-css-762679 kc_row\"><div class=\"kc-row-container  kc-container\"><div class=\"kc-wrap-columns\"><div class=\"kc-elm kc-css-903332 kc_col-sm-6 kc_column kc_col-sm-6\"><div class=\"kc-col-container\"><div class=\"kc-elm kc-css-758490 kc_shortcode kc_single_image\">\n\n        <img decoding=\"async\" src=\"https:\/\/www.obalne-galerije.si\/wp-content\/uploads\/2022\/06\/740px-Kozmicni_dey_wide.jpg\" class=\"\" alt=\"\" \/>    <\/div>\n<div class=\"kc-elm kc-css-223161 kc_shortcode kc_single_image\">\n\n        <img decoding=\"async\" src=\"https:\/\/www.obalne-galerije.si\/wp-content\/uploads\/2022\/07\/mion_osmoza_0L3A0693-scaled.jpg\" class=\"\" alt=\"\" \/>    <\/div>\n<div class=\"kc-elm kc-css-75192 kc_shortcode kc_single_image\">\n\n        <img decoding=\"async\" src=\"https:\/\/www.obalne-galerije.si\/wp-content\/uploads\/2022\/07\/mion_osmoza_0L3A0644-scaled.jpg\" class=\"\" alt=\"\" \/>    <\/div>\n<\/div><\/div><div class=\"kc-elm kc-css-434049 kc_col-sm-6 kc_column kc_col-sm-6\"><div class=\"kc-col-container\"><div class=\"kc-elm kc-css-454042 kc_text_block\"><\/p>\n<p><span style=\"font-style: inherit; font-family: -apple-system, BlinkMacSystemFont, \"Segoe UI\", Roboto, Oxygen-Sans, Ubuntu, Cantarell, \"Helvetica Neue\", sans-serif;\">L&#039;installazione luminosa e sonora PIOGGIA COSMICA dell&#039;artista TILEN SEPI\u010c esamina e materializza i muoni, particelle impercettibili all&#039;uomo. I muoni sono particelle elementari ad alta energia che si formano negli strati pi\u00f9 alti dell\u2019atmosfera quando i raggi cosmici sopraggiungono dallo spazio. In ogni momento passano attraverso i nostri corpi, attraverso le grandi masse naturali e le infrastrutture umane, per disintegrarsi nelle profondit\u00e0 della Terra.<\/span><\/p>\n<p>Nella Galleria Medusa a Capodistria, l&#039;installazione \u00e8 composta da cinque unit\u00e0 segnale-rilevatore, distribuite all\u2019interno della galleria e alimentate da una rete in acciaio elettrificata. Ogni singolo elemento contiene un rilevatore a scintillazione, costruito seguendo il progetto open source del rilevatore di muoni Cosmic Watch. Quando il muone passa attraverso lo scintillatore, viene generato un debole impulso di luce e amplificato da un fotomoltiplicatore al silicio si forma un debole segnale elettrico. Il microcontrollore integrato rileva il segnale innescando un forte lampo di luce e un colpo dell&#039;attuatore elettromagnetico contro la griglia che produce un suono simile ad un colpo sulla corda.<\/p>\n<p>La presentazione materiale delle particelle cosmiche sotto forma di stimoli luminosi e sonori consente allo spettatore di sperimentare eventi sensoriali fisici e cosmici che sono tutti intorno a noi ma sono inaccessibili ai nostri sensi. Lavorare con un gesto artistico funzionalista e ingegneristicamente preciso nello spazio, non fa che allungare il rilevatore e la griglia del segnale, esponendo la massa di continui incontri e collisioni di muoni, che sono gi\u00e0 presenti in tutti gli spazi della galleria, come una costante cosmica invisibile di cubi bianchi e neri \u201cseparati dal mondo\u201d.<\/p>\n<p>TILEN SEPI\u010c (1984) \u00e8 un artista e designer multidisciplinare che lavora nel campo dei nuovi media, dell&#039;arte della luce, del design di oggetti luminosi e del design di installazioni luminose audiovisive. Nel suo lavoro sostiene l&#039;open source e la cultura DIY. Con installazioni cinetiche luce-suono e produzioni a base di luce, partecipa regolarmente a festival e mostre di luce in patria e all&#039;estero: Vinterljus Festival of Lights (Linkoping, SE, 2019), IZIS (Portoro\u017e, 2019), Ventura Future (Italia, 2019 ), Responsive 2019 (Canada, 2019), Interference Tunis Light Art Project (Tunis, 2018), Design without borders (Budapest, 2018), Center for Creativity (Maribor, 2018), Collumina Light Art Project e EVI Lichtungen Light Festival (Colonia) e Hildesheim, Germania, 2018), Visualia (Pula, HR, 2017), Bella Skyway (Polonia, 2015, 2016), Lumina Festival (Portogallo, 2013, 2015, 2016), Light Guerrilla (2013, 2014, 2019) , 2021), Pixxelpoint (2020), MFRU (2020, 2021).<\/p>\n<\/p>\n<p><strong>Realizzazione di circuiti e programmazione:<\/strong>\u00a0Luka Frelih, Sta\u0161 Vrenko, Brane \u017ddralo<br \/><strong>Direzione artistica e testo:<\/strong>\u00a0Maja Burja<br \/><strong>Aiuto tecnico:<\/strong>\u00a0Luka Berneti\u010d, Valter Udovi\u010di\u0107<br \/><strong>Ringraziamento:<\/strong>\u00a0Institut \u201cJo\u017eef Stefan\u201d (prof. dr. Peter Kri\u017ean, dr. Andrej Gori\u0161ek), Dadamachines (Johannes Lohbihler), Miro Kri\u017eman<\/p>\n<p><strong>Produzione:<\/strong>\u00a0Dru\u0161tvo Ljudmila, laboratorij za znanost in umetnost<\/p>\n<p><strong>Coproduzione dell&#039;installazione alla Galleria Medusa:<\/strong>\u00a0Kulturno izobra\u017eevalno dru\u0161tvo PiNA<\/p>\n<p>Lo sviluppo del progetto \u00e8 avvenuto nell&#039;ambito di konS \u2013 Piattaforma per la ricerca artistica contemporanea, l&#039;installazione \u00e8 cofinanziata dal programma Europa Creativa EU nell&#039;ambito del progetto <strong>EASTN-DC<\/strong>.<\/p>\n<p>\n<\/div><\/div><\/div><\/div><\/div><\/section><\/p>\n","protected":false},"excerpt":{"rendered":"","protected":false},"author":4,"featured_media":15123,"comment_status":"closed","ping_status":"closed","sticky":false,"template":"","format":"standard","meta":{"footnotes":""},"categories":[38,80,48],"tags":[],"class_list":["post-14793","post","type-post","status-publish","format-standard","has-post-thumbnail","hentry","category-galleria-meduza","category-mostre","category-notizie"],"acf":[],"_links":{"self":[{"href":"https:\/\/www.obalne-galerije.si\/it\/wp-json\/wp\/v2\/posts\/14793","targetHints":{"allow":["GET"]}}],"collection":[{"href":"https:\/\/www.obalne-galerije.si\/it\/wp-json\/wp\/v2\/posts"}],"about":[{"href":"https:\/\/www.obalne-galerije.si\/it\/wp-json\/wp\/v2\/types\/post"}],"author":[{"embeddable":true,"href":"https:\/\/www.obalne-galerije.si\/it\/wp-json\/wp\/v2\/users\/4"}],"replies":[{"embeddable":true,"href":"https:\/\/www.obalne-galerije.si\/it\/wp-json\/wp\/v2\/comments?post=14793"}],"version-history":[{"count":4,"href":"https:\/\/www.obalne-galerije.si\/it\/wp-json\/wp\/v2\/posts\/14793\/revisions"}],"predecessor-version":[{"id":17243,"href":"https:\/\/www.obalne-galerije.si\/it\/wp-json\/wp\/v2\/posts\/14793\/revisions\/17243"}],"wp:featuredmedia":[{"embeddable":true,"href":"https:\/\/www.obalne-galerije.si\/it\/wp-json\/wp\/v2\/media\/15123"}],"wp:attachment":[{"href":"https:\/\/www.obalne-galerije.si\/it\/wp-json\/wp\/v2\/media?parent=14793"}],"wp:term":[{"taxonomy":"category","embeddable":true,"href":"https:\/\/www.obalne-galerije.si\/it\/wp-json\/wp\/v2\/categories?post=14793"},{"taxonomy":"post_tag","embeddable":true,"href":"https:\/\/www.obalne-galerije.si\/it\/wp-json\/wp\/v2\/tags?post=14793"}],"curies":[{"name":"wp","href":"https:\/\/api.w.org\/{rel}","templated":true}]}}