{"id":14701,"date":"2022-06-07T21:07:03","date_gmt":"2022-06-07T19:07:03","guid":{"rendered":"https:\/\/www.obalne-galerije.si\/?p=14701"},"modified":"2022-06-18T13:00:39","modified_gmt":"2022-06-18T11:00:39","slug":"nemanja-cvijanovic-posticipata-nel-2023","status":"publish","type":"post","link":"https:\/\/www.obalne-galerije.si\/it\/nemanja-cvijanovic-posticipata-nel-2023\/","title":{"rendered":"Nemanja Cvijanovi\u0107: Posticipata nel 2023!"},"content":{"rendered":"<p><section class=\"kc-elm kc-css-482822 kc_row\"><div class=\"kc-row-container  kc-container\"><div class=\"kc-wrap-columns\"><div class=\"kc-elm kc-css-685883 kc_col-sm-12 kc_column kc_col-sm-12\"><div class=\"kc-col-container\"><div class=\"kc-elm kc-css-712988\" style=\"height: 20px; clear: both; width:100%;\"><\/div><\/div><\/div><\/div><\/div><\/section><section class=\"kc-elm kc-css-625494 kc_row\"><div class=\"kc-row-container  kc-container\"><div class=\"kc-wrap-columns\"><div class=\"kc-elm kc-css-473935 kc_col-sm-6 kc_column kc_col-sm-6\"><div class=\"kc-col-container\"><div class=\"kc-elm kc-css-266550 kc_shortcode kc_single_image\">\n\n        <img decoding=\"async\" src=\"https:\/\/www.obalne-galerije.si\/wp-content\/uploads\/2022\/06\/NC-KOPER-scaled.jpeg\" class=\"\" alt=\"\" \/>    <\/div>\n<\/div><\/div><div class=\"kc-elm kc-css-580746 kc_col-sm-6 kc_column kc_col-sm-6\"><div class=\"kc-col-container\"><div class=\"kc-elm kc-css-743033 kc_text_block\"><\/p>\n<p style=\"font-weight: 400;\">L&#039;esposizione retrospettiva dell&#039;artista Nemanja Cvijanovi\u0107 viene posticipata a febbraio 2023.<\/p>\n<p>Vi comunichiamo che l\u2019esposizione retrospettiva dell\u2019artista croato Nemanja Cvijanovi\u0107 presso le Gallerie Costiere di Pirano, la cui inaugurazione doveva avere luogo venerd\u00ec 10 giugno 2022, data la complessit\u00e0 dei contenuti del progetto, organizzato con il sostegno di partner illustri (Ministero per la cultura della Repubblica di Croazia, Comune di Fiume, Rosa Luxemburg Stiftung Beograd), viene posticipata a febbraio 2023.<\/p>\n<p style=\"font-weight: 400;\">\nCome gi\u00e0 annunciato, quest\u2019anno potrete assistere alla presentazione promozionale del libro, l\u2019evento si terr\u00e0 nell\u2019ambito della mostra<br \/>NEXT GENERATION (ottobre 2022).<\/p>\n<p style=\"font-weight: 400;\">\nGallerie Costiere Pirano<\/p>\n<p>\n<\/div><\/div><\/div><\/div><\/div><\/section><section class=\"kc-elm kc-css-475017 kc_row\"><div class=\"kc-row-container  kc-container\"><div class=\"kc-wrap-columns\"><div class=\"kc-elm kc-css-732632 kc_col-sm-12 kc_column kc_col-sm-12\"><div class=\"kc-col-container\"><div class=\"kc-elm kc-css-622820\" style=\"height: 20px; clear: both; width:100%;\"><\/div><\/div><\/div><\/div><\/div><\/section><\/p>\n","protected":false},"excerpt":{"rendered":"","protected":false},"author":4,"featured_media":14849,"comment_status":"closed","ping_status":"closed","sticky":false,"template":"","format":"standard","meta":{"footnotes":""},"categories":[48],"tags":[],"class_list":["post-14701","post","type-post","status-publish","format-standard","has-post-thumbnail","hentry","category-notizie"],"acf":[],"_links":{"self":[{"href":"https:\/\/www.obalne-galerije.si\/it\/wp-json\/wp\/v2\/posts\/14701","targetHints":{"allow":["GET"]}}],"collection":[{"href":"https:\/\/www.obalne-galerije.si\/it\/wp-json\/wp\/v2\/posts"}],"about":[{"href":"https:\/\/www.obalne-galerije.si\/it\/wp-json\/wp\/v2\/types\/post"}],"author":[{"embeddable":true,"href":"https:\/\/www.obalne-galerije.si\/it\/wp-json\/wp\/v2\/users\/4"}],"replies":[{"embeddable":true,"href":"https:\/\/www.obalne-galerije.si\/it\/wp-json\/wp\/v2\/comments?post=14701"}],"version-history":[{"count":4,"href":"https:\/\/www.obalne-galerije.si\/it\/wp-json\/wp\/v2\/posts\/14701\/revisions"}],"predecessor-version":[{"id":14864,"href":"https:\/\/www.obalne-galerije.si\/it\/wp-json\/wp\/v2\/posts\/14701\/revisions\/14864"}],"wp:featuredmedia":[{"embeddable":true,"href":"https:\/\/www.obalne-galerije.si\/it\/wp-json\/wp\/v2\/media\/14849"}],"wp:attachment":[{"href":"https:\/\/www.obalne-galerije.si\/it\/wp-json\/wp\/v2\/media?parent=14701"}],"wp:term":[{"taxonomy":"category","embeddable":true,"href":"https:\/\/www.obalne-galerije.si\/it\/wp-json\/wp\/v2\/categories?post=14701"},{"taxonomy":"post_tag","embeddable":true,"href":"https:\/\/www.obalne-galerije.si\/it\/wp-json\/wp\/v2\/tags?post=14701"}],"curies":[{"name":"wp","href":"https:\/\/api.w.org\/{rel}","templated":true}]}}