{"id":14461,"date":"2022-05-13T16:10:13","date_gmt":"2022-05-13T14:10:13","guid":{"rendered":"https:\/\/www.obalne-galerije.si\/?p=14461"},"modified":"2022-05-16T09:17:01","modified_gmt":"2022-05-16T07:17:01","slug":"giornata-internazionale-dei-musei-2022","status":"publish","type":"post","link":"https:\/\/www.obalne-galerije.si\/it\/giornata-internazionale-dei-musei-2022\/","title":{"rendered":"Giornata Internazionale dei Musei 2022"},"content":{"rendered":"<section class=\"kc-elm kc-css-830627 kc_row\"><div class=\"kc-row-container  kc-container\"><div class=\"kc-wrap-columns\"><div class=\"kc-elm kc-css-335030 kc_col-sm-12 kc_column kc_col-sm-12\"><div class=\"kc-col-container\"><div class=\"kc-elm kc-css-971917\" style=\"height: 20px; clear: both; width:100%;\"><\/div><div class=\"kc-elm kc-css-505950 kc_text_block\"><\/p>\n<p style=\"font-weight: 400;\"><strong>GIORNATA INTERNAZIONALE DEI MUSEI 2022 NELLE GALLERIE COSTIERE PIRANO<\/strong><\/p>\n<p>La Giornata internazionale dei musei, il 18 maggio, \u00e8 una festa celebrata anche da molti musei e gallerie sloveni. Sono previsti vari eventi sotto l&#039;egida di ICOM Slovenia, che cercheranno di attirare l&#039;attenzione e promuovere la forza e i valori dei musei sloveni. \u201cI musei, con le loro collezioni e con i loro progetti, fanno da collante nella societ\u00e0 e costruiscono le comunit\u00e0. Sostenendo i valori democratici e fornendo opportunit\u00e0 per l&#039;apprendimento permanente, contribuiscono alla creazione di una societ\u00e0 civile informata e impegnata\", \u00e8 stato scritto nel progetto comune. Nelle Gallerie costiere Pirano, ci uniamo alla festa con le visite guidate alle mostre del 18 e 19 maggio 2022.<\/p>\n<\/p>\n<p style=\"font-weight: 400;\"><strong>Nella Galleria Monfort di Portorose<\/strong>\u00a0sono in mostra le installazioni di\u00a0<strong>Daniela Danica Tepe\u0161<\/strong>\u00a0intitolate\u00a0<strong>DALL&#039;ALTRA PARTE \/ ON THE OTHER SIDE<\/strong>, frutto della collaborazione tra le Gallerie costiere Pirano e l&#039;Accademia di arti visive di Lubiana. La mostra ha avuto un grande numero di visitatori gi\u00e0 dal giorno dell\u2019inaugurazione, per cui\u00a0<strong>mercoled\u00ec 18. maggio 2022, alle ore 18.00, viene organizzata per i ritardatari e per le persone interessate a maggiori informazioni, la visita guidata della mostra con la partecipazione dell&#039;artista Daniela Danica Tepe\u0161 e del curatore della mostra Matic Bukovec<\/strong>.\u00a0<a href=\"https:\/\/www.obalne-galerije.si\/it\/daniela-danica-tepes-dallaltro-lato\/\" data-saferedirecturl=\"https:\/\/www.google.com\/url?q=https:\/\/www.obalne-galerije.si\/it\/daniela-danica-tepes-dallaltro-lato\/&#038;source=gmail&#038;ust=1652537211026000&#038;usg=AOvVaw2URXlDyB9jhx9XXMMY-3u8\">Maggiori informazioni al link \u2026<\/a><\/p>\n<p>Un numero eccezionale di visitatori \u00e8 stato registrato anche alla mostra di\u00a0<strong>Emil Memon<\/strong>\u00a0intitolata\u00a0<strong>SAINTLY BODY, esposta nella Galleria Loggia<\/strong>. Prima della sua chiusura il 30 maggio 2022, e precisamente il\u00a0<strong>gioved\u00ec 19 maggio 2022, alle ore 18.00,<\/strong>\u00a0stiamo organizzando un ultimo evento.\u00a0<strong>\u00a0La presentazione e una conversazione con l&#039;autore<\/strong>\u00a0sar\u00e0 condotta dalla curatrice della mostra, la storica dell&#039;arte\u00a0<strong>Barbara Bor\u010di\u010d<\/strong>, un\u2019ottima conoscitrice dei lavori creativi dell\u2019artista, che presenter\u00e0 anche il riquadro storico-artistico in cui Memon si \u00e8 formato e in cui ha lavorato.\u00a0<a href=\"https:\/\/www.obalne-galerije.si\/it\/emil-memon-saintly-body\/\" data-saferedirecturl=\"https:\/\/www.google.com\/url?q=https:\/\/www.obalne-galerije.si\/it\/emil-memon-saintly-body\/&#038;source=gmail&#038;ust=1652537211026000&#038;usg=AOvVaw1VAVAOCrF-PUyyV94OnhuK\">Maggiori informazioni al link \u2026<\/a><\/p>\n<p>\n<\/div><div class=\"kc-elm kc-css-349212\" style=\"height: 20px; clear: both; width:100%;\"><\/div><\/div><\/div><\/div><\/div><\/section>\n","protected":false},"excerpt":{"rendered":"","protected":false},"author":4,"featured_media":14464,"comment_status":"closed","ping_status":"closed","sticky":false,"template":"","format":"standard","meta":{"footnotes":""},"categories":[34,48],"tags":[],"class_list":["post-14461","post","type-post","status-publish","format-standard","has-post-thumbnail","hentry","category-eventi","category-notizie"],"acf":[],"_links":{"self":[{"href":"https:\/\/www.obalne-galerije.si\/it\/wp-json\/wp\/v2\/posts\/14461","targetHints":{"allow":["GET"]}}],"collection":[{"href":"https:\/\/www.obalne-galerije.si\/it\/wp-json\/wp\/v2\/posts"}],"about":[{"href":"https:\/\/www.obalne-galerije.si\/it\/wp-json\/wp\/v2\/types\/post"}],"author":[{"embeddable":true,"href":"https:\/\/www.obalne-galerije.si\/it\/wp-json\/wp\/v2\/users\/4"}],"replies":[{"embeddable":true,"href":"https:\/\/www.obalne-galerije.si\/it\/wp-json\/wp\/v2\/comments?post=14461"}],"version-history":[{"count":4,"href":"https:\/\/www.obalne-galerije.si\/it\/wp-json\/wp\/v2\/posts\/14461\/revisions"}],"predecessor-version":[{"id":14473,"href":"https:\/\/www.obalne-galerije.si\/it\/wp-json\/wp\/v2\/posts\/14461\/revisions\/14473"}],"wp:featuredmedia":[{"embeddable":true,"href":"https:\/\/www.obalne-galerije.si\/it\/wp-json\/wp\/v2\/media\/14464"}],"wp:attachment":[{"href":"https:\/\/www.obalne-galerije.si\/it\/wp-json\/wp\/v2\/media?parent=14461"}],"wp:term":[{"taxonomy":"category","embeddable":true,"href":"https:\/\/www.obalne-galerije.si\/it\/wp-json\/wp\/v2\/categories?post=14461"},{"taxonomy":"post_tag","embeddable":true,"href":"https:\/\/www.obalne-galerije.si\/it\/wp-json\/wp\/v2\/tags?post=14461"}],"curies":[{"name":"wp","href":"https:\/\/api.w.org\/{rel}","templated":true}]}}