{"id":13864,"date":"2022-03-21T14:47:08","date_gmt":"2022-03-21T13:47:08","guid":{"rendered":"https:\/\/www.obalne-galerije.si\/?p=13864"},"modified":"2022-04-05T15:23:35","modified_gmt":"2022-04-05T13:23:35","slug":"laboratorio-incolla-avvolgi-spruzza","status":"publish","type":"post","link":"https:\/\/www.obalne-galerije.si\/it\/laboratorio-incolla-avvolgi-spruzza\/","title":{"rendered":"Laboratorio: Incolla, avvolgi, spruzza!"},"content":{"rendered":"<p><section class=\"kc-elm kc-css-703495 kc_row\"><div class=\"kc-row-container  kc-container\"><div class=\"kc-wrap-columns\"><div class=\"kc-elm kc-css-163517 kc_col-sm-12 kc_column kc_col-sm-12\"><div class=\"kc-col-container\"><div class=\"kc-elm kc-css-312534 kc_text_block\"><\/p>\n<p><span style=\"font-weight: 600;\">Laboratorio: Incolla, avvolgi, spruzza! | Marted\u00ec 5 aprile 2022, dalle ore 10.00 | Piazza Tartini, Pirano<\/span><\/p>\n<p>\n<\/div><div class=\"kc-elm kc-css-103556\" style=\"height: 20px; clear: both; width:100%;\"><\/div><\/div><\/div><\/div><\/div><\/section><section class=\"kc-elm kc-css-359293 kc_row\"><div class=\"kc-row-container  kc-container\"><div class=\"kc-wrap-columns\"><div class=\"kc-elm kc-css-254245 kc_col-sm-6 kc_column kc_col-sm-6\"><div class=\"kc-col-container\"><div class=\"kc-elm kc-css-838313 kc_shortcode kc_single_image\">\n\n        <img decoding=\"async\" src=\"https:\/\/www.obalne-galerije.si\/wp-content\/uploads\/2022\/03\/IMG_20220405_111322_resized_20220405_022605719.jpg\" class=\"\" alt=\"\" \/>    <\/div>\n<div class=\"kc-elm kc-css-922760 kc_shortcode kc_single_image\">\n\n        <img decoding=\"async\" src=\"https:\/\/www.obalne-galerije.si\/wp-content\/uploads\/2022\/03\/IMG_20220405_111408_resized_20220405_022606011.jpg\" class=\"\" alt=\"\" \/>    <\/div>\n<div class=\"kc-elm kc-css-831325 kc_shortcode kc_single_image\">\n\n        <img decoding=\"async\" src=\"https:\/\/www.obalne-galerije.si\/wp-content\/uploads\/2022\/03\/IMG_20220405_113016_resized_20220405_022802338.jpg\" class=\"\" alt=\"\" \/>    <\/div>\n<div class=\"kc-elm kc-css-637959 kc_shortcode kc_single_image\">\n\n        <img decoding=\"async\" src=\"https:\/\/www.obalne-galerije.si\/wp-content\/uploads\/2022\/03\/IMG_20220405_113934_resized_20220405_022802547.jpg\" class=\"\" alt=\"\" \/>    <\/div>\n<div class=\"kc-elm kc-css-414680 kc_shortcode kc_single_image\">\n\n        <img decoding=\"async\" src=\"https:\/\/www.obalne-galerije.si\/wp-content\/uploads\/2022\/03\/IMG_20220405_123527_resized_20220405_022802747.jpg\" class=\"\" alt=\"\" \/>    <\/div>\n<\/div><\/div><div class=\"kc-elm kc-css-362230 kc_col-sm-6 kc_column kc_col-sm-6\"><div class=\"kc-col-container\"><div class=\"kc-elm kc-css-264410 kc_text_block\"><\/p>\n<p><span style=\"font-style: inherit; font-family: -apple-system, BlinkMacSystemFont, \"Segoe UI\", Roboto, Oxygen-Sans, Ubuntu, Cantarell, \"Helvetica Neue\", sans-serif;\">Alla mostra <\/span><em style=\"font-family: -apple-system, BlinkMacSystemFont, \"Segoe UI\", Roboto, Oxygen-Sans, Ubuntu, Cantarell, \"Helvetica Neue\", sans-serif;\">Il panorama<\/em><span style=\"font-style: inherit; font-family: -apple-system, BlinkMacSystemFont, \"Segoe UI\", Roboto, Oxygen-Sans, Ubuntu, Cantarell, \"Helvetica Neue\", sans-serif;\"> una selezione del fondo artistico delle Gallerie costiere Pirano presenter\u00e0 al pubblico gli artisti e le opere pi\u00f9 importanti che le Gallerie costiere Pirano conservano nelle loro collezioni. In questa occasione siete invitati al laboratorio dinamico <\/span><strong style=\"font-style: inherit; font-family: -apple-system, BlinkMacSystemFont, \"Segoe UI\", Roboto, Oxygen-Sans, Ubuntu, Cantarell, \"Helvetica Neue\", sans-serif;\">Incolla, avvolgi, spruzza!<\/strong><span style=\"font-style: inherit; font-family: -apple-system, BlinkMacSystemFont, \"Segoe UI\", Roboto, Oxygen-Sans, Ubuntu, Cantarell, \"Helvetica Neue\", sans-serif;\"> che sar\u00e0 condotto dalla curatrice delle Gallerie costiere Pirano, Ana Pape\u017e.<\/span><\/p>\n<p>Dopo la visita guidata e la presentazione delle opere d&#039;arte, degli autori e dei dettagli meno noti della variopinta storia delle Gallerie costiere Pirano, seguir\u00e0 un evento interessante, che si svolger\u00e0 nell&#039;atrio della Galleria civica Pirano, trasformata, per l\u2019occasione, in un laboratorio creativo.<\/p>\n<p>Il laboratorio dinamico<strong> Incolla, avvolgi, spruzza!<\/strong> \u00e8 adatto per bambini di diverse et\u00e0 delle scuole primarie e secondarie. Sar\u00e0 organizzato per gruppi scolastici, ma vi si potr\u00e0 accedere anche durante le visite individuali. Nei laboratori, studenti e bambini creeranno con tecniche moderne come il collage, l\u2019impacchettamento di oggetti e l\u2019utilizzo di spray. Il punto di partenza del laboratorio sono le opere delle collezioni delle GCP: <strong>Pla\u017ea \u2013 La spiaggia<\/strong> (1966) di Avgust \u010cernigoj e <strong>Wrapped Reichstag<\/strong> di Christo (1971-1995).<\/p>\n<p>Si tratta di opere realizzate con tecniche artistiche indicative della seconda met\u00e0 del XX secolo. Tra i pionieri di queste tecniche, allora rivoluzionarie, vi sono Christo e Jeanne Claude, che con la loro specifica tecnica di &#8220;wrapping\" svilupparono progetti megalomani e ampliarono il campo della cos\u00ec detta Land art.<\/p>\n<p><strong>Una parte del laboratorio che comprende l\u2019utilizzo di spray, si svolger\u00e0 in Piazza Tartini, marted\u00ec, 5 aprile 2022, dalle ore 10.00<\/strong>, e in caso di pioggia, gioved\u00ec, 7 aprile 2022. In questa occasione prender\u00e0 parte al laboratorio anche l&#039;artista visivo e musicista <strong>Emil Memon<\/strong> di Capodistria, che \u00e8 vissuto per decenni a New York. \u00c8 considerato l&#039;unico artista di pop art sloveno ad essere un rappresentante attivo della scena artistica newyorchese.<\/p>\n<p><strong>Maggiori informazioni e iscrizioni:<\/strong><\/p>\n<p><strong>e-mail:<\/strong> <a href=\"mailto:ana.papez@obalne-galerije.si\">ana.papez@obalne-galerije.si<\/a><\/p>\n<p><strong>tel.: <\/strong>070 760 950<\/p>\n<p>\n<\/div><div class=\"kc-elm kc-css-180730 kc_shortcode kc_single_image\">\n\n        <img decoding=\"async\" src=\"https:\/\/www.obalne-galerije.si\/wp-content\/uploads\/2022\/03\/999A2368-scaled.jpg\" class=\"\" alt=\"\" \/>    <\/div>\n<div class=\"kc-elm kc-css-9745 kc_shortcode kc_single_image\">\n\n        <img decoding=\"async\" src=\"https:\/\/www.obalne-galerije.si\/wp-content\/uploads\/2022\/03\/999A2372-scaled.jpg\" class=\"\" alt=\"\" \/>    <\/div>\n<div class=\"kc-elm kc-css-240260 kc_text_block\"><\/p>\n<p>Christo and Jeanne-Claude, <em>Wrapped Reichstag<\/em>, 1971 &#8211; 1995<\/p>\n<p>\n<\/div><\/div><\/div><\/div><\/div><\/section><section class=\"kc-elm kc-css-509595 kc_row\"><div class=\"kc-row-container  kc-container\"><div class=\"kc-wrap-columns\"><div class=\"kc-elm kc-css-944871 kc_col-sm-12 kc_column kc_col-sm-12\"><div class=\"kc-col-container\"><div class=\"kc-elm kc-css-418998\" style=\"height: 20px; clear: both; width:100%;\"><\/div><\/div><\/div><\/div><\/div><\/section><\/p>\n","protected":false},"excerpt":{"rendered":"","protected":false},"author":4,"featured_media":13865,"comment_status":"closed","ping_status":"closed","sticky":false,"template":"","format":"standard","meta":{"footnotes":""},"categories":[48],"tags":[],"class_list":["post-13864","post","type-post","status-publish","format-standard","has-post-thumbnail","hentry","category-notizie"],"acf":[],"_links":{"self":[{"href":"https:\/\/www.obalne-galerije.si\/it\/wp-json\/wp\/v2\/posts\/13864","targetHints":{"allow":["GET"]}}],"collection":[{"href":"https:\/\/www.obalne-galerije.si\/it\/wp-json\/wp\/v2\/posts"}],"about":[{"href":"https:\/\/www.obalne-galerije.si\/it\/wp-json\/wp\/v2\/types\/post"}],"author":[{"embeddable":true,"href":"https:\/\/www.obalne-galerije.si\/it\/wp-json\/wp\/v2\/users\/4"}],"replies":[{"embeddable":true,"href":"https:\/\/www.obalne-galerije.si\/it\/wp-json\/wp\/v2\/comments?post=13864"}],"version-history":[{"count":4,"href":"https:\/\/www.obalne-galerije.si\/it\/wp-json\/wp\/v2\/posts\/13864\/revisions"}],"predecessor-version":[{"id":14146,"href":"https:\/\/www.obalne-galerije.si\/it\/wp-json\/wp\/v2\/posts\/13864\/revisions\/14146"}],"wp:featuredmedia":[{"embeddable":true,"href":"https:\/\/www.obalne-galerije.si\/it\/wp-json\/wp\/v2\/media\/13865"}],"wp:attachment":[{"href":"https:\/\/www.obalne-galerije.si\/it\/wp-json\/wp\/v2\/media?parent=13864"}],"wp:term":[{"taxonomy":"category","embeddable":true,"href":"https:\/\/www.obalne-galerije.si\/it\/wp-json\/wp\/v2\/categories?post=13864"},{"taxonomy":"post_tag","embeddable":true,"href":"https:\/\/www.obalne-galerije.si\/it\/wp-json\/wp\/v2\/tags?post=13864"}],"curies":[{"name":"wp","href":"https:\/\/api.w.org\/{rel}","templated":true}]}}