{"id":13745,"date":"2022-03-15T16:11:02","date_gmt":"2022-03-15T15:11:02","guid":{"rendered":"https:\/\/www.obalne-galerije.si\/?p=13745"},"modified":"2022-03-16T20:49:59","modified_gmt":"2022-03-16T19:49:59","slug":"appuntamenti-di-marzo-2022","status":"publish","type":"post","link":"https:\/\/www.obalne-galerije.si\/it\/appuntamenti-di-marzo-2022\/","title":{"rendered":"Appuntamenti di Marzo 2022"},"content":{"rendered":"<section class=\"kc-elm kc-css-534402 kc_row\"><div class=\"kc-row-container  kc-container\"><div class=\"kc-wrap-columns\"><div class=\"kc-elm kc-css-703147 kc_col-sm-12 kc_column kc_col-sm-12\"><div class=\"kc-col-container\"><div class=\"kc-elm kc-css-91218\" style=\"height: 20px; clear: both; width:100%;\"><\/div><div class=\"kc-elm kc-css-688113 kc_text_block\"><\/p>\n<p>Il primo mese primaverile accompagna molti eventi speciali nelle Gallerie costiere Pirano. Tra questi spiccano l&#8217;inizio del programma di incontri pubblici e un&#8217;importante mostra collettiva internazionale, con un ricco programma pedagogico e andragogico. Quest&#8217;anno ricorrono i dieci anni dalla ristrutturazione della Galleria civica Pirano, quindi in questa occasione abbiamo rispolverato gli archivi e depositi d\u2019arte e rinnovato completamente il nostro spazio espositivo centrale a Pirano.<u><\/u><u><\/u><\/p>\n<p>Assieme alle giornate primaverili, continua l&#8217;iniziativa\u00a0<b>LE GALLERIE VERSO L&#8217;ESTERNO<\/b>\u00a0iniziata l\u2019anno scorso. Quest&#8217;anno, essendo le gallerie finalmente aperte al pubblico, il progetto si arricchisce di un programma dal vivo sotto forma di &#8220;artist&#8217;s talk\", incontri e conversazioni sul tema dell&#8217;arte visiva del litorale e sul ruolo e la missione delle istituzioni d&#8217;arte contemporanea nel XXI secolo. Inviteremo ospiti nazionali e internazionali che si sono distinti per i loro conseguimenti artistici, pedagogici e di ricerca in diversi ambiti dell&#8217;arte visiva. L\u2019ospite del primo incontro, che si terr\u00e0\u00a0<b>sabato 19. 3. 2022 alle ore 11.30<\/b>\u00a0<b>presso la Galleria civica Pirano<\/b>, sar\u00e0 l\u2019affermato fotografo e artista\u00a0<b>PRIMO\u017d BIZJAK<\/b>. L\u2019artista dopo essersi diplomato all&#8217;Accademia di belle arti di Venezia nel 2005, \u00e8 vissuto in Italia, Spagna e Germania. Al momento vive e lavora a Madrid. Si interessa di confini, di spazi abbandonati e segnati dal passato che hanno perso la loro funzione originaria o sono in via di trasformazione, ma anche di interventi dell\u2019uomo nell&#8217;ambiente e del funzionamento della natura, dell&#8217;intreccio di presente e passato.\u00a0<a href=\"https:\/\/www.obalne-galerije.si\/it\/primoz-bizjak-artists-talk\/\" target=\"_blank\" rel=\"noopener\" data-saferedirecturl=\"https:\/\/www.google.com\/url?q=https:\/\/www.obalne-galerije.si\/it\/primoz-bizjak-artists-talk\/&amp;source=gmail&amp;ust=1647536906775000&amp;usg=AOvVaw1kDc1V0S1peUMHxHNyWoki\">Maggiori informazioni al link\u2026.<\/a><u><\/u><u><\/u><\/p>\n<p>Con la mostra\u00a0<b>IL PANORAMA. SELEZIONE DAL FONDO ARTISTICO DELLE GALLERIE COSTIERE PIRANO<\/b>, che sar\u00e0 inaugurata<b>\u00a0venerd\u00ec, 25. 3. 2022 alle ore 18.00 alla Gallera civica Pirano<\/b>, \u00e8 nostro intento attirare l&#8217;attenzione sul patrimonio artistico custodito nei nostri depositi d\u2019arte. Questo patrimonio rappresenta una fonte estremamente preziosa per sensibilizzare il grande pubblico sull&#8217;importanza universale dell&#8217;arte e sul suo ruolo nella comprensione del mondo e dell&#8217;umanit\u00e0. La mostra presenter\u00e0 opere selezionate di affermati artisti sloveni e internazionali:<b>\u00a0G\u00fcnter Brus, Avgust \u010cernigoj, Christo &amp; Jeanne-Claude, IRWIN, Mladen Ivan\u010di\u0107, Metka Kra\u0161ovec, Janez Lenassi, Emil Memon, Hermann Nitsch, Mimmo Paladino, John Phillips, Anne &amp; Patrick Poirier\u00a0<\/b>e<b>\u00a0Robert Watts<\/b>. Le migliori opere selezionate saranno esposte fino alla fine di maggio e provengono dalle collezioni pi\u00f9 rappresentative delle gallerie. Oltre alle opere d&#8217;arte di eccelsa qualit\u00e0, questa mostra mette in evidenza anche l&#8217;importanza delle collezioni stesse, il quadro storico della loro creazione e una breve descrizione di come sono entrate a far parte del fondo della galleria &#8230;\u00a0<a href=\"https:\/\/www.obalne-galerije.si\/it\/panorama\/\" target=\"_blank\" rel=\"noopener\" data-saferedirecturl=\"https:\/\/www.google.com\/url?q=https:\/\/www.obalne-galerije.si\/it\/panorama\/&amp;source=gmail&amp;ust=1647536906775000&amp;usg=AOvVaw3ny2BAJnlUM0E3YF35oRpr\">Maggiori informazioni al link &#8230;<\/a><u><\/u><u><\/u><\/p>\n<p>La mostra\u00a0<b>IL PANORAMA<\/b>\u00a0sar\u00e0 inoltre accompagnata da un ricco programma\u00a0<b>pedagogico e andragogico<\/b>. Nell&#8217;ambito della mostra saranno organizzate speciali visite guidate con le curatrici delle GCP, che presentando al pubblico opere, artisti e diverse collezioni, sveleranno anche i dettagli meno noti della variopinta storia delle Gallerie costiere Pirano.<u><\/u><u><\/u><\/p>\n<p>Per i bambini di diverse et\u00e0 delle scuole primarie e secondarie saranno organizzati laboratori\u00a0<b>INCOLLA, AVVOLGI, SPRUZZA!,<\/b>\u00a0presso la Galleria civica Pirano. Avranno luogo nella hall della galleria, che sar\u00e0 trasformata in un laboratorio creativo, accessibile anche per le creazioni autonome durante le visite individuali. Nei laboratori, studenti e bambini creeranno con tecniche moderne come il collage, l\u2019impacchettamento di oggetti e l\u2019utilizzo di spray. Il punto di partenza del laboratorio sono le opere delle collezioni GCP:\u00a0<b>Pla\u017ea \u2013 La spiaggia\u00a0<\/b>(1966) di\u00a0<b>Avgust \u010cernigoj<\/b>,\u00a0<b>Wrapped Reichstag\u00a0<\/b>di<b>\u00a0Christo<\/b>\u00a0(1971-1995) e altre opere. Si tratta di opere realizzate con tecniche artistiche indicative della seconda met\u00e0 del XX secolo. Tra i pionieri di queste tecniche, allora rivoluzionarie, vi sono Christo &amp; Jeanne-Claude, che con la loro specifica tecnica di &#8220;wrapping\" svilupparono progetti megalomani e ampliarono il campo della cos\u00ec detta Land art. I laboratori permetteranno cos\u00ec di comprendere l&#8217;arte e il contesto nel quale viene generata.\u00a0<u><\/u><u><\/u><\/p>\n<p>La mostra personale dell&#8217;artista capodistriano\u00a0<b>EMIL MEMON<\/b>\u00a0intitolata\u00a0<b>SAINTLY BODY<\/b>\u00a0nella Galleria Loggia di Capodistria, \u00e8 stata prorogata fino al 31 maggio 2022 a grande richiesta del pubblico. La mostra attira molti visitatori di diverse generazioni, quindi per un gruppo di studenti sloveni\u00a0<b>marted\u00ec, \u00a0 22 marzo 2022<\/b>, organizzeremo una visita guidata con l&#8217;artista e con il curatore esterno,\u00a0<b>dr. Tilen \u017dbona<\/b>.\u00a0<a href=\"https:\/\/www.obalne-galerije.si\/it\/emil-memon-saintly-body\/\" target=\"_blank\" rel=\"noopener\" data-saferedirecturl=\"https:\/\/www.google.com\/url?q=https:\/\/www.obalne-galerije.si\/it\/emil-memon-saintly-body\/&amp;source=gmail&amp;ust=1647536906775000&amp;usg=AOvVaw0u6IZlbCPlHKfUpNf2y8dy\">Maggiori informazioni sul progetto\u2026<\/a><u><\/u><u><\/u><\/p>\n<p>Vi ricordiamo inoltre la mostra tematica\u00a0<b>ANGELI O BESTIE\u00a0<\/b>organizzata nell&#8217;ambito del progetto internazionale MARAVEE che si pu\u00f2 visitare alla Galleria Herman Pe\u010dari\u010d di Pirano fino al 10. 4. 2022. A marzo sar\u00e0 organizzata una visita guidata speciale per gli studenti della scuola media superiore GEP\u0160.\u00a0<a href=\"https:\/\/www.obalne-galerije.si\/it\/angeli-e-demoni-mostra-collettiva\/\" target=\"_blank\" rel=\"noopener\" data-saferedirecturl=\"https:\/\/www.google.com\/url?q=https:\/\/www.obalne-galerije.si\/it\/angeli-e-demoni-mostra-collettiva\/&amp;source=gmail&amp;ust=1647536906775000&amp;usg=AOvVaw3-xD8YEhrMqG4Zn5RuyOV_\">Maggiori informazioni sul progetto\u2026<\/a><u><\/u><u><\/u><\/p>\n<p>Nella galleria Medusa di Capodistria \u00e8 possibile visitare fino al 18. 3. 2022 la mostra\u00a0<b>IL COLORE CHE L&#8217;INVERNO NASCONDE\u00a0<\/b>e fa parte della 17a edizione del progetto QUESTA VOLTA METTI IN SCENA\u2026 VERDE PROFUMO.\u00a0<a href=\"https:\/\/www.obalne-galerije.si\/it\/questa-volta-metti-in-scena-verde-profumo\/\" target=\"_blank\" rel=\"noopener\" data-saferedirecturl=\"https:\/\/www.google.com\/url?q=https:\/\/www.obalne-galerije.si\/it\/questa-volta-metti-in-scena-verde-profumo\/&amp;source=gmail&amp;ust=1647536906775000&amp;usg=AOvVaw1TvT6r2vqQZCPx3OfHklZK\">Maggiori informazioni al link &#8230;<\/a><u><\/u><u><\/u><\/p>\n<p>Infine, vorremmo annunciare che nell&#8217;ambito del programma\u00a0<b>TARTINI 330<\/b>, dedicato al 330\u00b0 anniversario della nascita di Giuseppe Tartini, prepareremo in primavera il laboratorio TARTINI CON I MIEI OCCHI. I bambini, studenti e cittadini di ogni et\u00e0 realizzeranno i ritratti del grande violinista e compositore nato a Pirano scegliendo una qualsiasi tecnica artistica (grafica, disegno, pittura, collage\u2026). I loro prodotti saranno successivamente presentati al pubblico sotto forma di una mostra intergenerazionale presso la Galleria Herman Pe\u010dari\u010d di Pirano.<u><\/u><u><\/u><\/p>\n<p>Siamo felici di ospitare nuovi eventi e di avere la possibilit\u00e0 di incontrarvi!<\/p>\n<\/p>\n<p>\n<\/div><div class=\"kc-elm kc-css-954769\" style=\"height: 20px; clear: both; width:100%;\"><\/div><\/div><\/div><\/div><\/div><\/section>\n","protected":false},"excerpt":{"rendered":"","protected":false},"author":4,"featured_media":13746,"comment_status":"closed","ping_status":"closed","sticky":false,"template":"","format":"standard","meta":{"footnotes":""},"categories":[48],"tags":[],"class_list":["post-13745","post","type-post","status-publish","format-standard","has-post-thumbnail","hentry","category-notizie"],"acf":[],"_links":{"self":[{"href":"https:\/\/www.obalne-galerije.si\/it\/wp-json\/wp\/v2\/posts\/13745","targetHints":{"allow":["GET"]}}],"collection":[{"href":"https:\/\/www.obalne-galerije.si\/it\/wp-json\/wp\/v2\/posts"}],"about":[{"href":"https:\/\/www.obalne-galerije.si\/it\/wp-json\/wp\/v2\/types\/post"}],"author":[{"embeddable":true,"href":"https:\/\/www.obalne-galerije.si\/it\/wp-json\/wp\/v2\/users\/4"}],"replies":[{"embeddable":true,"href":"https:\/\/www.obalne-galerije.si\/it\/wp-json\/wp\/v2\/comments?post=13745"}],"version-history":[{"count":5,"href":"https:\/\/www.obalne-galerije.si\/it\/wp-json\/wp\/v2\/posts\/13745\/revisions"}],"predecessor-version":[{"id":13826,"href":"https:\/\/www.obalne-galerije.si\/it\/wp-json\/wp\/v2\/posts\/13745\/revisions\/13826"}],"wp:featuredmedia":[{"embeddable":true,"href":"https:\/\/www.obalne-galerije.si\/it\/wp-json\/wp\/v2\/media\/13746"}],"wp:attachment":[{"href":"https:\/\/www.obalne-galerije.si\/it\/wp-json\/wp\/v2\/media?parent=13745"}],"wp:term":[{"taxonomy":"category","embeddable":true,"href":"https:\/\/www.obalne-galerije.si\/it\/wp-json\/wp\/v2\/categories?post=13745"},{"taxonomy":"post_tag","embeddable":true,"href":"https:\/\/www.obalne-galerije.si\/it\/wp-json\/wp\/v2\/tags?post=13745"}],"curies":[{"name":"wp","href":"https:\/\/api.w.org\/{rel}","templated":true}]}}