{"id":13698,"date":"2022-03-17T14:58:38","date_gmt":"2022-03-17T13:58:38","guid":{"rendered":"https:\/\/www.obalne-galerije.si\/?p=13698"},"modified":"2022-03-17T17:06:44","modified_gmt":"2022-03-17T16:06:44","slug":"primoz-bizjak-artists-talk","status":"publish","type":"post","link":"https:\/\/www.obalne-galerije.si\/it\/primoz-bizjak-artists-talk\/","title":{"rendered":"Primo\u017e Bizjak: Artist&#8217;s talk"},"content":{"rendered":"<p><section class=\"kc-elm kc-css-466350 kc_row\"><div class=\"kc-row-container  kc-container\"><div class=\"kc-wrap-columns\"><div class=\"kc-elm kc-css-156233 kc_col-sm-12 kc_column kc_col-sm-12\"><div class=\"kc-col-container\"><div class=\"kc-elm kc-css-4976 kc_text_block\"><\/p>\n<p>\n<strong>Le gallerie verso l&#8217;esterno | Primoz Bizjak: artist&#8217;s talk |\u00a0<\/strong><\/p>\n<p><strong>Galleria Civica, Pirano | Sabato 19.03.2022, alle ore 11.30<\/strong><\/p>\n<p><!--more--><\/p>\n<p>\n<\/div><div class=\"kc-elm kc-css-395385\" style=\"height: 20px; clear: both; width:100%;\"><\/div><\/div><\/div><\/div><\/div><\/section><section class=\"kc-elm kc-css-978685 kc_row\"><div class=\"kc-row-container  kc-container\"><div class=\"kc-wrap-columns\"><div class=\"kc-elm kc-css-417794 kc_col-sm-6 kc_column kc_col-sm-6\"><div class=\"kc-col-container\"><div class=\"kc-elm kc-css-597058 kc_shortcode kc_single_image\">\n\n        <img decoding=\"async\" src=\"https:\/\/www.obalne-galerije.si\/wp-content\/uploads\/2022\/03\/Primoz-Bizjak-2015_Madrid.jpg\" class=\"\" alt=\"\" \/>    <\/div>\n<div class=\"kc-elm kc-css-225267 kc_shortcode kc_single_image\">\n\n        <img decoding=\"async\" src=\"https:\/\/www.obalne-galerije.si\/wp-content\/uploads\/2022\/03\/Bamberg-n3.-Primoz\u2560i\u0302\u252ca\u0301Bizjak-in-collaboration-with-Internationales-Ku\u2560lnstlerhaus-Villa-Concordia-2021..jpg\" class=\"\" alt=\"\" \/>    <\/div>\n<\/div><\/div><div class=\"kc-elm kc-css-590331 kc_col-sm-6 kc_column kc_col-sm-6\"><div class=\"kc-col-container\"><div class=\"kc-elm kc-css-674641 kc_text_block\"><\/p>\n<p>\nAssieme alle giornate primaverili, continua l&#8217;iniziativa <strong>LE GALLERIE VERSO L&#8217;ESTERNO<\/strong> iniziata l\u2019anno scorso. Quest&#8217;anno, essendo le gallerie finalmente aperte al pubblico, il progetto si arricchisce di un programma dal vivo sotto forma di &#8220;<strong>artist&#8217;s talk<\/strong>&#8220;, incontri e conversazioni sul tema dell&#8217;arte visiva del litorale e sul ruolo e la missione delle istituzioni d&#8217;arte contemporanea nel XXI secolo.<br \/>Nei prossimi mesi inviteremo ospiti nazionali e internazionali che si sono distinti per i loro conseguimenti artistici, pedagogici e di ricerca in vari ambiti dell&#8217;arte visiva.<br \/>L\u2019ospite del primo incontro, che si terr\u00e0 <strong>sabato 19. 3. 2022 alle ore 11.30 presso la Galleria civica Pirano<\/strong>, sar\u00e0 l\u2019affermato fotografo e artista costiero, <strong>Primo\u017e Bizjak<\/strong>.<\/p>\n<p><b style=\"font-style: inherit; font-family: -apple-system, BlinkMacSystemFont,;\">Primo\u017e Bizjak<\/b><span style=\"font-style: inherit; font-family: -apple-system, BlinkMacSystemFont,;\"> inizi\u00f2 ad affacciarsi al mondo dell&#8217;arte con la pittura, ma si interess\u00f2 presto anche alla fotografia. Le sue fotografie esplorano la storia di luoghi, confini e spazi simbolici. Il suo interesse principale sono la fotografia notturna e i colori che nasconde la notte. Con lunghe esposizioni della durata di diverse ore o addirittura di una notte intera, riesce a creare immagini notturne come se fotografasse alla luce del giorno. Cattura gradualmente i colori con mezzi analogici, mai digitali, per sorprenderci con quello che i nostri occhi non distinguono al buio. La base pittorica della sua fotografia unita all&#8217;uso speciale del tempo, unito poi a una lunga illuminazione, \u00e8 un marchio di fabbrica del suo lavoro, che sembra essersi arrestato in un momento sconosciuto e sfocato. Per raggiungere l\u2019angolo desiderato, l\u2019artista sfida l&#8217;altezza e i segnali di ingresso vietato, esponendosi a volte anche a situazioni di pericolo. Le sfumature poetiche di colore delle sue fotografie toccano siti militari o industriali, intrecciando cos\u00ec poesia e realt\u00e0.<\/span><\/p>\n<p><b>Primo\u017e Bizjak<\/b> (1976, \u0160empeter presso Nova Gorica) si \u00e8 iscritto all&#8217;Accademia di belle arti di Venezia nel 1999, dove si \u00e8 diplomato in pittura con il professore Luigi Viola nel 2005. Ha presentato le sue opere con mostre personali e collettive in patria e all&#8217;estero, in particolare in Spagna, Slovenia, Croazia e Italia, dove ha partecipato alla 54a Biennale di Venezia (2011). Nel 2020\/2021 la Baviera gli ha assegnato una borsa di lavoro e una residenza a Villa Concordia a Bamberg. Vive e lavora a Madrid, in Spagna. Primo\u017e Bizjak viene rappresentato dalla galleria internazionale <a href=\"http:\/\/gregorpodnar.com\/\" target=\"_blank\" rel=\"noopener\">Gregor Podnar di Berlino<\/a>.<\/p>\n<p>\n<\/div><\/div><\/div><\/div><\/div><\/section><section class=\"kc-elm kc-css-963014 kc_row\"><div class=\"kc-row-container  kc-container\"><div class=\"kc-wrap-columns\"><div class=\"kc-elm kc-css-695549 kc_col-sm-12 kc_column kc_col-sm-12\"><div class=\"kc-col-container\"><div class=\"kc-elm kc-css-504403\" style=\"height: 20px; clear: both; width:100%;\"><\/div><\/div><\/div><\/div><\/div><\/section><\/p>\n","protected":false},"excerpt":{"rendered":"<p>Le gallerie verso l&#8217;esterno | Primoz Bizjak: artist&#8217;s talk |\u00a0 Galleria Civica, Pirano | Sabato 19.03.2022, alle ore 11.30<\/p>\n","protected":false},"author":4,"featured_media":13699,"comment_status":"closed","ping_status":"closed","sticky":false,"template":"","format":"standard","meta":{"footnotes":""},"categories":[34,48],"tags":[],"class_list":["post-13698","post","type-post","status-publish","format-standard","has-post-thumbnail","hentry","category-eventi","category-notizie"],"acf":[],"_links":{"self":[{"href":"https:\/\/www.obalne-galerije.si\/it\/wp-json\/wp\/v2\/posts\/13698","targetHints":{"allow":["GET"]}}],"collection":[{"href":"https:\/\/www.obalne-galerije.si\/it\/wp-json\/wp\/v2\/posts"}],"about":[{"href":"https:\/\/www.obalne-galerije.si\/it\/wp-json\/wp\/v2\/types\/post"}],"author":[{"embeddable":true,"href":"https:\/\/www.obalne-galerije.si\/it\/wp-json\/wp\/v2\/users\/4"}],"replies":[{"embeddable":true,"href":"https:\/\/www.obalne-galerije.si\/it\/wp-json\/wp\/v2\/comments?post=13698"}],"version-history":[{"count":4,"href":"https:\/\/www.obalne-galerije.si\/it\/wp-json\/wp\/v2\/posts\/13698\/revisions"}],"predecessor-version":[{"id":13858,"href":"https:\/\/www.obalne-galerije.si\/it\/wp-json\/wp\/v2\/posts\/13698\/revisions\/13858"}],"wp:featuredmedia":[{"embeddable":true,"href":"https:\/\/www.obalne-galerije.si\/it\/wp-json\/wp\/v2\/media\/13699"}],"wp:attachment":[{"href":"https:\/\/www.obalne-galerije.si\/it\/wp-json\/wp\/v2\/media?parent=13698"}],"wp:term":[{"taxonomy":"category","embeddable":true,"href":"https:\/\/www.obalne-galerije.si\/it\/wp-json\/wp\/v2\/categories?post=13698"},{"taxonomy":"post_tag","embeddable":true,"href":"https:\/\/www.obalne-galerije.si\/it\/wp-json\/wp\/v2\/tags?post=13698"}],"curies":[{"name":"wp","href":"https:\/\/api.w.org\/{rel}","templated":true}]}}