{"id":13190,"date":"2022-01-18T20:52:56","date_gmt":"2022-01-18T19:52:56","guid":{"rendered":"https:\/\/www.obalne-galerije.si\/?p=13190"},"modified":"2022-12-13T17:33:17","modified_gmt":"2022-12-13T16:33:17","slug":"laboratorio-france-preseren-2022","status":"publish","type":"post","link":"https:\/\/www.obalne-galerije.si\/it\/laboratorio-france-preseren-2022\/","title":{"rendered":"Laboratorio France Pre\u0161eren 2022"},"content":{"rendered":"<p><section class=\"kc-elm kc-css-435985 kc_row\"><div class=\"kc-row-container  kc-container\"><div class=\"kc-wrap-columns\"><div class=\"kc-elm kc-css-111358 kc_col-sm-12 kc_column kc_col-sm-12\"><div class=\"kc-col-container\"><div class=\"kc-elm kc-css-759010 kc_text_block\"><\/p>\n<p><strong>Marted\u00ec, 8. 2. 2022 |&nbsp;<\/strong><strong style=\"font-style: inherit; font-family: -apple-system, BlinkMacSystemFont, &quot;Segoe UI&quot;, Roboto, Oxygen-Sans, Ubuntu, Cantarell, &quot;Helvetica Neue&quot;, sans-serif;\">Giornata della cultura slovena |&nbsp;<\/strong><\/p>\n<p><strong>Diversi appuntamenti tra Capodistria, Pirano e Ancarano |&nbsp;<\/strong><strong style=\"font-style: inherit; font-family: -apple-system, BlinkMacSystemFont, &quot;Segoe UI&quot;, Roboto, Oxygen-Sans, Ubuntu, Cantarell, &quot;Helvetica Neue&quot;, sans-serif;\"><i>Il programma sar\u00e0 publicato all&#8217;inizio di Febbraio<\/i> |&nbsp;<\/strong><\/p>\n<p>\n<\/div><\/div><\/div><\/div><\/div><\/section><section class=\"kc-elm kc-css-127809 kc_row\"><div class=\"kc-row-container  kc-container\"><div class=\"kc-wrap-columns\"><div class=\"kc-elm kc-css-7950 kc_col-sm-12 kc_column kc_col-sm-12\"><div class=\"kc-col-container\"><div class=\"kc-elm kc-css-91830\" style=\"height: 20px; clear: both; width:100%;\"><\/div><div class=\"kc-elm kc-css-114962 kc_text_block\"><\/p>\n<p>Per la Giornata di Pre\u0161eren 2022 le Gallerie costiere di Pirano quest&#039;anno organizzano in collaborazione con il pedagogo d&#039;arte e artista Matja\u017e Borovni\u010dar e il pedagogod&#039;arte Andreja Ozebek unaserie di laboratorid&#039;arte volti a produrre e presentare animazioni e GIF realizzate da diverse scuole Slovene e dell&#039;entrotterra triestino. Le serie di animazioni in GIF saranno montate in una video sequenza e dinviate a tutte le scuole primarie e secondarie che hanno aderito all&#039;iniziativa. Il video sar\u00e0 in oltrmostrato sul sito web e sulla pagina FB delle GCP e sul canale YouTube del nostro museo.<br \/>Quest&#039;anno partecipano ben diciassette scuole \u2013 scuole elementare: O\u0160 \u0160marje pri Kopru, O\u0160 Se\u010dovlje, O\u0160 Prade, O\u0160 Kidri\u010devo, O\u0160 Dornberk, O\u0160 Branik, O\u0160 Frana Albrehta Kamnik, O\u0160 Hrvatini, O\u0160 Gra\u010di\u0161\u010de, O\u0160 \u0160turje Ajdov\u0161\u010dina, O\u0160 Sostro, SE\/O\u0160 Vicenzo e Diego di Castro Pirano\/Piran, e scuole secondarie: GEP\u0160, Ginnasio\/Gimnazija Gian Rinaldo Koper\/Capodistria, Srednja tehni\u0161ka \u0161ola Koper.<br \/>Il film <strong>Storie dai miei luoghi<\/strong> sar\u00e0 proiettato <strong>marted\u00ec, 8 febbraio 2022<\/strong> in altre due localit\u00e0 accessibili a Capodistria e a Portorose o Pirano.<\/p>\n<p>Siamo lieti di festeggiare la giornata dei Pre\u0161eren con i nostri giovani!<\/p>\n<p>\n<\/div><\/div><\/div><\/div><\/div><\/section><\/p>\n","protected":false},"excerpt":{"rendered":"","protected":false},"author":4,"featured_media":7047,"comment_status":"closed","ping_status":"closed","sticky":false,"template":"","format":"standard","meta":{"footnotes":""},"categories":[34,80,48],"tags":[],"class_list":["post-13190","post","type-post","status-publish","format-standard","has-post-thumbnail","hentry","category-eventi","category-mostre","category-notizie"],"acf":[],"_links":{"self":[{"href":"https:\/\/www.obalne-galerije.si\/it\/wp-json\/wp\/v2\/posts\/13190","targetHints":{"allow":["GET"]}}],"collection":[{"href":"https:\/\/www.obalne-galerije.si\/it\/wp-json\/wp\/v2\/posts"}],"about":[{"href":"https:\/\/www.obalne-galerije.si\/it\/wp-json\/wp\/v2\/types\/post"}],"author":[{"embeddable":true,"href":"https:\/\/www.obalne-galerije.si\/it\/wp-json\/wp\/v2\/users\/4"}],"replies":[{"embeddable":true,"href":"https:\/\/www.obalne-galerije.si\/it\/wp-json\/wp\/v2\/comments?post=13190"}],"version-history":[{"count":4,"href":"https:\/\/www.obalne-galerije.si\/it\/wp-json\/wp\/v2\/posts\/13190\/revisions"}],"predecessor-version":[{"id":16990,"href":"https:\/\/www.obalne-galerije.si\/it\/wp-json\/wp\/v2\/posts\/13190\/revisions\/16990"}],"wp:featuredmedia":[{"embeddable":true,"href":"https:\/\/www.obalne-galerije.si\/it\/wp-json\/wp\/v2\/media\/7047"}],"wp:attachment":[{"href":"https:\/\/www.obalne-galerije.si\/it\/wp-json\/wp\/v2\/media?parent=13190"}],"wp:term":[{"taxonomy":"category","embeddable":true,"href":"https:\/\/www.obalne-galerije.si\/it\/wp-json\/wp\/v2\/categories?post=13190"},{"taxonomy":"post_tag","embeddable":true,"href":"https:\/\/www.obalne-galerije.si\/it\/wp-json\/wp\/v2\/tags?post=13190"}],"curies":[{"name":"wp","href":"https:\/\/api.w.org\/{rel}","templated":true}]}}