{"id":12859,"date":"2021-11-30T12:57:10","date_gmt":"2021-11-30T11:57:10","guid":{"rendered":"https:\/\/www.obalne-galerije.si\/?p=12859"},"modified":"2021-12-06T09:13:58","modified_gmt":"2021-12-06T08:13:58","slug":"vojko-tominc-boxsis","status":"publish","type":"post","link":"https:\/\/www.obalne-galerije.si\/it\/vojko-tominc-boxsis\/","title":{"rendered":"Vojko Tominc: Boxsis"},"content":{"rendered":"<p><section class=\"kc-elm kc-css-66231 kc_row\"><div class=\"kc-row-container  kc-container\"><div class=\"kc-wrap-columns\"><div class=\"kc-elm kc-css-572526 kc_col-sm-12 kc_column kc_col-sm-12\"><div class=\"kc-col-container\"><div class=\"kc-elm kc-css-16047 kc_text_block\"><\/p>\n<p><strong>Vojko Tominc: Boxsis | <\/strong><\/p>\n<p><strong>Galleria Medusa Capodistria | <\/strong><\/p>\n<p><strong>Inaugurazione: Venerd\u00ec, 3 . 12. 2021, dalle 18:00 alle 20:00 |\u00a0<\/strong><\/p>\n<p><strong>Mostra: 3 dicembre 2021 &#8211; 28 gennaio 2022\u00a0<\/strong><\/p>\n<p><!--more--><\/p>\n<p>\n<\/div><div class=\"kc-elm kc-css-492019\" style=\"height: 20px; clear: both; width:100%;\"><\/div><\/div><\/div><\/div><\/div><\/section><section class=\"kc-elm kc-css-967560 kc_row\"><div class=\"kc-row-container  kc-container\"><div class=\"kc-wrap-columns\"><div class=\"kc-elm kc-css-786171 kc_col-sm-6 kc_column kc_col-sm-6\"><div class=\"kc-col-container\"><div class=\"kc-elm kc-css-2219 kc_text_block\"><\/p>\n<p><em>Sar\u00e0 possibile visitare la mostra in osservazione di tutte le misure anti corona virus in vigore.\u00a0<\/em><\/p>\n<\/p>\n<p>Nell\u2019ambito del design grafico sloveno, <strong>Vojko Tominc<\/strong> (1953), \u00e8 riconoscibile per la progettazione di manifesti, marchi di commercio, loghi e immagini grafiche aziendali, cataloghi, inviti, brochure e altri prodotti stampati. Come grafico, ha collaborato a lungo con le Gallerie costiere Pirano, disegnando inviti, cataloghi e manifesti per mostre occasionali. Nelle Gallerie costiere Pirano sono state allestite diverse sue mostre: nel 1978 alla Galleria Medusa 2 di Pirano, alle Gallerie Medusa e Loggia a Capodistria, nella Galleria A+A di Venezia e nel 2011 nella Galleria di Banka Koper a Capodistria. Le sue opere sono state esposte a pi\u00f9 di trenta mostre collettive in Slovenia e all&#039;estero e ha ricevuto numerosi premi e riconoscimenti. I suoi lavori sono stati pubblicati su riviste professionali (Graphis, Zoom, Marketing Magazin), e i suoi manifesti sono stati riconosciuti dagli specialisti del settore come opere di qualit\u00e0 superiore che trovano il loro spazio nelle antologie di manifesti sloveni degli ultimi decenni.<\/p>\n<p>Dopo una pausa di diversi anni, questa volta torna con la mostra <em>BOXSIS<\/em>, che presenta una selezione di dipinti degli ultimi tre cicli di Black, White &#038; Blue, Lattine e Sguardo attraverso la finestra, realizzati tra il 2015 e il 2020.<br \/>La mostra sar\u00e0 visitabile fino al 28 gennaio 2022.<\/p>\n<p>\n<\/div><\/div><\/div><div class=\"kc-elm kc-css-713641 kc_col-sm-6 kc_column kc_col-sm-6\"><div class=\"kc-col-container\"><div class=\"kc-elm kc-css-556160 kc_shortcode kc_single_image\">\n\n        <img decoding=\"async\" src=\"https:\/\/www.obalne-galerije.si\/wp-content\/uploads\/2021\/11\/48A3026-2-scaled.jpg\" class=\"\" alt=\"\" \/>    <\/div>\n<\/div><\/div><\/div><\/div><\/section><section class=\"kc-elm kc-css-157453 kc_row\"><div class=\"kc-row-container  kc-container\"><div class=\"kc-wrap-columns\"><div class=\"kc-elm kc-css-810595 kc_col-sm-12 kc_column kc_col-sm-12\"><div class=\"kc-col-container\"><div class=\"kc-elm kc-css-416812\" style=\"height: 50px; clear: both; width:100%;\"><\/div><\/div><\/div><\/div><\/div><\/section><section class=\"kc-elm kc-css-842201 kc_row\"><div class=\"kc-row-container  kc-container\"><div class=\"kc-wrap-columns\"><div class=\"kc-elm kc-css-177416 kc_col-sm-12 kc_column kc_col-sm-12\"><div class=\"kc-col-container\">\n<div class=\"kc-elm kc-css-115731 kc-title-wrap \">\n\n\t<h2 class=\"kc_title\">Politiche della pittura: l'intreccio tra pittura e grafica<\/h2>\n<\/div>\n<div class=\"kc-elm kc-css-755184\" style=\"height: 20px; clear: both; width:100%;\"><\/div><\/div><\/div><\/div><\/div><\/section><section class=\"kc-elm kc-css-732387 kc_row\"><div class=\"kc-row-container  kc-container\"><div class=\"kc-wrap-columns\"><div class=\"kc-elm kc-css-925821 kc_col-sm-6 kc_column kc_col-sm-6\"><div class=\"kc-col-container\"><div class=\"kc-elm kc-css-482754 kc_shortcode kc_single_image\">\n\n        <a rel=\"prettyPhoto\" class=\"kc-pretty-photo\" href=\"https:\/\/www.obalne-galerije.si\/wp-content\/uploads\/2021\/11\/48A3000-2-scaled.jpg\" title=\"\" target=\"\">\n        <img decoding=\"async\" src=\"https:\/\/www.obalne-galerije.si\/wp-content\/uploads\/2021\/11\/48A3000-2-scaled.jpg\" class=\"\" alt=\"\" \/>    <\/a>\n    <\/div>\n<div class=\"kc-elm kc-css-124922 kc_shortcode kc_single_image\">\n\n        <a rel=\"prettyPhoto\" class=\"kc-pretty-photo\" href=\"https:\/\/www.obalne-galerije.si\/wp-content\/uploads\/2021\/11\/48A3009-2-scaled.jpg\" title=\"\" target=\"\">\n        <img decoding=\"async\" src=\"https:\/\/www.obalne-galerije.si\/wp-content\/uploads\/2021\/11\/48A3009-2-scaled.jpg\" class=\"\" alt=\"\" \/>    <\/a>\n    <\/div>\n<div class=\"kc-elm kc-css-177211 kc_shortcode kc_single_image\">\n\n        <a rel=\"prettyPhoto\" class=\"kc-pretty-photo\" href=\"https:\/\/www.obalne-galerije.si\/wp-content\/uploads\/2021\/11\/48A3024-2-scaled.jpg\" title=\"\" target=\"\">\n        <img decoding=\"async\" src=\"https:\/\/www.obalne-galerije.si\/wp-content\/uploads\/2021\/11\/48A3024-2-scaled.jpg\" class=\"\" alt=\"\" \/>    <\/a>\n    <\/div>\n<div class=\"kc-elm kc-css-494659 kc_shortcode kc_single_image\">\n\n        <a rel=\"prettyPhoto\" class=\"kc-pretty-photo\" href=\"https:\/\/www.obalne-galerije.si\/wp-content\/uploads\/2021\/11\/katalog_40x18_8846_mail-scaled.jpg\" title=\"\" target=\"\">\n        <img decoding=\"async\" src=\"https:\/\/www.obalne-galerije.si\/wp-content\/uploads\/2021\/11\/katalog_40x18_8846_mail-scaled.jpg\" class=\"\" alt=\"\" \/>    <\/a>\n    <\/div>\n<div class=\"kc-elm kc-css-610108 kc_shortcode kc_single_image\">\n\n        <a rel=\"prettyPhoto\" class=\"kc-pretty-photo\" href=\"https:\/\/www.obalne-galerije.si\/wp-content\/uploads\/2021\/11\/katalog_40x23_8853_mail-scaled.jpg\" title=\"\" target=\"\">\n        <img decoding=\"async\" src=\"https:\/\/www.obalne-galerije.si\/wp-content\/uploads\/2021\/11\/katalog_40x23_8853_mail-scaled.jpg\" class=\"\" alt=\"\" \/>    <\/a>\n    <\/div>\n<\/div><\/div><div class=\"kc-elm kc-css-426894 kc_col-sm-6 kc_column kc_col-sm-6\"><div class=\"kc-col-container\"><div class=\"kc-elm kc-css-385121 kc_text_block\"><\/p>\n<p>Gli intellettuali degli anni 60 avevano definito il pensiero socialmente critico usando la filosofia marxista per definire i contesti materialistici e ideologici che sottostanno alla base di ogni attivit\u00e0 umana. Hanno cos\u00ec definito le pratiche politico-economiche e culturali come implementazione e intreccio di ideologie diverse.<br \/>Vojko Tominc \u00e8 nato come disegnatore grafico e ha sviluppato le incisioni, poi la pittura e le pratiche multimediali, sempre assieme alla sua attivit\u00e0 principale \u2013 la grafica. Cercheremo di definire la sua attivit\u00e0 artistica come l&#039;attuazione di pratiche di ribellione di sinistra in opposizione all&#039;ideologia capitalista dominante dopo la seconda guerra mondiale. In Jugoslavia gli intellettuali marxisti hanno puntato il criticismo contro il sistema socialista per favorire la democrazia. Sembra che la cosa pi\u00f9 importante per Tominc fosse l&#039;aspirazione alla libert\u00e0, alla democrazia e ai diritti umani ottenuti usando la cultura come arma per la lotta di classe. Le sue tendenze artistiche discendono dalla sfera autonoma dell&#039;ideologia estetica liberale dell&#039;individuo autentico (l&#039;arte per l&#039;arte), costruita in una sfera di sovra classe del comune e dell&#039;universale. \u00c8 solo in questo ambito sovradeterminato che si trova la presunta posizione ideologica critica di sinistra di Tominc, che vuole la democratizzazione delle istituzioni e cerca un&#039;alleanza tra gli operatori culturali e il pubblico.<\/p>\n<p>Quando la classe operaia \u00e8 stata nuovamente tradita nella nuova nazione (nel socialismo, a causa della burocratizzazione del partito, \u00e8 fallita la vera democratizzazione delle istituzioni e delle aziende), Tominc ha messo in pratica il suo impegno attraverso manifesti politici (sindacali) che invitavano alla ribellione e alla lotta di classe attraverso la fotografia e interventi di colore formali. Anche i manifesti culturali di Tominc fanno parte di questa linea emancipatrice perch\u00e9 sono anch\u2019essi ripuliti e costruiscono, attraverso una tipografia chiara, un messaggio efficace diretto e multistrato che pu\u00f2 essere compreso da chiunque, e nonostante questo veicolare l&#039;essenza e l&#039;idea della mostra o della performance. Forse \u00e8 stata la fuga precipitosa dell&#039;ideologia neoliberista (e il graduale indebolimento dei movimenti sindacali) che ha spinto Tominc a mettere in pratica il suo pensiero critico e impegnato attraverso la pittura e le pratiche multimediali. Ha iniziato con la trilogia Overstep nella Galleria Insula (2003-2006), dove si \u00e8 rivolto al pubblico con frammenti dipinti del corpo umano &#8211; palmi e piedi &#8220;operai\", continuando con l&#039;apparente estetizzazione, nascondendo sotto questo candore il motivo di codici a barre. Queste immagini altamente estetizzate possono essere viste come una critica all&#039;oggettivazione dell&#039;arte, enfatizzata attraverso la tecnica della stampa al computer, creando un prodotto che non \u00e8 pi\u00f9 opera umana, ma un prodotto della tecnologia.<\/p>\n<p>Nell&#039;ultima delle tre mostre intitolata Overstep, Tominc ha reagito in modo ancora pi\u00f9 solerte alla situazione socio-economica del capitalismo delirante. Ha esposto 36 lattine su cui sono evidenziati i codici a barre accanto a ritratti di persone, come se volesse indicare che non c&#039;\u00e8 pi\u00f9 differenza tra i prodotti e l\u2019essere umano, e che siamo tutti repressi e intrappolati nella morsa del capitale. Di seguito c\u2019\u00e8 stato il ritorno alla pittura pura con il pluralismo stilistico ed espressivo tipico dell&#039;arte contemporanea in una combinazione di oggetti &#8220;lavoratori\", star &#8220;mercificate\", citazioni di rocker ribelli di sinistra e caratteri pop combinati con un&#039;ironica pittura d&#039;azione su modello di Pollock (gli espressionisti astratti degli anni 50 erano di sinistra radicale e rifiutavano il capitalismo per cui dipingevano in modo astratto). Ha presentato questi dipinti al Palazzo Pretorio (2009) come un manifesto impegnato sul consumismo onnipresente, che ha assorbito anche gli appelli pi\u00f9 radicali della generazione degli anni 60. La sua risposta alla crisi finanziaria \u00e8 stata presentata in una mostra provocatoria Bang, Bank, Bang esposta nel fulcro del peccato &#8211; Banka Koper (2011) annunciando, con il tema dei codici a barre nell&#039;intreccio della (propria) figura e con la tecnica &#8220;ribelle\" dei graffiti, che la lotta di classe non \u00e8 finita e che ha addirittura ricevuto uno slancio nuovo. Inutile dire che la banca non ha acquistato nessuno dei suoi dipinti \u2013 e che la cosa va intesa come un complimento.<br \/>Oggi, quando il post-capitalismo ha allungato i suoi tentacoli direttamente dentro ai nostri corpi e ci troviamo in un sistema ancora pi\u00f9 compresso, definito dalla sinistra come tecno-feudalesimo, la crisi ha toccato aree completamente nuove. Tominc ha quindi rafforzato la forza narrativa delle sue immagini. Per lui dipingere significa prendere posizione.<\/p>\n<p>Negli ultimi dipinti che espone alla Galleria Medusa, Tominc costruisce rebus visivi in \u200b\u200bcui trasmette il suo pensiero critico sulle condizioni del tecno-feudalesimo attraverso una variet\u00e0 di argomenti: l&#039;indifferenza rispetto ai rifugiati, la pressione all\u2019arricchimento e la brama di celebrit\u00e0, le insidie \u200b\u200bdella realt\u00e0 virtuale, la persistente indifferenza e sconsideratezza dei pi\u00f9, la solitudine, il consumismo esasperato, il disinteresse per i diritti dei lavoratori e le dichiarazioni sulle differenze tra i generi. Il valore aggiunto di questi dipinti sta nel fatto che l\u2019artista affronta questi temi cupi in modo umoristico, empatico e con il calore mediterraneo, mantenendo per\u00f2 intatta la loro carica critica. Le immagini sono diverse per formato e contenuto, le composizioni sono magistralmente costruite con l&#039;ausilio di ritagli, angoli, rotazioni, suggestivi tratti astratti e colori simbolici, come solo un grafico preparato che padroneggia l\u2019arte della tipografia e dei mezzi ottici \u00e8 capace di fare, provocando cos\u00ec sensazioni e facendo pervenire i messaggi voluti.<br \/>Nonostante il fatto che i dipinti siano incredibilmente eterogenei, notiamo comunque un comune denominatore con le opere soprattutto per quanto riguarda i ritratti di persone (tristi) stipate in lattine vecchie e dentro le gavette, mettendo cos\u00ec radicalmente in discussione il valore dell\u2019essere umano odierno. L\u2019autore combina i ritratti alla pittura d\u2019azione e al dripping (colata), che scompone e fonde l&#039;immagine simbolica espressiva e colorata, come se ci volesse dire che l&#039;esistenza umana vista dal sistema odierno \u00e8 solo un&#039;illusione insignificante che sta per scomparire. Allo stesso tempo per\u00f2, queste immagini possono anche essere lette come un&#039;affermazione estetica sulla pittura, che \u00e8 un trucco visivo e un&#039;illusione. Immagini con un\u2019impronta diversa operano con il linguaggio del surrealismo di Magritte, che sfida la percezione della realt\u00e0 da parte dello spettatore e lo incoraggia a diventare pi\u00f9 sensibile al suo ambiente. Tominc non \u00e8 un artista a senso unico, poich\u00e9 sviluppa la significativit\u00e0 del messaggio espandendo la comunicazione in una combinazione complessa.<\/p>\n<p>Il potere visuale dei dipinti in mostra \u00e8 dovuto alla sintesi di stili pittorici e pratiche grafiche. Alcuni dei dipinti della mostra vengono trasformati in manifesto, da sempre un mezzo espressivo preferito da Tominc. Gli elementi costitutivi dei suoi manifesti sono, prima di tutto, segni in cui trasforma i ritagli accuratamente selezionati dei suoi dipinti. La tipografia definita supporta la perfezione di questi manifesti, che possono essere letti da diverse angolazioni. La versatilit\u00e0 compositiva parla di inconciliabilit\u00e0 con le convenzioni tipologiche, dandogli un effetto multistrato e multi caratteriale. In essi combina immagini, lettere e segmenti d&#039;arte accanto a colori simbolici. I manifesti diventano cos\u00ec un altro canale di lotta culturale. Il processo di lavoro di Tominc, il modo in cui costruisce dipinti e manifesti non \u00e8 mai rettilineo, in quanto \u00e8 simile al processo dei simbolisti nella poesia, dove la nuova semantica non \u00e8 mai chiaramente definita. Gli enigmi interpretativi di Tominc, le sue ambiguit\u00e0 artistiche che producono rebus visivi, rappresentano il punto in cui l&#039;autore entra nella sfera ideologica dell&#039;estetica liberale. Tominc ha integrato l&#039;ambiguit\u00e0 del processo artistico con un&#039;interpretazione dal punto di vista della posizione ideologica dell\u2019uomo di sinistra. La sua ideologia di sinistra non si manifesta per\u00f2 come un&#039;imposizione didattica o moralistica del pensiero o come insegnamento, ma come area di pensiero e interpretazione liberi. La sfera estetica liberale, basata su un autentico stile individuale e su un meccanismo di giudizio estetico, \u00e8 diversa dall\u2019area della cultura popolare e dell\u2019istupidimento ideologico delle masse. La lotta di classe culturale diventa una lotta tra l&#039;ideologia dell&#039;autenticit\u00e0 estetica di Tominc, contro la folla indottrinata, e nella sua arte si manifesta come il conflitto tra libert\u00e0 e l\u2019ideologia del consumo.<\/p>\n<p><em><br \/><\/em><\/p>\n<p><em style=\"font-family: -apple-system, BlinkMacSystemFont, \"Segoe UI\", Roboto, Oxygen-Sans, Ubuntu, Cantarell, \"Helvetica Neue\", sans-serif;\">Vid Lenard<\/em><\/p>\n<p>\n<\/div><\/div><\/div><\/div><\/div><\/section><\/p>\n","protected":false},"excerpt":{"rendered":"<p>Vojko Tominc: Boxsis | Galleria Medusa Capodistria | Inaugurazione: Venerd\u00ec, 3 . 12. 2021, dalle 18:00 alle 20:00 |\u00a0 Mostra: 3 dicembre 2021 &#8211; 28 gennaio 2022\u00a0<\/p>\n","protected":false},"author":4,"featured_media":12974,"comment_status":"closed","ping_status":"closed","sticky":false,"template":"","format":"standard","meta":{"footnotes":""},"categories":[38,80,48],"tags":[],"class_list":["post-12859","post","type-post","status-publish","format-standard","has-post-thumbnail","hentry","category-galleria-meduza","category-mostre","category-notizie"],"acf":[],"_links":{"self":[{"href":"https:\/\/www.obalne-galerije.si\/it\/wp-json\/wp\/v2\/posts\/12859","targetHints":{"allow":["GET"]}}],"collection":[{"href":"https:\/\/www.obalne-galerije.si\/it\/wp-json\/wp\/v2\/posts"}],"about":[{"href":"https:\/\/www.obalne-galerije.si\/it\/wp-json\/wp\/v2\/types\/post"}],"author":[{"embeddable":true,"href":"https:\/\/www.obalne-galerije.si\/it\/wp-json\/wp\/v2\/users\/4"}],"replies":[{"embeddable":true,"href":"https:\/\/www.obalne-galerije.si\/it\/wp-json\/wp\/v2\/comments?post=12859"}],"version-history":[{"count":4,"href":"https:\/\/www.obalne-galerije.si\/it\/wp-json\/wp\/v2\/posts\/12859\/revisions"}],"predecessor-version":[{"id":12990,"href":"https:\/\/www.obalne-galerije.si\/it\/wp-json\/wp\/v2\/posts\/12859\/revisions\/12990"}],"wp:featuredmedia":[{"embeddable":true,"href":"https:\/\/www.obalne-galerije.si\/it\/wp-json\/wp\/v2\/media\/12974"}],"wp:attachment":[{"href":"https:\/\/www.obalne-galerije.si\/it\/wp-json\/wp\/v2\/media?parent=12859"}],"wp:term":[{"taxonomy":"category","embeddable":true,"href":"https:\/\/www.obalne-galerije.si\/it\/wp-json\/wp\/v2\/categories?post=12859"},{"taxonomy":"post_tag","embeddable":true,"href":"https:\/\/www.obalne-galerije.si\/it\/wp-json\/wp\/v2\/tags?post=12859"}],"curies":[{"name":"wp","href":"https:\/\/api.w.org\/{rel}","templated":true}]}}