{"id":12030,"date":"2019-10-19T16:49:35","date_gmt":"2019-10-19T14:49:35","guid":{"rendered":"https:\/\/www.obalne-galerije.si\/?p=12030"},"modified":"2021-11-16T10:57:47","modified_gmt":"2021-11-16T09:57:47","slug":"selfie-sh-me-autoritratti","status":"publish","type":"post","link":"https:\/\/www.obalne-galerije.si\/it\/selfie-sh-me-autoritratti\/","title":{"rendered":"SELFIE\/sh\/ME: autoritratti"},"content":{"rendered":"<p><section class=\"kc-elm kc-css-263523 kc_row\"><div class=\"kc-row-container  kc-container\"><div class=\"kc-wrap-columns\"><div class=\"kc-elm kc-css-66246 kc_col-sm-6 kc_column kc_col-sm-6\"><div class=\"kc-col-container\"><div class=\"kc-elm kc-css-935896 kc_text_block\"><\/p>\n<p><strong>SELFIE\/sh\/ME: autoritratti |\u00a0<\/strong><\/p>\n<p><strong>Galleria Civica e Galleria Herman Pe\u010dari\u010d Pirano |\u00a0<\/strong><\/p>\n<p><strong>20 dicembre 2019 &#8211; 10 maggio 2020 |\u00a0<\/strong><\/p>\n<p><strong>Inaugurazione: venerd\u00ec 20 novembre 2019 |<\/strong><\/p>\n<p><strong>Ore 18.00, performance di Rudine Xhaferi: <em>Continuing to triptych<\/em>, 2001 presso la\u00a0Galleria Herman Pe\u010dari\u010d |\u00a0<\/strong><\/p>\n<p><strong>Ore 19.00 inaugurazione della mostra, Galleria Civica<\/strong><br \/><strong><!--more--><\/strong><\/p>\n<p>\n<\/div><div class=\"kc-elm kc-css-945507\" style=\"height: 20px; clear: both; width:100%;\"><\/div><\/div><\/div><div class=\"kc-elm kc-css-211449 kc_col-sm-6 kc_column kc_col-sm-6\"><div class=\"kc-col-container\"><\/div><\/div><\/div><\/div><\/section><section class=\"kc-elm kc-css-909603 kc_row\"><div class=\"kc-row-container  kc-container\"><div class=\"kc-wrap-columns\"><div class=\"kc-elm kc-css-462775 kc_col-sm-6 kc_column kc_col-sm-6\"><div class=\"kc-col-container\"><div class=\"kc-elm kc-css-699173 kc_shortcode kc_single_image\">\n\n        <img decoding=\"async\" src=\"https:\/\/www.obalne-galerije.si\/wp-content\/uploads\/2019\/10\/autoritratto-MOIOSIVELLI-digital-video-stop-motion-2018-1024x576-1.png\" class=\"\" alt=\"\" \/>    <\/div>\n<div class=\"kc-elm kc-css-73857 kc_shortcode kc_single_image\">\n\n        <img decoding=\"async\" src=\"https:\/\/www.obalne-galerije.si\/wp-content\/uploads\/2019\/10\/Jenny-Rova-1024x682-1.jpg\" class=\"\" alt=\"\" \/>    <\/div>\n<div class=\"kc-elm kc-css-493244 kc_shortcode kc_single_image\">\n\n        <img decoding=\"async\" src=\"https:\/\/www.obalne-galerije.si\/wp-content\/uploads\/2019\/10\/Vrabic-Erik-in-jaz-v-bazenu-2007-olje-na-platnu-100-x-80-cm-814x1024-1.jpg\" class=\"\" alt=\"\" \/>    <\/div>\n<\/div><\/div><div class=\"kc-elm kc-css-962112 kc_col-sm-6 kc_column kc_col-sm-6\"><div class=\"kc-col-container\"><div class=\"kc-elm kc-css-773317 kc_text_block\"><\/p>\n<p>L&#039;autoritratto appartiene sia ai generi di repertorio del passato, che all&#039;arte contemporanea. \u00c8 un mezzo con cui gli artisti si mostrano al pubblico da sempre, sin da prima dell\u2019invenzione della fotografia, ma anche dopo. Oggi lo fanno con l&#039;aiuto dei nuovi media. La passione per l&#039;immagine di s\u00e9, un tempo privilegio della creativit\u00e0 di pochi individui, ha conquistato quasi ognuno di noi con l&#039;ausilio delle nuove tecnologie. Con l&#039;aiuto di un autoscatto o un selfie la nostra immagine viene rapidamente trasferita dagli smartphone ai social network e assistiamo costantemente a una vera e propria bulimia di autoimmagini messe in scena.<\/p>\n<p>La mostra collettiva internazionale SELFIE\/sh\/ME, autoritratti parla degli autoritratti artistici oggi e dell\u2019identit\u00e0 ai tempi dei selfie; \u00e8 un&#039;opportunit\u00e0 per esplorare noi stessi e la nostra relazione con gli altri attraverso il lavoro di artisti contemporanei. Il titolo \u00e8 un gioco tra le parole inglesi selfportrait (autoritratto), selfish (egoista) e selfie.<\/p>\n<p>Critici d&#039;arte provenienti da Austria, Italia, Croazia, Kosovo e Slovenia hanno selezionato artisti che lavorano su questo tema: Arta Agani (Repubblica del Kosovo): Rudina Xhaferi, Artan Hajrullahu; Majda Bo\u017eeglav Japelj (Slovenia): Gani Llalloshi, Ira Niero Maru\u0161i\u010d; Nade\u017eda Elezovi\u0107 (Croazia): Metka K. Snoj, Petar \u0110akulovi\u0107, Tomazzo Gallina (Tomislav \u0106urkovi\u0107); Aurora Fonda (Italia): Paolo Pretolani, Fabio De Meo, Carolina Olivieri; Marko Ko\u0161an (Slovenia): Stanislav Makuc, Sa\u0161o Vrabi\u010d; Nives Marvin (Slovenia): Metod Frlic, Miriam Elettra Vaccari; Vasja Nagy-Hofbauer (Austria): Jenny Rova, Manuel Carreon Lopez; Ana Pape\u017e (Slovenia): Tea Curk Sorta, Matja\u017e Borovni\u010dar; Chiara Pirozzi (Italia): Moio &#038; Sivelli, Maddalena Mone; Tatjana Sirk (Slovenia): Jurij Kalan, Aleksander Veli\u0161\u010dek; Breda \u0160krjanec (Slovenia): Ur\u0161ula Berlot, Eva Petri\u010d; Sabrina Zannier (Italia): Lorena Matic, Walter Criscuoli. Nel catalogo, che contiene riproduzioni di opere d&#039;arte e testi critici, il saggio introduttivo sul tema degli autoritratti \u00e8 stato scritto da Marco Apollonio, filosofo e scrittore capodistriano, uno dei pi\u00f9 interessanti rappresentanti della nuova ondata narrativa in questo ambito.<\/p>\n<p>La mostra \u00e8 allestita nella Galleria Civica e nella Galleria Herman Pe\u010dari\u010d, dove saranno esposti anche tre autoritratti di Herman Pe\u010dari\u010d (1908\u20131981), pittore piranese che riprodusse i paesaggi istriani in chiave moderna e realistica. \u00c8 stato cos\u00ec instaurato un collegamento tra la mostra e la collezione d&#039;arte permanente per avvicinare gli amanti dell&#039;arte a questo spazio. Parte integrante della mostra \u00e8 anche una selezione di selfie inviati online dai follower delle Gallerie Costiere di Pirano.<\/p>\n<p>\n<\/div><div class=\"kc-elm kc-css-326969\" style=\"height: 20px; clear: both; width:100%;\"><\/div><div class=\"kc-elm kc-css-38815 kc-icon-wrapper\">\n\t\t<i class=\"sl-social-youtube\"><\/i>\n\t<\/div>\n<div class=\"kc-elm kc-css-492534 kc_text_block\"><\/p>\n<p><strong><a href=\"https:\/\/www.youtube.com\/watch?v=WIH3xwNlWSk\">Video<\/a><\/strong><\/p>\n<p>\n<\/div><\/div><\/div><\/div><\/div><\/section><section class=\"kc-elm kc-css-667718 kc_row\"><div class=\"kc-row-container  kc-container\"><div class=\"kc-wrap-columns\"><div class=\"kc-elm kc-css-182419 kc_col-sm-12 kc_column kc_col-sm-12\"><div class=\"kc-col-container\"><div class=\"kc-elm kc-css-335116\" style=\"height: 20px; clear: both; width:100%;\"><\/div><\/div><\/div><\/div><\/div><\/section><\/p>\n","protected":false},"excerpt":{"rendered":"<p>SELFIE\/sh\/ME: autoritratti |\u00a0 Galleria Civica e Galleria Herman Pe\u010dari\u010d Pirano |\u00a0 20 dicembre 2019 &#8211; 10 maggio 2020 |\u00a0 Inaugurazione: venerd\u00ec 20 novembre 2019 | Ore 18.00, performance di Rudine Xhaferi: Continuing to triptych, 2001 presso la\u00a0Galleria Herman Pe\u010dari\u010d |\u00a0 Ore 19.00 inaugurazione della mostra, Galleria Civica<\/p>\n","protected":false},"author":7,"featured_media":12031,"comment_status":"closed","ping_status":"closed","sticky":false,"template":"","format":"standard","meta":{"footnotes":""},"categories":[46,40,80],"tags":[],"class_list":["post-12030","post","type-post","status-publish","format-standard","has-post-thumbnail","hentry","category-galleria-civica","category-galleria-herman-pecaric","category-mostre"],"acf":[],"_links":{"self":[{"href":"https:\/\/www.obalne-galerije.si\/it\/wp-json\/wp\/v2\/posts\/12030","targetHints":{"allow":["GET"]}}],"collection":[{"href":"https:\/\/www.obalne-galerije.si\/it\/wp-json\/wp\/v2\/posts"}],"about":[{"href":"https:\/\/www.obalne-galerije.si\/it\/wp-json\/wp\/v2\/types\/post"}],"author":[{"embeddable":true,"href":"https:\/\/www.obalne-galerije.si\/it\/wp-json\/wp\/v2\/users\/7"}],"replies":[{"embeddable":true,"href":"https:\/\/www.obalne-galerije.si\/it\/wp-json\/wp\/v2\/comments?post=12030"}],"version-history":[{"count":4,"href":"https:\/\/www.obalne-galerije.si\/it\/wp-json\/wp\/v2\/posts\/12030\/revisions"}],"predecessor-version":[{"id":12676,"href":"https:\/\/www.obalne-galerije.si\/it\/wp-json\/wp\/v2\/posts\/12030\/revisions\/12676"}],"wp:featuredmedia":[{"embeddable":true,"href":"https:\/\/www.obalne-galerije.si\/it\/wp-json\/wp\/v2\/media\/12031"}],"wp:attachment":[{"href":"https:\/\/www.obalne-galerije.si\/it\/wp-json\/wp\/v2\/media?parent=12030"}],"wp:term":[{"taxonomy":"category","embeddable":true,"href":"https:\/\/www.obalne-galerije.si\/it\/wp-json\/wp\/v2\/categories?post=12030"},{"taxonomy":"post_tag","embeddable":true,"href":"https:\/\/www.obalne-galerije.si\/it\/wp-json\/wp\/v2\/tags?post=12030"}],"curies":[{"name":"wp","href":"https:\/\/api.w.org\/{rel}","templated":true}]}}