{"id":5985,"date":"2019-10-24T18:21:07","date_gmt":"2019-10-24T16:21:07","guid":{"rendered":"http:\/\/www.obalne-galerije.si\/?p=5985"},"modified":"2021-11-05T15:36:53","modified_gmt":"2021-11-05T14:36:53","slug":"37-edition-of-piran-days-of-architecture","status":"publish","type":"post","link":"https:\/\/www.obalne-galerije.si\/en\/37-edition-of-piran-days-of-architecture\/","title":{"rendered":"37\u00b0 edition of Piran days of architecture"},"content":{"rendered":"<p><section class=\"kc-elm kc-css-612796 kc_row\"><div class=\"kc-row-container  kc-container\"><div class=\"kc-wrap-columns\"><div class=\"kc-elm kc-css-271247 kc_col-sm-12 kc_column kc_col-sm-12\"><div class=\"kc-col-container\"><div class=\"kc-elm kc-css-72790\" style=\"height: 50px; clear: both; width:100%;\"><\/div><\/div><\/div><\/div><\/div><\/section><section class=\"kc-elm kc-css-484970 kc_row\"><div class=\"kc-row-container  kc-container\"><div class=\"kc-wrap-columns\"><div class=\"kc-elm kc-css-867402 kc_col-sm-6 kc_column kc_col-sm-6\"><div class=\"kc-col-container\"><div class=\"kc-elm kc-css-151706 kc_shortcode kc_single_image\">\n\n        <img decoding=\"async\" src=\"https:\/\/www.obalne-galerije.si\/wp-content\/uploads\/2019\/10\/IMG_4822-2-scaled.jpg\" class=\"\" alt=\"\" \/>    <\/div>\n<div class=\"kc-elm kc-css-568178 kc_shortcode kc_single_image\">\n\n        <img decoding=\"async\" src=\"https:\/\/www.obalne-galerije.si\/wp-content\/uploads\/2019\/10\/IMG_5045-2-scaled.jpg\" class=\"\" alt=\"\" \/>    <\/div>\n<\/div><\/div><div class=\"kc-elm kc-css-793082 kc_col-sm-6 kc_column kc_col-sm-6\"><div class=\"kc-col-container\"><div class=\"kc-elm kc-css-677321 kc_text_block\"><\/p>\n<p><strong>INTERNATIONAL ARCHITECTURE CONFERENCE AND EXHIBITION <i>PIRANESI 2019<\/i><\/strong><\/p>\n<p><span style=\"font-weight: 400;\">Portoro\u017e Auditorium<\/span><\/p>\n<p><span style=\"font-weight: 400;\">Duration: Saturday, 23<\/span><span style=\"font-weight: 400;\">rd<\/span><span style=\"font-weight: 400;\"> November 2019<\/span><\/p>\n<\/p>\n<p><span style=\"font-weight: 400;\">conference: 10:00, Portoro\u017e Auditorium<\/span><\/p>\n<p><span style=\"font-weight: 400;\">award ceremony and exhibition opening: 20:00, Monfort Gallery Portoro\u017e<\/span><\/p>\n<p><span style=\"font-weight: 400;\">Special guest of the event will be the Minister of Culture, Mag. Zoran Pozni\u010d.<\/span><\/p>\n<\/p>\n<p><span style=\"font-weight: 400;\">TOPIC &#8211; <\/span><i><span style=\"font-weight: 400;\">Renovation: from old to new life<\/span><\/i><\/p>\n<p><span style=\"font-weight: 400;\">One of the most beautiful architectonic examples of the layering of history &#8211; the Basilica of Syracuse &#8211; proves that the new can outgrow the old without blurring the traces of the past. The new temple conveys the narrations of an ancient past to us. History does not always erase the past cutting previous ties and connections. Often, through the layering of layers and elements, the life of our heritage and our ancestors, written in architecture, is revealed. In this way, our ties with space and time remain alive, forging our identity and at the same time enabling us to evolve and develop.<\/span><\/p>\n<\/p>\n<p><span style=\"font-weight: 400;\">The question we ask ourselves is how to coexist with this past. How to feel it, recognize it, and value it? How to live with it today when times have changed so much since its inception? And why do we need to keep it at all? How do we adapt to it, transform it, reinterpret it? There are always different paths and new points of view that emerge. These projects challenge the concept of time itself.\u00a0<\/span><\/p>\n<\/p>\n<p><span style=\"font-weight: 400;\">Maru\u0161a Zorec<\/span><\/p>\n<\/p>\n<p><span style=\"font-weight: 400;\">SENIOR LECTURERS<\/span><\/p>\n<\/p>\n<p><span style=\"font-weight: 400;\">Koen Baeyens, Basile Graux, Belgium<\/span><\/p>\n<p><span style=\"font-weight: 400;\">Giovanni Barberis, Dario Castellino, Valeria Cottino, Daniele Regis, Italy<\/span><\/p>\n<p><span style=\"font-weight: 400;\">Toni Giron\u00e8s, Spain<\/span><\/p>\n<p><span style=\"font-weight: 400;\">Christian Jabornegg, Andr\u00e1s P\u00e1lffy, Austria<\/span><\/p>\n<p><span style=\"font-weight: 400;\">Hugh Strange, Great Britain<\/span><\/p>\n<p><span style=\"font-weight: 400;\">Dejan Todorovi\u0107, Serbia<\/span><\/p>\n<p><span style=\"font-weight: 400;\">Rok \u017dnidar\u0161i\u010d, Slovenia<\/span><\/p>\n<\/p>\n<p><span style=\"font-weight: 400;\">YOUNG LECTURERS<\/span><\/p>\n<\/p>\n<p><span style=\"font-weight: 400;\">Andra\u017e Ker\u0161i\u010d, Slovenia<\/span><\/p>\n<p><span style=\"font-weight: 400;\">Adam Breznik, Timotej Jev\u0161enak, Monika Ve\u0161ligaj, Domen Ermenc, Pia Klan\u010dar, Slovenia<\/span><\/p>\n<\/p>\n<p><!--more--><\/p>\n<\/p>\n<p><strong>PROGRAM:<\/strong><\/p>\n<\/p>\n<p><span style=\"font-weight: 400;\">Wednesday, 20<\/span><span style=\"font-weight: 400;\">th<\/span><span style=\"font-weight: 400;\"> November 2019<\/span><\/p>\n<p><span style=\"font-weight: 400;\">18:00 Tomos block, ground floor, Nazorjev trg 4, Koper<\/span><\/p>\n<p><i><span style=\"font-weight: 400;\">Koper optimism: temporary project space<\/span><\/i><\/p>\n<ol start=\"14\">\n<li><span style=\"font-weight: 400;\"> 10. \u2013 31. 12. 2019<\/span><\/li>\n<\/ol>\n<p><span style=\"font-weight: 400;\">project group: dr. Bo\u0161tjan Bugari\u010d, Mateja Filipi\u010d, Tina Coti\u010d, Tja\u0161a Kogov\u0161ek, Rebeka Brato\u017e Gornik, Toni Bra\u010danov, Nata\u0161a Kocjan\u010di\u010d, Sandra Ramirez, Kristina Montani\u010d<\/span><\/p>\n<p><span style=\"font-weight: 400;\">in co-organization with KUD C3<\/span><\/p>\n<\/p>\n<p><span style=\"font-weight: 400;\">Thursday, 21<\/span><span style=\"font-weight: 400;\">st<\/span><span style=\"font-weight: 400;\"> November 2019<\/span><\/p>\n<p><span style=\"font-weight: 400;\">18:00\u00a0 Piran City Library<\/span><\/p>\n<p><i><span style=\"font-weight: 400;\">Old houses in new shapes<\/span><\/i><\/p>\n<p><span style=\"font-weight: 400;\">Workshop <\/span><i><span style=\"font-weight: 400;\">Playful Architecture<\/span><\/i><span style=\"font-weight: 400;\">, Center of Architecture of Slovenia, mentor \u0160pela Kuhar<\/span><\/p>\n<\/p>\n<p><span style=\"font-weight: 400;\">19:30 Apollonius Palace<\/span><\/p>\n<p><i><span style=\"font-weight: 400;\">Renovation and maintenance of the stone floor<\/span><\/i><\/p>\n<p><span style=\"font-weight: 400;\">Exhibition<\/span><\/p>\n<p><span style=\"font-weight: 400;\">ABAKKUM Institute of Landscape, Culture and Art, Piran<\/span><\/p>\n<p><span style=\"font-weight: 400;\">On view until 24 November 2019, every day from 11:00 to 13:00 and 17:00. -19: 00<\/span><\/p>\n<\/p>\n<p><span style=\"font-weight: 400;\">Friday, 22<\/span><span style=\"font-weight: 400;\">nd<\/span><span style=\"font-weight: 400;\"> November 2019<\/span><\/p>\n<p><span style=\"font-weight: 400;\">18:30 Piran City Library<\/span><\/p>\n<p><i><span style=\"font-weight: 400;\">Houses tell stories<\/span><\/i><span style=\"font-weight: 400;\">.<\/span><\/p>\n<p><span style=\"font-weight: 400;\">Lecture in Slovene: prof. Maru\u0161a Zorec<\/span><\/p>\n<\/p>\n<p><span style=\"font-weight: 400;\">Saturday, 23<\/span><span style=\"font-weight: 400;\">rd<\/span><span style=\"font-weight: 400;\"> November 2019<\/span><\/p>\n<p><span style=\"font-weight: 400;\">18:30 Herman Pe\u010dari\u010d Gallery<\/span><\/p>\n<p><i><span style=\"font-weight: 400;\">Architecture. Sculpture. Memory.<\/span><\/i><\/p>\n<p><i><span style=\"font-weight: 400;\">The Art of Monuments of Yugoslavia 1945-1991<\/span><\/i><\/p>\n<p><span style=\"font-weight: 400;\">Exhibition: Dessa Gallery<\/span><\/p>\n<\/p>\n<p><span style=\"font-weight: 400;\">20:00 Monfort<\/span><\/p>\n<p><span style=\"font-weight: 400;\">Piranesi Exhibition Centre 2019: opening of the exhibition and award ceremony.<\/span><\/p>\n<p><span style=\"font-weight: 400;\">PDA socializing with the cuisine of chef Borut Jovan and music<\/span><\/p>\n<\/p>\n<p><span style=\"font-weight: 400;\">22:30 Cafinho Bar After party<\/span><\/p>\n<\/p>\n<p><span style=\"font-weight: 400;\">The exhibitions at the Monfort Exhibition Centre and at the Herman Pe\u010dari\u010d Gallery will be on view until the 5<\/span><span style=\"font-weight: 400;\">th<\/span><span style=\"font-weight: 400;\">\u00a0 January 2020.<\/span><\/p>\n<\/p>\n<p><a href=\"http:\/\/www.pida.si\/\"><span style=\"font-weight: 400;\">www.pida.si<\/span><\/a><\/p>\n<\/p>\n<p>\n<\/div><\/div><\/div><\/div><\/div><\/section><section class=\"kc-elm kc-css-272171 kc_row\"><div class=\"kc-row-container  kc-container\"><div class=\"kc-wrap-columns\"><div class=\"kc-elm kc-css-35877 kc_col-sm-12 kc_column kc_col-sm-12\"><div class=\"kc-col-container\"><div class=\"kc-elm kc-css-879214\" style=\"height: 50px; clear: both; width:100%;\"><\/div><\/div><\/div><\/div><\/div><\/section><\/p>\n","protected":false},"excerpt":{"rendered":"<p>INTERNATIONAL ARCHITECTURE CONFERENCE AND EXHIBITION PIRANESI 2019 Portoro\u017e Auditorium Duration: Saturday, 23rd November 2019 conference: 10:00, Portoro\u017e Auditorium award ceremony and exhibition opening: 20:00, Monfort Gallery Portoro\u017e Special guest of the event will be the Minister of Culture, Mag. Zoran Pozni\u010d. TOPIC &#8211; Renovation: from old to new life One of the most beautiful architectonic<\/p>\n","protected":false},"author":4,"featured_media":11600,"comment_status":"closed","ping_status":"closed","sticky":false,"template":"","format":"standard","meta":{"footnotes":""},"categories":[47,8],"tags":[],"class_list":["post-5985","post","type-post","status-publish","format-standard","has-post-thumbnail","hentry","category-news","category-uncategorized"],"acf":[],"_links":{"self":[{"href":"https:\/\/www.obalne-galerije.si\/en\/wp-json\/wp\/v2\/posts\/5985","targetHints":{"allow":["GET"]}}],"collection":[{"href":"https:\/\/www.obalne-galerije.si\/en\/wp-json\/wp\/v2\/posts"}],"about":[{"href":"https:\/\/www.obalne-galerije.si\/en\/wp-json\/wp\/v2\/types\/post"}],"author":[{"embeddable":true,"href":"https:\/\/www.obalne-galerije.si\/en\/wp-json\/wp\/v2\/users\/4"}],"replies":[{"embeddable":true,"href":"https:\/\/www.obalne-galerije.si\/en\/wp-json\/wp\/v2\/comments?post=5985"}],"version-history":[{"count":4,"href":"https:\/\/www.obalne-galerije.si\/en\/wp-json\/wp\/v2\/posts\/5985\/revisions"}],"predecessor-version":[{"id":11603,"href":"https:\/\/www.obalne-galerije.si\/en\/wp-json\/wp\/v2\/posts\/5985\/revisions\/11603"}],"wp:featuredmedia":[{"embeddable":true,"href":"https:\/\/www.obalne-galerije.si\/en\/wp-json\/wp\/v2\/media\/11600"}],"wp:attachment":[{"href":"https:\/\/www.obalne-galerije.si\/en\/wp-json\/wp\/v2\/media?parent=5985"}],"wp:term":[{"taxonomy":"category","embeddable":true,"href":"https:\/\/www.obalne-galerije.si\/en\/wp-json\/wp\/v2\/categories?post=5985"},{"taxonomy":"post_tag","embeddable":true,"href":"https:\/\/www.obalne-galerije.si\/en\/wp-json\/wp\/v2\/tags?post=5985"}],"curies":[{"name":"wp","href":"https:\/\/api.w.org\/{rel}","templated":true}]}}