{"id":5290,"date":"2020-08-21T11:25:29","date_gmt":"2020-08-21T09:25:29","guid":{"rendered":"http:\/\/www.obalne-galerije.si\/?p=5290"},"modified":"2021-11-12T11:43:38","modified_gmt":"2021-11-12T10:43:38","slug":"spekula-2020-2-edition-translations-of-visionaries-or-illusions","status":"publish","type":"post","link":"https:\/\/www.obalne-galerije.si\/en\/spekula-2020-2-edition-translations-of-visionaries-or-illusions\/","title":{"rendered":"Spekula 2020 &#8211; 2\u00b0 edition: Translations of visionaries or illusions"},"content":{"rendered":"<p><section class=\"kc-elm kc-css-183511 kc_row\"><div class=\"kc-row-container  kc-container\"><div class=\"kc-wrap-columns\"><div class=\"kc-elm kc-css-725557 kc_col-sm-12 kc_column kc_col-sm-12\"><div class=\"kc-col-container\"><div class=\"kc-elm kc-css-646631\" style=\"height: 50px; clear: both; width:100%;\"><\/div><\/div><\/div><\/div><\/div><\/section><section class=\"kc-elm kc-css-168505 kc_row\"><div class=\"kc-row-container  kc-container\"><div class=\"kc-wrap-columns\"><div class=\"kc-elm kc-css-283220 kc_col-sm-12 kc_column kc_col-sm-12\"><div class=\"kc-col-container\"><div class=\"kc-elm kc-css-547910 kc_text_block\"><\/p>\n<p><strong>Spekula 2020 &#8211; 2\u00b0 edition: Translations of visionaries or illusions |<\/strong><\/p>\n<p><strong>Meduza Gallery, Koper |<\/strong><\/p>\n<p><strong>11th of September 2020 &#8211; 9th of October 2020 |<\/strong><\/p>\n<p><strong>Curator of the exhibition: Tilen <span style=\"box-sizing: border-box;\">\u017dbona<\/span><\/strong><\/p>\n<\/p>\n<p><!--more--><\/p>\n<p>\n<\/div><\/div><\/div><\/div><\/div><\/section><section class=\"kc-elm kc-css-319535 kc_row\"><div class=\"kc-row-container  kc-container\"><div class=\"kc-wrap-columns\"><div class=\"kc-elm kc-css-542633 kc_col-sm-12 kc_column kc_col-sm-12\"><div class=\"kc-col-container\"><div class=\"kc-elm kc-css-645727\" style=\"height: 50px; clear: both; width:100%;\"><\/div><\/div><\/div><\/div><\/div><\/section><section class=\"kc-elm kc-css-326368 kc_row\"><div class=\"kc-row-container  kc-container\"><div class=\"kc-wrap-columns\"><div class=\"kc-elm kc-css-487029 kc_col-sm-6 kc_column kc_col-sm-6\"><div class=\"kc-col-container\"><div class=\"kc-elm kc-css-86411 kc_shortcode kc_single_image\">\n\n        <img decoding=\"async\" src=\"https:\/\/www.obalne-galerije.si\/wp-content\/uploads\/2020\/08\/IMG_3450-2-2-scaled.jpg\" class=\"\" alt=\"\" \/>    <\/div>\n<div class=\"kc-elm kc-css-647731 kc_shortcode kc_single_image\">\n\n        <img decoding=\"async\" src=\"https:\/\/www.obalne-galerije.si\/wp-content\/uploads\/2020\/08\/IMG_3436-2-3-scaled.jpg\" class=\"\" alt=\"\" \/>    <\/div>\n<\/div><\/div><div class=\"kc-elm kc-css-516657 kc_col-sm-6 kc_column kc_col-sm-6\"><div class=\"kc-col-container\"><div class=\"kc-elm kc-css-223630 kc_text_block\"><\/p>\n<p>After the successful conclusion of the new undergraduate program of Visual Arts and Design at the Littoral University, the second edition of the artistic event <em>SPEKULA 2020<\/em> is starting in September.<\/p>\n<p>The event is aimed at raising awareness in the local community and developing a new undergraduate program in Visual Arts and Design, which will enrich the coastal area in the academic year 2021\/2022. The accompanying program of the event offers an insight into the profession to future students and to the public that wants to develop creative, artistic and production skills for an independent and successful growth.<\/p>\n<p><em>Piran Coastal Galleries<\/em>, the <em>Avtomatik Delovi\u0161\u010de<\/em> platform and the <em>Pina Cultural Association<\/em> will also contribute to the implementation of this project. The event will start on September 11th at 6 pm in the Meduza Gallery of Koper with the inauguration of the exhibition.<\/p>\n<p>The exhibition <strong>Translations of Visionary Art or Illusion<\/strong> focuses on the appearance and manifestation of the contemporary art code and its orientation towards recodification. The visions, which are given by the authors to their own artistic and socially engaged works, presuppose rumours and orientations of a universal language of images, staged in the form of contemplation and introspection.<\/p>\n<p><em>The authors on display are Nemanja Cvijanovi\u010d (Croatia), Polonca Lov\u0161in (Slovenia), Dragana Sapanjo\u0161 (Croatia) and Jiri Kocica (Slovenia).<\/em><\/p>\n<p>\n<\/div><\/div><\/div><\/div><\/div><\/section><section class=\"kc-elm kc-css-671328 kc_row\"><div class=\"kc-row-container  kc-container\"><div class=\"kc-wrap-columns\"><div class=\"kc-elm kc-css-613364 kc_col-sm-12 kc_column kc_col-sm-12\"><div class=\"kc-col-container\"><div class=\"kc-elm kc-css-728716\" style=\"height: 100px; clear: both; width:100%;\"><\/div><div class=\"kc-elm kc-css-75202 kc_text_block\"><\/p>\n<p><strong>Program:<\/strong><\/p>\n<p>&#8211; 11th September 2020, 18:00, Meduza Gallery, Koper: <strong>Exhibtition Translation of visionaries or illusions<\/strong><\/p>\n<p><em>(Nemanja Cvijanovic, Polonca Lovsin, Dragana Sapanjos, Jiri Kocica)<\/em><\/p>\n<p>Curated by Tilen \u017dbona<\/p>\n<p>.<\/p>\n<p>15th September 2020, 18:00, Meduza Gallery, Koper: <strong>Conference by Maru\u0161i\u010d Sforzato<\/strong><\/p>\n<p><em>(Andrej Medved)<\/em><\/p>\n<p>.<\/p>\n<p>&#8211; 17th September 2020, 18:00, Meduza Gallery, Koper: <strong>Talk on contemporary Guerrillas<\/strong><\/p>\n<p><em>(Ema Kugler e Vid Lenard)<\/em><\/p>\n<p>.<\/p>\n<p>22nd September 2020, 18:00, Meduza Gallery, Koper: <strong>Presentation of new strategies and the integration of visual arts in the national and international scene<\/strong><\/p>\n<p><em>(Dejan Mehmedovic, Majda Bozeglav Japelj, Ales Sedmak)<\/em><\/p>\n<p>The film of Uro\u0161 Zavodnik At the Turn of the Image &#8211; SPEKULA 2019 will be shown on screen.<\/p>\n<p>&#8211; 25th September 2020, 18:00, Mala Lo\u017ea, \u010cevljarska ulica 1, Koper: <strong>Exhibition until the 16th of October 2020<\/strong><br \/><strong>Optimism in Koper- architecture and urban planning in Koper<\/strong><\/p>\n<p><em>Avtomatik Delovi\u0161\u010de<\/em> presents an exhibtition and a seminar dedicated to the students of Architecture and Biotech of the University of Ljubljana<\/p>\n<p><em>Curators: Bo\u0161tjan Bugari\u010d, Mateja Filipi\u010d<\/em><\/p>\n<p>\n<\/div><div class=\"kc-elm kc-css-988997\" style=\"height: 100px; clear: both; width:100%;\"><\/div><\/div><\/div><\/div><\/div><\/section><section class=\"kc-elm kc-css-813231 kc_row\"><div class=\"kc-row-container  kc-container\"><div class=\"kc-wrap-columns\"><div class=\"kc-elm kc-css-686275 kc_col-sm-12 kc_column kc_col-sm-12\"><div class=\"kc-col-container\"><div class=\"kc-image-gallery kc-elm kc-css-732710\">\n<div class=\"kc_image_gallery kc-carousel-image kc-grid \">\n<div class=\"item-grid grid-3\"><img decoding=\"async\" src=\"https:\/\/www.obalne-galerije.si\/wp-content\/uploads\/2021\/05\/WEB-11-SKUPNI-RAZSTAVA-717x1024-1.jpg\" alt=\"\"\/><\/div><div class=\"item-grid grid-3\"><img decoding=\"async\" src=\"https:\/\/www.obalne-galerije.si\/wp-content\/uploads\/2021\/05\/WEB-POPRAVEK-DATUM-MEDVED-15-sept-717x1024-1.jpg\" alt=\"\"\/><\/div><div class=\"item-grid grid-3\"><img decoding=\"async\" src=\"https:\/\/www.obalne-galerije.si\/wp-content\/uploads\/2021\/05\/WEB-Plakat-Ema-Kugler-717x1024-1.jpg\" alt=\"\"\/><\/div><div class=\"item-grid grid-3\"><img decoding=\"async\" src=\"https:\/\/www.obalne-galerije.si\/wp-content\/uploads\/2021\/05\/WEB_22-september-BOZ-MEH-SEDMAK-1-717x1024-1.jpg\" alt=\"\"\/><\/div><div class=\"item-grid grid-3\"><img decoding=\"async\" src=\"https:\/\/www.obalne-galerije.si\/wp-content\/uploads\/2021\/05\/WEB-Plakat-KOPRSKI-OPTIMIZEM-717x1024-1.jpg\" alt=\"\"\/><\/div><\/div>\n<\/div><\/div><\/div><\/div><\/div><\/section><section class=\"kc-elm kc-css-683460 kc_row\"><div class=\"kc-row-container  kc-container\"><div class=\"kc-wrap-columns\"><div class=\"kc-elm kc-css-767322 kc_col-sm-12 kc_column kc_col-sm-12\"><div class=\"kc-col-container\"><div class=\"kc-elm kc-css-319194\" style=\"height: 100px; clear: both; width:100%;\"><\/div><\/div><\/div><\/div><\/div><\/section><\/p>\n","protected":false},"excerpt":{"rendered":"<p>Spekula 2020 &#8211; 2\u00b0 edition: Translations of visionaries or illusions | Meduza Gallery, Koper | 11th of September 2020 &#8211; 9th of October 2020 | Curator of the exhibition: Tilen \u017dbona<\/p>\n","protected":false},"author":4,"featured_media":5256,"comment_status":"closed","ping_status":"closed","sticky":false,"template":"","format":"standard","meta":{"footnotes":""},"categories":[79,37],"tags":[],"class_list":["post-5290","post","type-post","status-publish","format-standard","has-post-thumbnail","hentry","category-exhibitions","category-meduza-gallery"],"acf":[],"_links":{"self":[{"href":"https:\/\/www.obalne-galerije.si\/en\/wp-json\/wp\/v2\/posts\/5290","targetHints":{"allow":["GET"]}}],"collection":[{"href":"https:\/\/www.obalne-galerije.si\/en\/wp-json\/wp\/v2\/posts"}],"about":[{"href":"https:\/\/www.obalne-galerije.si\/en\/wp-json\/wp\/v2\/types\/post"}],"author":[{"embeddable":true,"href":"https:\/\/www.obalne-galerije.si\/en\/wp-json\/wp\/v2\/users\/4"}],"replies":[{"embeddable":true,"href":"https:\/\/www.obalne-galerije.si\/en\/wp-json\/wp\/v2\/comments?post=5290"}],"version-history":[{"count":4,"href":"https:\/\/www.obalne-galerije.si\/en\/wp-json\/wp\/v2\/posts\/5290\/revisions"}],"predecessor-version":[{"id":12548,"href":"https:\/\/www.obalne-galerije.si\/en\/wp-json\/wp\/v2\/posts\/5290\/revisions\/12548"}],"wp:featuredmedia":[{"embeddable":true,"href":"https:\/\/www.obalne-galerije.si\/en\/wp-json\/wp\/v2\/media\/5256"}],"wp:attachment":[{"href":"https:\/\/www.obalne-galerije.si\/en\/wp-json\/wp\/v2\/media?parent=5290"}],"wp:term":[{"taxonomy":"category","embeddable":true,"href":"https:\/\/www.obalne-galerije.si\/en\/wp-json\/wp\/v2\/categories?post=5290"},{"taxonomy":"post_tag","embeddable":true,"href":"https:\/\/www.obalne-galerije.si\/en\/wp-json\/wp\/v2\/tags?post=5290"}],"curies":[{"name":"wp","href":"https:\/\/api.w.org\/{rel}","templated":true}]}}