{"id":26840,"date":"2026-02-02T12:52:09","date_gmt":"2026-02-02T11:52:09","guid":{"rendered":"https:\/\/www.obalne-galerije.si\/?p=26840"},"modified":"2026-03-24T22:51:29","modified_gmt":"2026-03-24T21:51:29","slug":"herman-pecaric-collection-new-set-up","status":"publish","type":"post","link":"https:\/\/www.obalne-galerije.si\/en\/herman-pecaric-collection-new-set-up\/","title":{"rendered":"HERMAN PE\u010cARI\u010c COLLECTION: NEW SET UP"},"content":{"rendered":"<p><section class=\"kc-elm kc-css-423347 kc_row\"><div class=\"kc-row-container  kc-container\"><div class=\"kc-wrap-columns\"><div class=\"kc-elm kc-css-266656 kc_col-sm-6 kc_column kc_col-sm-6\"><div class=\"kc-col-container\"><div class=\"kc-elm kc-css-969892 kc_text_block\"><\/p>\n<p><strong>Herman Pe\u010dari\u010d Collection &#8211;\u00a0<\/strong><br \/><strong>New set up |\u00a0<\/strong><\/p>\n<p><strong>Herman Pe\u010dari\u010d Gallery, Piran | 06.02.2026-10.05.2026 |\u00a0<\/strong><br \/><strong>Opening: Friday, February 6, 2026, at 5 p.m.\u00a0<\/strong><\/p>\n<p><strong>Set up: Ana Pape\u017e, Tatjana Sirk.\u00a0<\/strong><\/p>\n<p><!--more--><\/p>\n<p>\n<\/div><div class=\"kc-elm kc-css-162420 kc_shortcode kc_single_image\">\n\n        <img decoding=\"async\" src=\"https:\/\/www.obalne-galerije.si\/wp-content\/uploads\/2026\/01\/Heman-Pecaric_IKONA.png\" class=\"\" alt=\"\" \/>    <\/div>\n<div class=\"kc-elm kc-css-249608 kc_shortcode kc_single_image\">\n\n        <img decoding=\"async\" src=\"https:\/\/www.obalne-galerije.si\/wp-content\/uploads\/2019\/07\/DSC9154-COPY-1-scaled.jpg\" class=\"\" alt=\"\" \/>    <\/div>\n<div class=\"kc-elm kc-css-871923\" style=\"height: 20px; clear: both; width:100%;\"><\/div>\n<div class=\"kc-elm kc-css-485953\">\n\t<a class=\"kc_button\" href=\"https:\/\/www.obalne-galerije.si\/wp-content\/uploads\/2026\/01\/Heman-Pecaric-compresso.pdf\" target=\"_blank\" title=\"\" onclick=\"\">\n\t\t<i class=\"sl-paper-clip\"><\/i> DIGITAL CATALOGUE - PDF\t<\/a>\n<\/div>\n<div class=\"kc-elm kc-css-796434\" style=\"height: 20px; clear: both; width:100%;\"><\/div><\/div><\/div><div class=\"kc-elm kc-css-417031 kc_col-sm-6 kc_column kc_col-sm-6\"><div class=\"kc-col-container\"><div class=\"kc-elm kc-css-507589 kc_text_block\"><\/p>\n<p data-start=\"90\" data-end=\"1375\"><em>\u201cThe most fertile phase of the activity of the Piran painter Herman Pe\u010dari\u010d (1908\u20131981) dates back to the second half of the last century. Almost indifferent to the prevailing artistic trends of the time, the artist cultivated a highly personal expressive language marked by a strong sensitivity to color, realistic form, and motifs deeply rooted in the reality of Slovenian Istria. (\u2026) Even a very quick glance at his permanent donation-collection reveals how much he drew on this rich and varied repertoire throughout practically all of his creative phases. Landscapes arose in fleeting moments of inspiration, when the artist, on numerous canvases (and very often drawings as well), captured the relaxed rhythms of the everyday life of coastal people, the changing images of the seasons, or the barely perceptible shifts of light throughout the day. In depicting picturesque panoramic views or glimpses of alleyways and cityscapes, he often shifted from tonal painting to a method of spatial coloration, through which he succeeded in making the colors speak at their fullest intensity, to the point of their pure, original language. (\u2026) With particular passion he devoted himself to landscapes depicting olive groves, to which he owes, among other things, his great popularity.\u201d<\/em><\/p>\n<p data-start=\"1377\" data-end=\"2288\">\n<p data-start=\"1377\" data-end=\"2288\">\n<p data-start=\"1377\" data-end=\"2288\">Herman Pe\u010dari\u010d donated to the city of Piran a rich collection of paintings, drawings, and graphic works, characterized mostly by Istrian motifs. After many years of efforts, in 1999 the collection found its home in a refurbished building dating from the transition between the nineteenth and twentieth centuries, which at that time was designated as a gallery. Dedicated to the artist, it serves as a permanent display of his artistic legacy. The collection is preserved and managed by the Piran Coastal Galleries, which are also responsible for its public presentation and promotion. Over the years, several selections from the collection have been exhibited; Pe\u010dari\u010d\u2019s work has also been the subject of various interesting temporary exhibitions (<em data-start=\"2128\" data-end=\"2156\">Olive Grove with Red Earth<\/em>, 2008; <em data-start=\"2164\" data-end=\"2184\">My Studio at Night<\/em>, 2015; <em data-start=\"2192\" data-end=\"2210\">An Easel for Two<\/em>, 2018 \u2026) and other mostly educational projects (<em data-start=\"2259\" data-end=\"2280\">When a Line Appears<\/em>, 2025).<\/p>\n<p data-start=\"2290\" data-end=\"2698\">The gallery underwent renovation again at the end of 2025, under the direction of the Municipality of Piran, and now presents itself with a renewed fa\u00e7ade in an elegant shade. The gallery is now prepared to host the new layout of the Pe\u010dari\u010d collection, and the works selected by curators Ana Pape\u017e and Tatjana Sirk will this time occupy the walls of both the ground floor and the first floor of the gallery.<\/p>\n<p data-start=\"2700\" data-end=\"2860\">The exhibition of selected works and works on paper will be inaugurated on the occasion of the <strong>Slovenian Cultural Holiday<\/strong>, on <strong>Friday, 6 February 2026, at 5 p.m.<\/strong><\/p>\n<p data-start=\"2700\" data-end=\"2860\">\n<p data-start=\"2862\" data-end=\"2967\">For further insight into the work of the artist Herman Pe\u010dari\u010d, please consult the <strong><a href=\"https:\/\/www.obalne-galerije.si\/wp-content\/uploads\/2026\/01\/Heman-Pecaric-compresso.pdf\" target=\"_blank\" rel=\"noopener\">digitalized catalogue<\/a><\/strong>.<\/p>\n<hr>\n<p data-start=\"2969\" data-end=\"3103\">\n<p data-start=\"2969\" data-end=\"3103\"><small><br \/><\/small><\/p>\n<p data-start=\"2969\" data-end=\"3103\"><small>1 Majda Bo\u017eeglav Japelj: <em data-start=\"2992\" data-end=\"3020\">Olive Grove with Red Earth<\/em>, Coastal Galleries Piran, Piran, March 2008, pp. 4\u20135.<\/small><\/p>\n<p>\n<\/div><\/div><\/div><\/div><\/div><\/section><section class=\"kc-elm kc-css-195552 kc_row\"><div class=\"kc-row-container  kc-container\"><div class=\"kc-wrap-columns\"><div class=\"kc-elm kc-css-606867 kc_col-sm-12 kc_column kc_col-sm-12\"><div class=\"kc-col-container\">\n<div class=\"kc-elm kc-css-618396 divider_line\">\n\t<div class=\"divider_inner divider_line1\">\n\t\t\t<\/div>\n<\/div>\n<div class=\"kc-elm kc-css-532107\" style=\"height: 50px; clear: both; width:100%;\"><\/div><\/div><\/div><\/div><\/div><\/section><section class=\"kc-elm kc-css-119461 kc_row\"><div class=\"kc-row-container  kc-container\"><div class=\"kc-wrap-columns\"><div class=\"kc-elm kc-css-974855 kc_col-sm-6 kc_column kc_col-sm-6\"><div class=\"kc-col-container\"><div class=\"kc-elm kc-css-655357 kc_shortcode kc_single_image\">\n\n        <img decoding=\"async\" src=\"https:\/\/www.obalne-galerije.si\/wp-content\/uploads\/2026\/02\/IMG_4015-scaled.jpg\" class=\"\" alt=\"\" \/>    <\/div>\n<div class=\"kc-elm kc-css-884674 kc_shortcode kc_single_image\">\n\n        <img decoding=\"async\" src=\"https:\/\/www.obalne-galerije.si\/wp-content\/uploads\/2026\/02\/IMG_3993-scaled.jpg\" class=\"\" alt=\"\" \/>    <\/div>\n<div class=\"kc-elm kc-css-560439 kc_shortcode kc_single_image\">\n\n        <img decoding=\"async\" src=\"https:\/\/www.obalne-galerije.si\/wp-content\/uploads\/2026\/02\/IMG_3977-scaled.jpg\" class=\"\" alt=\"\" \/>    <\/div>\n<div class=\"kc-elm kc-css-723897\" style=\"height: 20px; clear: both; width:100%;\"><\/div><\/div><\/div><div class=\"kc-elm kc-css-907866 kc_col-sm-6 kc_column kc_col-sm-6\"><div class=\"kc-col-container\">\n<div class=\"kc-elm kc-css-673183 kc-title-wrap \">\n\n\t<h3 class=\"kc_title\">BIOGRAPHY<\/h3>\n<\/div>\n<div class=\"kc-elm kc-css-373721 kc_text_block\"><\/p>\n<p><strong>Herman Pe\u010dari\u010d<\/strong> (Albaro Vescov\u00e0, March 6, 1908 \u2013 Ancarano, December 31, 1981) was the sixth child of the mason Miha Pe\u010dari\u010d and Marija, born Pe\u010dari\u010d. Already in elementary school, his favorite subject was drawing, and he enjoyed attending the lessons of his teacher Gabrijel\u010di\u010d.<\/p>\n<p>After elementary school, due to the family\u2019s modest economic conditions, Pe\u010dari\u010d began training as a merchant. From 1927 to 1930, he looked for work in Belgrade, Dalmatia, Ljubljana, and finally in Maribor, where he found steady employment and began to develop an interest in art. Under the advice of the painter Anton Gvojc, he began painting nature. The surroundings of Maribor became his first studio.<\/p>\n<p>A few years later, when he was transferred to Ljubljana as an employee of the Railway Cooperative, he enrolled in the evening painting school <em>Probuda<\/em>. Here, he studied under Sa\u0161a \u0160antel and Mirko and Rajko \u0160ubic. At the same time, he refined his oil painting technique with the painter Henrika \u0160antel.<\/p>\n<p>At the end of Yugoslavia (1941), Pe\u010dari\u010d was imprisoned in a German concentration camp and later in an Austrian one, where he remained until liberation in 1945. Despite the extremely difficult conditions, he produced numerous drawings, many of which are now part of the collection in Piran.<\/p>\n<p>After the war, he enrolled at the Academy of Fine Arts in Belgrade, where he completed his studies in 1950. In the same year, he returned home and settled in Piran, where \u2014 although no longer young, at the age of forty-two \u2014 he devoted himself entirely to a career as an independent artist. Piran completely captivated him with its colors and architecture. In 1952 (from 1950 as a candidate), he became a member of the Association of Slovene Fine Artists.<\/p>\n<p>After a successful solo exhibition in Belgrade, in 1955 he married Marija (Mija) Velikonja and made his first trip to Italy. In the following years, in addition to painting, he also worked in illustration for the magazine Slovenski Jadran and in set design for the People\u2019s Theatre of Koper. He traveled and studied extensively. From time to time, he gave drawing lessons. He organized solo exhibitions and took part in group exhibitions. In 1979, the Piran Coastal Galleries organized a retrospective exhibition of his work.<\/p>\n<p>Two years after his death, his wife Marija (Velikonja) Pe\u010dari\u010d signed a donation agreement with the mayor of Piran for 141 works of art by her late husband, in accordance with his explicit wish. Paintings, prints, and drawings make up the permanent exhibition in the gallery that bears the painter\u2019s name, offering an overview of the artist\u2019s creativity from his early beginnings to the final years of his work.<\/p>\n<p>\n<\/div><\/div><\/div><\/div><\/div><\/section><\/p>\n","protected":false},"excerpt":{"rendered":"<p>Herman Pe\u010dari\u010d Collection &#8211;\u00a0New set up |\u00a0 Herman Pe\u010dari\u010d Gallery, Piran | 06.02.2026-10.05.2026 |\u00a0Opening: Friday, February 6, 2026, at 5 p.m.\u00a0 Set up: Ana Pape\u017e, Tatjana Sirk.\u00a0<\/p>\n","protected":false},"author":4,"featured_media":26782,"comment_status":"closed","ping_status":"closed","sticky":false,"template":"","format":"standard","meta":{"footnotes":""},"categories":[79,39,47],"tags":[],"class_list":["post-26840","post","type-post","status-publish","format-standard","has-post-thumbnail","hentry","category-exhibitions","category-herman-pecaric-gallery","category-news"],"acf":[],"_links":{"self":[{"href":"https:\/\/www.obalne-galerije.si\/en\/wp-json\/wp\/v2\/posts\/26840","targetHints":{"allow":["GET"]}}],"collection":[{"href":"https:\/\/www.obalne-galerije.si\/en\/wp-json\/wp\/v2\/posts"}],"about":[{"href":"https:\/\/www.obalne-galerije.si\/en\/wp-json\/wp\/v2\/types\/post"}],"author":[{"embeddable":true,"href":"https:\/\/www.obalne-galerije.si\/en\/wp-json\/wp\/v2\/users\/4"}],"replies":[{"embeddable":true,"href":"https:\/\/www.obalne-galerije.si\/en\/wp-json\/wp\/v2\/comments?post=26840"}],"version-history":[{"count":4,"href":"https:\/\/www.obalne-galerije.si\/en\/wp-json\/wp\/v2\/posts\/26840\/revisions"}],"predecessor-version":[{"id":27653,"href":"https:\/\/www.obalne-galerije.si\/en\/wp-json\/wp\/v2\/posts\/26840\/revisions\/27653"}],"wp:featuredmedia":[{"embeddable":true,"href":"https:\/\/www.obalne-galerije.si\/en\/wp-json\/wp\/v2\/media\/26782"}],"wp:attachment":[{"href":"https:\/\/www.obalne-galerije.si\/en\/wp-json\/wp\/v2\/media?parent=26840"}],"wp:term":[{"taxonomy":"category","embeddable":true,"href":"https:\/\/www.obalne-galerije.si\/en\/wp-json\/wp\/v2\/categories?post=26840"},{"taxonomy":"post_tag","embeddable":true,"href":"https:\/\/www.obalne-galerije.si\/en\/wp-json\/wp\/v2\/tags?post=26840"}],"curies":[{"name":"wp","href":"https:\/\/api.w.org\/{rel}","templated":true}]}}