{"id":26655,"date":"2026-01-06T12:49:15","date_gmt":"2026-01-06T11:49:15","guid":{"rendered":"https:\/\/www.obalne-galerije.si\/?p=26655"},"modified":"2026-02-16T11:41:03","modified_gmt":"2026-02-16T10:41:03","slug":"january-february-2026-program","status":"publish","type":"post","link":"https:\/\/www.obalne-galerije.si\/en\/january-february-2026-program\/","title":{"rendered":"JANUARY-FEBRUARY 2026 PROGRAM"},"content":{"rendered":"<section class=\"kc-elm kc-css-798808 kc_row\"><div class=\"kc-row-container  kc-container\"><div class=\"kc-wrap-columns\"><div class=\"kc-elm kc-css-105540 kc_col-sm-12 kc_column kc_col-sm-12\"><div class=\"kc-col-container\"><div class=\"kc-elm kc_text_block\"><\/p>\n<p data-start=\"121\" data-end=\"231\"><!--more--><\/p>\n<p data-start=\"121\" data-end=\"231\"><strong data-start=\"121\" data-end=\"231\">Permanent display of the Herman Pe\u010dari\u010d Collection at the Piran Gallery for the Slovenian Cultural Holiday<\/strong><\/p>\n<p data-start=\"233\" data-end=\"700\">The new programme year of the Piran Coastal Galleries begins at the Herman Pe\u010dari\u010d Gallery in Piran, which has recently been renovated. The restoration of the gallery\u2019s fa\u00e7ade and interiors, begun in early September 2025, was made possible by the Municipality of Piran with the support of the Ministry of Culture of the Republic of Slovenia, in cooperation with the Institute for the Protection of Cultural Heritage (ZVKDS) in Piran, and carried out by GNOM d.o.o..<\/p>\n<p data-start=\"702\" data-end=\"1924\">The exhibition of works from the Herman Pe\u010dari\u010d Collection will be set up on the ground floor and first floor of the gallery, enabling a broader presentation of the collection that the artist donated to the Municipality of Piran and is managed by the Piran Coastal Galleries.<\/p>\n<p data-start=\"702\" data-end=\"1924\">With the opening of the exhibition on <strong>Friday, 6 February 2026 at 5 p.m.<\/strong>, we will be celebrating the <strong>Slovenian Cultural Holiday<\/strong>. A few days later, on <strong>Thursday, 12 February at 6 p.m.<\/strong>, a special event will be held at the gallery: Piran native <strong>Daniela Paliaga Jankovi\u0107<\/strong>, who has long been dedicated to studying the cultural heritage of her city, will present the history of the restored building that has housed the gallery since 1998. On this occasion, the Coastal Galleries of Piran will publish a booklet containing her essay and iconographic materials.<\/p>\n<p data-start=\"702\" data-end=\"1924\">\u201cThe new interventions of 2025, commissioned by the Municipality of Piran, highlight every detail of the floral style of its original construction, revealing its authentic exterior expression and, after more than a century, the care for detail and its beauty. It is a well-deserved tribute to a history that is both surprising and emblematic, and which deserves to be told and shared.\u201d (DPJ)<\/p>\n<p data-start=\"1926\" data-end=\"1955\"><span style=\"color: #0000ff;\"><a style=\"color: #0000ff;\" href=\"https:\/\/www.obalne-galerije.si\/en\/pecaric-gallery-many-stories\/\">More information at the link\u2026<\/a><\/span><\/p>\n<hr \/>\n<p data-start=\"1926\" data-end=\"1955\"><strong data-start=\"1962\" data-end=\"2063\">Celebrating Pre\u0161eren with the PCG: A Glimpse into the World of Kosovel \u2013 The Cloak of Imagination<\/strong><\/p>\n<p data-start=\"2065\" data-end=\"2797\">We will also celebrate the cultural holiday with young audiences. As is tradition, this year again we are organising the event \u201cCelebrating Pre\u0161eren with the CGP\u201d together with primary schools across Slovenia. As 2026 marks the 100th anniversary of the death of poet Sre\u010dko Kosovel, curator-educator Ana Pape\u017e has designed the project around this theme. Although Kosovel created only for a few years due to his premature death, he left behind a substantial literary opus that significantly influenced 20th-century Slovenian literature. His texts, permeated with expressionist and constructivist elements, reflect strong social critique, visionary thinking and profound humanistic messages that remain extraordinarily relevant today.<\/p>\n<p data-start=\"2799\" data-end=\"3140\">For the Slovenian Cultural Holiday, we are preparing an exhibition of illustrations and prints entitled <em data-start=\"2903\" data-end=\"2967\">A Glimpse into the World of Kosovel \u2013 The Cloak of Imagination<\/em>, on view at the Meduza Gallery in Koper from 6 to 28 February 2026. Pupils drew inspiration for their works from any poem of their choice from Kosovel\u2019s poetry collections.<\/p>\n<hr \/>\n<p data-start=\"2799\" data-end=\"3140\"><strong data-start=\"3147\" data-end=\"3250\">Exhibition \u2013 Piran Coastal Galleries: 50 Years of Contemporary Art, at the Civic Gallery of Piran<\/strong><\/p>\n<p data-start=\"3252\" data-end=\"3703\">The Piran Coastal Galleries celebrate the 50th anniversary of their activity with an exhibition of documentary materials that takes visitors on a journey through half a century of work in the field of contemporary art at the local, national and international level. The exhibition comprises promotional, documentary, bibliographic and other archival materials: posters, exhibition catalogues, leaflets, invitations, publications and printed matter.<\/p>\n<p data-start=\"3710\" data-end=\"3734\"><span style=\"text-decoration: underline;\"><strong data-start=\"3710\" data-end=\"3734\">Collateral Programme<\/strong><\/span><\/p>\n<p data-start=\"3736\" data-end=\"4363\">The activity of the most important exhibition institution on the southern coast, which today fully embodies its role as a regional museum of fine arts, has been and continues to be rich above all thanks to the individuals who shaped it over five decades. On the occasion of the exhibition, we therefore wish to invite to the gallery speakers who, in various ways, contributed to the development of the Coastal Galleries of Piran, or who, as part of the professional public and other interested audiences, followed this evolution. Above all, we aim to encourage reflection on the meaning of contemporary art yesterday and today.<\/p>\n<p data-start=\"4365\" data-end=\"4793\">Open and dynamic conversations will form the living core of the exhibition: our intent is to revive memories and share anecdotes related to the local context and beyond. Most importantly, we want to give space to contemporary art, which for half a century at the Piran Coastal Galleries has held up an uncompromising mirror to society, raising awareness and alerting us to the changes in contemporary life, art and the world.<\/p>\n<p data-start=\"4795\" data-end=\"5090\">The conversations will be recorded with the aim of creating a moving archive of memories intended for both the local community and broader audiences for study and research purposes. The programme will also include specialist guided tours of the exhibition and educational workshops for children.<\/p>\n<p data-start=\"5092\" data-end=\"5295\">The January specialist guided tour with curator <strong>Dr. Tina Jazbec<\/strong> will take place on <strong>Thursday, 22 January at 5 p.m.<\/strong>; the next will take place during the cultural holiday, on <strong>Saturday, 7 February at 11 a.m<\/strong>.<\/p>\n<p data-start=\"5297\" data-end=\"5553\">On Tuesday, <strong>10 February at 5 p.m.<\/strong>, the first meeting will be held with guests Marjanca Lenassi and Natalija Planinc. The meeting is organised by curator Tina Jazbec; the moderator will be Mara Ambro\u017ei\u010d Verderber, Director of the Piran Coastal Galleries.<\/p>\n<p data-start=\"5555\" data-end=\"5733\">During the school holidays, on <strong>Friday, 20 February at 10 a.m<\/strong>., an educational workshop for children will take place at the Civic Gallery, organised by curator-educator Ana Pape\u017e.<\/p>\n<p data-start=\"5735\" data-end=\"5764\"><span style=\"color: #0000ff;\"><a style=\"color: #0000ff;\" href=\"https:\/\/www.obalne-galerije.si\/en\/piran-coastal-galleries-50-years-of-contemporary-art\/\">More information at the link\u2026<\/a><\/span><\/p>\n<hr \/>\n<p data-start=\"5735\" data-end=\"5764\"><strong data-start=\"5771\" data-end=\"5829\">Start of Filming of Jasmina Cibic\u2019s New Cinematic Work<\/strong><\/p>\n<p data-start=\"5831\" data-end=\"6373\">Filming of <em data-start=\"5842\" data-end=\"5872\">Short Circuit (The Blackout)<\/em>, the latest film by artist <strong>Jasmina Cibic<\/strong>, is scheduled to begin in February 2026 at the <strong>Doblar Hydroelectric Power Station on the So\u010da River<\/strong>. The film will premiere at the Civic Gallery of Piran during the artist\u2019s first retrospective \u2013 she is a multiple award-winner \u2013 planned for November 2026. In several scenes, the film\u2019s scenography will be enriched by works from the collections of the Coastal Galleries of Piran as well as by moulds and other objects from the Restoration Centre in Ljubljana.<\/p>\n<p data-start=\"6375\" data-end=\"6741\">The film, based on archival materials and official sources, addresses in a satirical and engaging way the relationship between aesthetics, politics and cultural sovereignty in the cross-border Adriatic area (1920\u2013today). It is a historical work of powerful impact, permeated by a strong pacifist note yet also critical. Filming will take place in Slovenia and Italy.<\/p>\n<p data-start=\"6743\" data-end=\"7037\">The project is being developed in collaboration with Projekt Atol, Weddington Studios, Sharjah Biennial Foundation, Open Society Foundations, GO! 2025 \u2013 European Capital of Culture, Kunstverein Ludwigshafen, as well as with the participation and co-production of the Coastal Galleries of Piran.<\/p>\n<p data-start=\"7039\" data-end=\"7231\">Jasmina Cibic was recently awarded the National Pre\u0161eren Fund Prize, which will be presented on 7 February 2026 at Cankarjev dom. The Coastal Galleries of Piran warmly congratulate the artist.<\/p>\n<hr \/>\n<p data-start=\"7039\" data-end=\"7231\"><strong data-start=\"7238\" data-end=\"7316\">Guided Tour of Florian Cziesla\u2019s Exhibition at the Meduza Gallery in Koper<\/strong><\/p>\n<p data-start=\"7318\" data-end=\"7691\">On the occasion of the closing of the photographic exhibition <em data-start=\"7380\" data-end=\"7403\">The Change of the Sea<\/em>, on view at the Meduza Gallery in Koper until <strong>Saturday, 24 January 2026<\/strong>, a guided tour will be organised on <strong>Friday, 23 January at 4 p.m.<\/strong> with the author, Mag. Florian Cziesla \u2013 photographer, cultural studies researcher and translator \u2013 and with the exhibition curator Mag. Matic Bukovec.<\/p>\n<p data-start=\"7693\" data-end=\"7722\"><a href=\"https:\/\/www.obalne-galerije.si\/en\/florian-cziesla-sea-change\/\">More information at the link\u2026<\/a><\/p>\n<hr \/>\n<p data-start=\"7693\" data-end=\"7722\"><strong data-start=\"7729\" data-end=\"7806\">Spekula 2025: <em data-start=\"7745\" data-end=\"7773\">Matrix \u2013 Alienated Thought<\/em> at the Loggia Gallery in Koper<\/strong><\/p>\n<p data-start=\"7808\" data-end=\"8582\"><em data-start=\"7808\" data-end=\"7836\">Matrix \u2013 Alienated Thought<\/em> is the title of the seventh edition of the artistic event Spekula. In a time when the specificity of media messages, their platforms and content generators intertwine with the thoughts of smaller or larger groups of users, readers and mediators, individual thought is exposed to the algorithmic platforms of artificial intelligence and therefore to distorted truths. As a counterpoint to this generated reality and unreality, the exhibition <em data-start=\"8278\" data-end=\"8306\">Matrix \u2013 Alienated Thought<\/em> proposes a real and concrete experience of the ideas and reflections of authors Andrej Savski, Zora Stan\u010di\u010d, \u010crtomir Frelih and Mojca Smerdu. The exhibition, organised in collaboration with UP PEF VUO, is on view at the Loggia Gallery in Koper until the end of February 2026.<\/p>\n<p data-start=\"8584\" data-end=\"8613\"><span style=\"color: #0000ff;\"><a style=\"color: #0000ff;\" href=\"https:\/\/www.obalne-galerije.si\/en\/spekula-vii\/\">More information at the link\u2026<\/a><\/span><\/p>\n<p data-start=\"8620\" data-end=\"8709\"><strong>You are cordially invited to our exhibitions and events; on 8 February admission is free.<\/strong><\/p>\n<p>\n<\/div><\/div><\/div><\/div><\/div><\/section>\n","protected":false},"excerpt":{"rendered":"","protected":false},"author":4,"featured_media":27219,"comment_status":"closed","ping_status":"closed","sticky":false,"template":"","format":"standard","meta":{"footnotes":""},"categories":[47],"tags":[],"class_list":["post-26655","post","type-post","status-publish","format-standard","has-post-thumbnail","hentry","category-news"],"acf":[],"_links":{"self":[{"href":"https:\/\/www.obalne-galerije.si\/en\/wp-json\/wp\/v2\/posts\/26655","targetHints":{"allow":["GET"]}}],"collection":[{"href":"https:\/\/www.obalne-galerije.si\/en\/wp-json\/wp\/v2\/posts"}],"about":[{"href":"https:\/\/www.obalne-galerije.si\/en\/wp-json\/wp\/v2\/types\/post"}],"author":[{"embeddable":true,"href":"https:\/\/www.obalne-galerije.si\/en\/wp-json\/wp\/v2\/users\/4"}],"replies":[{"embeddable":true,"href":"https:\/\/www.obalne-galerije.si\/en\/wp-json\/wp\/v2\/comments?post=26655"}],"version-history":[{"count":5,"href":"https:\/\/www.obalne-galerije.si\/en\/wp-json\/wp\/v2\/posts\/26655\/revisions"}],"predecessor-version":[{"id":27222,"href":"https:\/\/www.obalne-galerije.si\/en\/wp-json\/wp\/v2\/posts\/26655\/revisions\/27222"}],"wp:featuredmedia":[{"embeddable":true,"href":"https:\/\/www.obalne-galerije.si\/en\/wp-json\/wp\/v2\/media\/27219"}],"wp:attachment":[{"href":"https:\/\/www.obalne-galerije.si\/en\/wp-json\/wp\/v2\/media?parent=26655"}],"wp:term":[{"taxonomy":"category","embeddable":true,"href":"https:\/\/www.obalne-galerije.si\/en\/wp-json\/wp\/v2\/categories?post=26655"},{"taxonomy":"post_tag","embeddable":true,"href":"https:\/\/www.obalne-galerije.si\/en\/wp-json\/wp\/v2\/tags?post=26655"}],"curies":[{"name":"wp","href":"https:\/\/api.w.org\/{rel}","templated":true}]}}