{"id":26258,"date":"2025-11-25T11:51:41","date_gmt":"2025-11-25T10:51:41","guid":{"rendered":"https:\/\/www.obalne-galerije.si\/?p=26258"},"modified":"2025-12-08T14:48:03","modified_gmt":"2025-12-08T13:48:03","slug":"spekula-vii","status":"publish","type":"post","link":"https:\/\/www.obalne-galerije.si\/en\/spekula-vii\/","title":{"rendered":"SPEKULA VII"},"content":{"rendered":"<p><section class=\"kc-elm kc-css-355248 kc_row\"><div class=\"kc-row-container  kc-container\"><div class=\"kc-wrap-columns\"><div class=\"kc-elm kc-css-668171 kc_col-sm-12 kc_column kc_col-sm-12\"><div class=\"kc-col-container\"><\/div><\/div><\/div><\/div><\/section><section class=\"kc-elm kc-css-408004 kc_row\"><div class=\"kc-row-container  kc-container\"><div class=\"kc-wrap-columns\"><div class=\"kc-elm kc-css-835009 kc_col-of-5 kc_column kc_col-of-5\"><div class=\"kc-col-container\"><div class=\"kc-elm kc-css-942882 kc_shortcode kc_single_image\">\n\n        <img decoding=\"async\" src=\"https:\/\/www.obalne-galerije.si\/wp-content\/uploads\/2025\/11\/TVD2025_splet-ministrstvo-OpcijaA_02__FitMaxWzIwMDAsMjAwMCwiZmEyYzExZjQ4NiJd.png\" class=\"\" alt=\"\" \/>    <\/div>\n<\/div><\/div><div class=\"kc-elm kc-css-35314 kc_col-sm-3 kc_column kc_col-sm-3\"><div class=\"kc-col-container\"><\/div><\/div><div class=\"kc-elm kc-css-93859 kc_col-sm-3 kc_column kc_col-sm-3\"><div class=\"kc-col-container\"><\/div><\/div><div class=\"kc-elm kc-css-74648 kc_col-sm-3 kc_column kc_col-sm-3\"><div class=\"kc-col-container\"><\/div><\/div><\/div><\/div><\/section><section class=\"kc-elm kc-css-87206 kc_row\"><div class=\"kc-row-container  kc-container\"><div class=\"kc-wrap-columns\"><div class=\"kc-elm kc-css-999538 kc_col-sm-12 kc_column kc_col-sm-12\"><div class=\"kc-col-container\"><div class=\"kc-elm kc-css-964622\" style=\"height: 20px; clear: both; width:100%;\"><\/div><\/div><\/div><\/div><\/div><\/section><section class=\"kc-elm kc-css-858436 kc_row\"><div class=\"kc-row-container  kc-container\"><div class=\"kc-wrap-columns\"><div class=\"kc-elm kc-css-941262 kc_col-sm-6 kc_column kc_col-sm-6\"><div class=\"kc-col-container\"><div class=\"kc-elm kc-css-733844 kc_text_block\"><\/p>\n<p><strong>SPEKULA manifest VII |\u00a0<\/strong><br \/><strong>MATRIX &#8211; ALIENATED THOUGHT \/ Matrika &#8211; Odtujena misel |\u00a0<br \/>Lo\u017ea Gallery, 3.<\/strong><strong style=\"font-style: inherit; font-family: -apple-system, BlinkMacSystemFont,;\">12.2025 \u2013 28.02.2026.\u00a0<br \/><\/strong><strong>Opening: 3 October 2025, at 6 p.m. |\u00a0<\/strong><\/p>\n<p><strong><b>Exhibiting artists<\/b>:\u00a0ANDREJ SAVSKI, ZORA STAN\u010cI\u010c, \u010cRTOMIR FRELIH, MOJCA SMERDU |\u00a0<br \/>Visual arts and spatial installations | Curated by prof. Dr. Tilen \u017dbona.<\/strong><\/p>\n<p><strong><br \/><\/strong><\/p>\n<p><!--more--><\/p>\n<p>\n<\/div><div class=\"kc-elm kc-css-271489 kc_shortcode kc_single_image\">\n\n        <img decoding=\"async\" src=\"https:\/\/www.obalne-galerije.si\/wp-content\/uploads\/2025\/11\/SPEKULA-2025.png\" class=\"\" alt=\"\" \/>    <\/div>\n<div class=\"kc-elm kc-css-394468\" style=\"height: 20px; clear: both; width:100%;\"><\/div>\n<div class=\"kc-elm kc-css-651443\">\n\t<a class=\"kc_button\" href=\"https:\/\/www.obalne-galerije.si\/wp-content\/uploads\/2025\/11\/WEB_2_TISK-VABILO-KRIVULJE_2025-spekula.pdf\" target=\"_blank\" title=\"\" onclick=\"\">\n\t\t<i class=\"sl-paper-clip\"><\/i> Invitation - Spekula 2025\t<\/a>\n<\/div>\n<div class=\"kc-elm kc-css-428994\" style=\"height: 20px; clear: both; width:100%;\"><\/div>\n<div class=\"kc-elm kc-css-509761\">\n\t<a class=\"kc_button\" href=\"https:\/\/www.obalne-galerije.si\/wp-content\/uploads\/2025\/11\/WEB-TEXT-SPEKULA-VII_priponka.pdf\" target=\"_blank\" title=\"\" onclick=\"\">\n\t\t<i class=\"sl-paper-clip\"><\/i> Web text - Spekula 2025\t<\/a>\n<\/div>\n<div class=\"kc-elm kc-css-156002\" style=\"height: 20px; clear: both; width:100%;\"><\/div>\n<div class=\"kc-elm kc-css-561196\">\n\t<a class=\"kc_button\" href=\"https:\/\/www.obalne-galerije.si\/wp-content\/uploads\/2025\/12\/2_ENG_TEKST_BESEDILO_Spekula.pdf\" target=\"_blank\" title=\"\" onclick=\"\">\n\t\t<i class=\"sl-paper-clip\"><\/i> Exhibition text - Spekula 2025\t<\/a>\n<\/div>\n<div class=\"kc-elm kc-css-325410\" style=\"height: 20px; clear: both; width:100%;\"><\/div><\/div><\/div><div class=\"kc-elm kc-css-954400 kc_col-sm-6 kc_column kc_col-sm-6\"><div class=\"kc-col-container\"><div class=\"kc-elm kc-css-945699 kc_text_block\"><\/p>\n<p><i style=\"font-family: -apple-system, BlinkMacSystemFont, \" segoe=\"\" ui\",=\"\" roboto,=\"\" oxygen-sans,=\"\" ubuntu,=\"\" cantarell,=\"\" \"helvetica=\"\" neue\",=\"\" sans-serif;\"=\"\">Matrix \u2013 The Alienated Thought<\/i><span style=\"font-style: inherit; font-family: -apple-system, BlinkMacSystemFont, \" segoe=\"\" ui\",=\"\" roboto,=\"\" oxygen-sans,=\"\" ubuntu,=\"\" cantarell,=\"\" \"helvetica=\"\" neue\",=\"\" sans-serif;\"=\"\"> is the title of the seventh artistic manifestation Spekula. At a time when the specificity of media messages, carriers, and content generators intertwines with the thoughts of both narrower and broader groups of users, readers, and mediators, individual thought is increasingly exposed to algorithmic platforms of artificial intelligence \u2014 and thus to distorted truths. As a counterpoint to this generated reality and unreality, the exhibition titled <\/span><i style=\"font-family: -apple-system, BlinkMacSystemFont, \" segoe=\"\" ui\",=\"\" roboto,=\"\" oxygen-sans,=\"\" ubuntu,=\"\" cantarell,=\"\" \"helvetica=\"\" neue\",=\"\" sans-serif;\"=\"\">Matrix \u2013 The Alienated Thought <\/i><span style=\"font-style: inherit; font-family: -apple-system, BlinkMacSystemFont, \" segoe=\"\" ui\",=\"\" roboto,=\"\" oxygen-sans,=\"\" ubuntu,=\"\" cantarell,=\"\" \"helvetica=\"\" neue\",=\"\" sans-serif;\"=\"\">responds as a genuine and tangible experience of ideas and reflections by the artists Andrej Savski, Zora Stan\u010di\u010d, \u010crtomir Frelih, and Mojca Smerdu. The presented works are undoubtedly a transfer of the invisible into the visible realm \u2014 ideas embodied in matter, reaching deeply and concretely into the real experience of perceiving the given contents, concepts, contexts, and the artworks themselves. In this way, the seventh edition of the manifesto delves into the transmission of messages, meanings, and new genesis of reality.<\/span><\/p>\n<p><span style=\"font-weight: 400;\"><br \/><\/span><\/p>\n<p><span style=\"font-weight: 400;\"><i>Artistic director, prof. Dr. Tilen \u017dbona, University of Primorska.<\/i><\/span><\/p>\n<\/p>\n<p>\n<\/div><\/div><\/div><\/div><\/div><\/section><section class=\"kc-elm kc-css-215192 kc_row\"><div class=\"kc-row-container  kc-container\"><div class=\"kc-wrap-columns\"><div class=\"kc-elm kc-css-227485 kc_col-sm-12 kc_column kc_col-sm-12\"><div class=\"kc-col-container\">\n<div class=\"kc-elm kc-css-354655 divider_line\">\n\t<div class=\"divider_inner divider_line1\">\n\t\t\t<\/div>\n<\/div>\n<div class=\"kc-elm kc-css-521607\" style=\"height: 20px; clear: both; width:100%;\"><\/div>\n<div class=\"kc-elm kc-css-104068 kc-title-wrap \">\n\n\t<h3 class=\"kc_title\">EXHIBITING VIEW<\/h3>\n<\/div>\n<\/div><\/div><\/div><\/div><\/section><section class=\"kc-elm kc-css-795424 kc_row\"><div class=\"kc-row-container  kc-container\"><div class=\"kc-wrap-columns\"><div class=\"kc-elm kc-css-10946 kc_col-sm-6 kc_column kc_col-sm-6\"><div class=\"kc-col-container\"><div class=\"kc-elm kc-css-916036 kc_shortcode kc_single_image\">\n\n        <a  href=\"https:\/\/www.obalne-galerije.si\/wp-content\/uploads\/2025\/11\/5_2_Plakat-Andrej-Savski_pravi_1.pdf\" title=\"\" target=\"_blank\">\n        <img decoding=\"async\" src=\"https:\/\/www.obalne-galerije.si\/wp-content\/uploads\/2025\/11\/IMG_3867-scaled.jpg\" class=\"\" alt=\"\" \/>    <\/a>\n    <\/div>\n<div class=\"kc-elm kc-css-679629 kc_shortcode kc_single_image\">\n\n        <a  href=\"https:\/\/www.obalne-galerije.si\/wp-content\/uploads\/2025\/11\/5_2_PLAKAT_MOJCA-SMERDU-plakat.pdf\" title=\"\" target=\"_blank\">\n        <img decoding=\"async\" src=\"https:\/\/www.obalne-galerije.si\/wp-content\/uploads\/2025\/11\/IMG_3866-scaled.jpg\" class=\"\" alt=\"\" \/>    <\/a>\n    <\/div>\n<\/div><\/div><div class=\"kc-elm kc-css-336316 kc_col-sm-6 kc_column kc_col-sm-6\"><div class=\"kc-col-container\"><div class=\"kc-elm kc-css-771816 kc_shortcode kc_single_image\">\n\n        <a  href=\"https:\/\/www.obalne-galerije.si\/wp-content\/uploads\/2025\/11\/5_2_Plakat-Crtomir-Frelih_pravi__1.pdf\" title=\"\" target=\"_blank\">\n        <img decoding=\"async\" src=\"https:\/\/www.obalne-galerije.si\/wp-content\/uploads\/2025\/11\/IMG_3869-scaled.jpg\" class=\"\" alt=\"\" \/>    <\/a>\n    <\/div>\n<div class=\"kc-elm kc-css-892056 kc_shortcode kc_single_image\">\n\n        <a  href=\"https:\/\/www.obalne-galerije.si\/wp-content\/uploads\/2025\/11\/5_2_Plakat-Zora-Stancic_pravi__1.pdf\" title=\"\" target=\"_blank\">\n        <img decoding=\"async\" src=\"https:\/\/www.obalne-galerije.si\/wp-content\/uploads\/2025\/11\/IMG_3883-scaled.jpg\" class=\"\" alt=\"\" \/>    <\/a>\n    <\/div>\n<\/div><\/div><\/div><\/div><\/section><section class=\"kc-elm kc-css-450926 kc_row\"><div class=\"kc-row-container  kc-container\"><div class=\"kc-wrap-columns\"><div class=\"kc-elm kc-css-338612 kc_col-sm-12 kc_column kc_col-sm-12\"><div class=\"kc-col-container\">\n<div class=\"kc-elm kc-css-33927 divider_line\">\n\t<div class=\"divider_inner divider_line1\">\n\t\t\t<\/div>\n<\/div>\n<\/div><\/div><\/div><\/div><\/section><section class=\"kc-elm kc-css-901392 kc_row\"><div class=\"kc-row-container  kc-container\"><div class=\"kc-wrap-columns\"><div class=\"kc-elm kc-css-87119 kc_col-sm-12 kc_column kc_col-sm-12\"><div class=\"kc-col-container\"><div class=\"kc-elm kc-css-519910\" style=\"height: 50px; clear: both; width:100%;\"><\/div>\n<div class=\"kc-elm kc-css-37626 kc-title-wrap \">\n\n\t<h3 class=\"kc_title\">EXHIBITING ARTISTS<\/h3>\n<\/div>\n<\/div><\/div><\/div><\/div><\/section><section class=\"kc-elm kc-css-329329 kc_row\"><div class=\"kc-row-container  kc-container\"><div class=\"kc-wrap-columns\"><div class=\"kc-elm kc-css-777722 kc_col-sm-3 kc_column kc_col-sm-3\"><div class=\"kc-col-container\"><div class=\"kc-elm kc-css-778504 kc_shortcode kc_single_image\">\n\n        <a  href=\"https:\/\/www.obalne-galerije.si\/wp-content\/uploads\/2025\/11\/5_2_Plakat-Andrej-Savski_pravi_1.pdf\" title=\"\" target=\"_blank\">\n        <img decoding=\"async\" src=\"https:\/\/www.obalne-galerije.si\/wp-content\/uploads\/2025\/11\/ANDREJ-SAVSKI-WEB_1.png\" class=\"\" alt=\"\" \/>    <\/a>\n    <\/div>\n<div class=\"kc-elm kc-css-891543\" style=\"height: 20px; clear: both; width:100%;\"><\/div><\/div><\/div><div class=\"kc-elm kc-css-772534 kc_col-sm-3 kc_column kc_col-sm-3\"><div class=\"kc-col-container\"><div class=\"kc-elm kc-css-694878 kc_shortcode kc_single_image\">\n\n        <a  href=\"https:\/\/www.obalne-galerije.si\/wp-content\/uploads\/2025\/11\/5_2_Plakat-Crtomir-Frelih_pravi__1.pdf\" title=\"\" target=\"_blank\">\n        <img decoding=\"async\" src=\"https:\/\/www.obalne-galerije.si\/wp-content\/uploads\/2025\/11\/CRTOMIR-FRELIH-WEB_1.png\" class=\"\" alt=\"\" \/>    <\/a>\n    <\/div>\n<div class=\"kc-elm kc-css-809227\" style=\"height: 20px; clear: both; width:100%;\"><\/div><\/div><\/div><div class=\"kc-elm kc-css-310837 kc_col-sm-3 kc_column kc_col-sm-3\"><div class=\"kc-col-container\"><div class=\"kc-elm kc-css-28611 kc_shortcode kc_single_image\">\n\n        <a  href=\"https:\/\/www.obalne-galerije.si\/wp-content\/uploads\/2025\/11\/5_2_PLAKAT_MOJCA-SMERDU-plakat.pdf\" title=\"\" target=\"_blank\">\n        <img decoding=\"async\" src=\"https:\/\/www.obalne-galerije.si\/wp-content\/uploads\/2025\/11\/Screenshot-2025-11-24-alle-22.04.102.jpg\" class=\"\" alt=\"\" \/>    <\/a>\n    <\/div>\n<div class=\"kc-elm kc-css-35376\" style=\"height: 20px; clear: both; width:100%;\"><\/div><\/div><\/div><div class=\"kc-elm kc-css-729388 kc_col-sm-3 kc_column kc_col-sm-3\"><div class=\"kc-col-container\"><div class=\"kc-elm kc-css-203970 kc_shortcode kc_single_image\">\n\n        <a  href=\"https:\/\/www.obalne-galerije.si\/wp-content\/uploads\/2025\/11\/5_2_Plakat-Zora-Stancic_pravi__1.pdf\" title=\"\" target=\"_blank\">\n        <img decoding=\"async\" src=\"https:\/\/www.obalne-galerije.si\/wp-content\/uploads\/2025\/11\/Screenshot-2025-11-24-alle-22.02.28.png\" class=\"\" alt=\"\" \/>    <\/a>\n    <\/div>\n<div class=\"kc-elm kc-css-839921\" style=\"height: 20px; clear: both; width:100%;\"><\/div><\/div><\/div><\/div><\/div><\/section><\/p>\n","protected":false},"excerpt":{"rendered":"<p>SPEKULA manifest VII |\u00a0MATRIX &#8211; ALIENATED THOUGHT \/ Matrika &#8211; Odtujena misel |\u00a0Lo\u017ea Gallery, 3.12.2025 \u2013 28.02.2026.\u00a0Opening: 3 October 2025, at 6 p.m. |\u00a0 Exhibiting artists:\u00a0ANDREJ SAVSKI, ZORA STAN\u010cI\u010c, \u010cRTOMIR FRELIH, MOJCA SMERDU |\u00a0Visual arts and spatial installations | Curated by prof. Dr. Tilen \u017dbona.<\/p>\n","protected":false},"author":4,"featured_media":26290,"comment_status":"closed","ping_status":"closed","sticky":false,"template":"","format":"standard","meta":{"footnotes":""},"categories":[79,41,47],"tags":[],"class_list":["post-26258","post","type-post","status-publish","format-standard","has-post-thumbnail","hentry","category-exhibitions","category-loza-gallery","category-news"],"acf":[],"_links":{"self":[{"href":"https:\/\/www.obalne-galerije.si\/en\/wp-json\/wp\/v2\/posts\/26258","targetHints":{"allow":["GET"]}}],"collection":[{"href":"https:\/\/www.obalne-galerije.si\/en\/wp-json\/wp\/v2\/posts"}],"about":[{"href":"https:\/\/www.obalne-galerije.si\/en\/wp-json\/wp\/v2\/types\/post"}],"author":[{"embeddable":true,"href":"https:\/\/www.obalne-galerije.si\/en\/wp-json\/wp\/v2\/users\/4"}],"replies":[{"embeddable":true,"href":"https:\/\/www.obalne-galerije.si\/en\/wp-json\/wp\/v2\/comments?post=26258"}],"version-history":[{"count":4,"href":"https:\/\/www.obalne-galerije.si\/en\/wp-json\/wp\/v2\/posts\/26258\/revisions"}],"predecessor-version":[{"id":26580,"href":"https:\/\/www.obalne-galerije.si\/en\/wp-json\/wp\/v2\/posts\/26258\/revisions\/26580"}],"wp:featuredmedia":[{"embeddable":true,"href":"https:\/\/www.obalne-galerije.si\/en\/wp-json\/wp\/v2\/media\/26290"}],"wp:attachment":[{"href":"https:\/\/www.obalne-galerije.si\/en\/wp-json\/wp\/v2\/media?parent=26258"}],"wp:term":[{"taxonomy":"category","embeddable":true,"href":"https:\/\/www.obalne-galerije.si\/en\/wp-json\/wp\/v2\/categories?post=26258"},{"taxonomy":"post_tag","embeddable":true,"href":"https:\/\/www.obalne-galerije.si\/en\/wp-json\/wp\/v2\/tags?post=26258"}],"curies":[{"name":"wp","href":"https:\/\/api.w.org\/{rel}","templated":true}]}}