{"id":26075,"date":"2025-10-15T13:20:48","date_gmt":"2025-10-15T11:20:48","guid":{"rendered":"https:\/\/www.obalne-galerije.si\/?p=26075"},"modified":"2025-10-27T16:27:23","modified_gmt":"2025-10-27T15:27:23","slug":"28-festival-of-slovenian-film-portoroz","status":"publish","type":"post","link":"https:\/\/www.obalne-galerije.si\/en\/28-festival-of-slovenian-film-portoroz\/","title":{"rendered":"28\u00b0 FESTIVAL OF SLOVENIAN FILM PORTORO\u017d"},"content":{"rendered":"<p><section class=\"kc-elm kc-css-194531 kc_row\"><div class=\"kc-row-container  kc-container\"><div class=\"kc-wrap-columns\"><div class=\"kc-elm kc-css-846381 kc_col-sm-12 kc_column kc_col-sm-12\"><div class=\"kc-col-container\"><\/div><\/div><\/div><\/div><\/section><section class=\"kc-elm kc-css-331248 kc_row\"><div class=\"kc-row-container  kc-container\"><div class=\"kc-wrap-columns\"><div class=\"kc-elm kc-css-286119 kc_col-sm-6 kc_column kc_col-sm-6\"><div class=\"kc-col-container\"><div class=\"kc-elm kc-css-735347 kc_text_block\"><\/p>\n<p><strong>28\u00b0 Festival of Slovenian Film Portoro\u017e |<\/strong><br \/><strong>21-26 October 2025 |<\/strong><\/p>\n<p style=\"font-weight: 400;\"><strong>ROUND TABLE &#8211;<br \/>Wednesday, October 22, 2025, at 12.00 &#8211;<br \/>Green Hall, Avditorij Portoro\u017e:<\/strong><br \/><strong><em>The Role of Experimental <\/em><em>Cinema in Slovenian Cultural Landscape.<\/em><\/strong><\/p>\n<p><!--more--><\/p>\n<p>\n<\/div><div class=\"kc-elm kc-css-948165\" style=\"height: 20px; clear: both; width:100%;\"><\/div>\n<div class=\"kc-elm kc-css-657261\">\n\t<a class=\"kc_button\" href=\"https:\/\/www.obalne-galerije.si\/wp-content\/uploads\/2025\/10\/28FSF_strokovniP_splet.pdf\" target=\"_blank\" title=\"\" onclick=\"\">\n\t\t<i class=\"sl-paper-clip\"><\/i> PROGRAM: DOWNLOAD\t<\/a>\n<\/div>\n<div class=\"kc-elm kc-css-590610\" style=\"height: 20px; clear: both; width:100%;\"><\/div><div class=\"kc-elm kc-css-376638 kc_shortcode kc_single_image\">\n\n        <img decoding=\"async\" src=\"https:\/\/www.obalne-galerije.si\/wp-content\/uploads\/2025\/10\/54874565535_3021f46a4c_o-scaled.jpg\" class=\"\" alt=\"\" \/>    <\/div>\n<div class=\"kc-elm kc-css-778761 kc_text_block\"><\/p>\n<p><small><em>Photo credit: Matja\u017e Ru\u0161t.<\/em><\/small><\/p>\n<p>\n<\/div><div class=\"kc-elm kc-css-977071\" style=\"height: 20px; clear: both; width:100%;\"><\/div><\/div><\/div><div class=\"kc-elm kc-css-497814 kc_col-sm-6 kc_column kc_col-sm-6\"><div class=\"kc-col-container\"><div class=\"kc-elm kc-css-312548 kc_text_block\"><\/p>\n<p><span style=\"font-style: inherit; font-family: -apple-system, BlinkMacSystemFont, \"Segoe UI\", Roboto, Oxygen-Sans, Ubuntu, Cantarell, \"Helvetica Neue\", sans-serif;\">The panel discussion looks into the state of experimental and avant-garde cinema in Slovenia and opens a critical and constructive space for public debate on its role in the broader cultural landscape. An art form that acts as an important counterweight to commercial cinema and a space for in-depth socio-critical reflection, experimental and avant-garde cinema often remains outside existing funding opportunities and classifications and, as a result, on the margins of Slovenian film production.<\/span><\/p>\n<p style=\"font-weight: 400;\">Mara Ambro\u017ei\u010d Verderber, director of the Piran Coastal Galleries, and Matev\u017e Jerman, curator of the Slovenian Cinematheque&#039;s experimental film collection, talk to Jasmina Cibic, Marina Gr\u017eini\u0107, Ema Kugler, and Na\u0161ko Kri\u017enar.<\/p>\n<p style=\"font-weight: 400;\"><em>In cooperation with the Piran Coastal Galleries. The project is supported by the Municipality of Piran.<\/em><\/p>\n<p>\n<\/div><\/div><\/div><\/div><\/div><\/section><\/p>\n","protected":false},"excerpt":{"rendered":"<p>28\u00b0 Festival of Slovenian Film Portoro\u017e |21-26 October 2025 | ROUND TABLE &#8211;Wednesday, October 22, 2025, at 12.00 &#8211;Green Hall, Avditorij Portoro\u017e:The Role of Experimental Cinema in Slovenian Cultural Landscape.<\/p>\n","protected":false},"author":4,"featured_media":26060,"comment_status":"closed","ping_status":"closed","sticky":false,"template":"","format":"standard","meta":{"footnotes":""},"categories":[98,47],"tags":[],"class_list":["post-26075","post","type-post","status-publish","format-standard","has-post-thumbnail","hentry","category-events","category-news"],"acf":[],"_links":{"self":[{"href":"https:\/\/www.obalne-galerije.si\/en\/wp-json\/wp\/v2\/posts\/26075","targetHints":{"allow":["GET"]}}],"collection":[{"href":"https:\/\/www.obalne-galerije.si\/en\/wp-json\/wp\/v2\/posts"}],"about":[{"href":"https:\/\/www.obalne-galerije.si\/en\/wp-json\/wp\/v2\/types\/post"}],"author":[{"embeddable":true,"href":"https:\/\/www.obalne-galerije.si\/en\/wp-json\/wp\/v2\/users\/4"}],"replies":[{"embeddable":true,"href":"https:\/\/www.obalne-galerije.si\/en\/wp-json\/wp\/v2\/comments?post=26075"}],"version-history":[{"count":4,"href":"https:\/\/www.obalne-galerije.si\/en\/wp-json\/wp\/v2\/posts\/26075\/revisions"}],"predecessor-version":[{"id":26150,"href":"https:\/\/www.obalne-galerije.si\/en\/wp-json\/wp\/v2\/posts\/26075\/revisions\/26150"}],"wp:featuredmedia":[{"embeddable":true,"href":"https:\/\/www.obalne-galerije.si\/en\/wp-json\/wp\/v2\/media\/26060"}],"wp:attachment":[{"href":"https:\/\/www.obalne-galerije.si\/en\/wp-json\/wp\/v2\/media?parent=26075"}],"wp:term":[{"taxonomy":"category","embeddable":true,"href":"https:\/\/www.obalne-galerije.si\/en\/wp-json\/wp\/v2\/categories?post=26075"},{"taxonomy":"post_tag","embeddable":true,"href":"https:\/\/www.obalne-galerije.si\/en\/wp-json\/wp\/v2\/tags?post=26075"}],"curies":[{"name":"wp","href":"https:\/\/api.w.org\/{rel}","templated":true}]}}