{"id":26052,"date":"2025-10-15T11:36:54","date_gmt":"2025-10-15T09:36:54","guid":{"rendered":"https:\/\/www.obalne-galerije.si\/?p=26052"},"modified":"2025-10-20T12:33:23","modified_gmt":"2025-10-20T10:33:23","slug":"13th-festival-of-contemporary-art-and-intermedia-art-izis-the-end-of-the-message","status":"publish","type":"post","link":"https:\/\/www.obalne-galerije.si\/en\/13th-festival-of-contemporary-art-and-intermedia-art-izis-the-end-of-the-message\/","title":{"rendered":"13th FESTIVAL OF CONTEMPORARY ART AND INTERMEDIA ART IZIS: END OF MESSAGE"},"content":{"rendered":"<p><section class=\"kc-elm kc-css-599955 kc_row\"><div class=\"kc-row-container  kc-container\"><div class=\"kc-wrap-columns\"><div class=\"kc-elm kc-css-95795 kc_col-sm-12 kc_column kc_col-sm-12\"><div class=\"kc-col-container\"><\/div><\/div><\/div><\/div><\/section><section class=\"kc-elm kc-css-142575 kc_row\"><div class=\"kc-row-container  kc-container\"><div class=\"kc-wrap-columns\"><div class=\"kc-elm kc-css-76541 kc_col-sm-6 kc_column kc_col-sm-6\"><div class=\"kc-col-container\"><div class=\"kc-elm kc-css-537302 kc_text_block\"><\/p>\n<p><strong>13th Festival of Contemporary and Intermedia Art IZIS: END OF MESSAGE |\u00a0<\/strong><\/p>\n<p><strong>October 17 \u2013 November 2, 2025, Gallery Lo\u017ea Koper;\u00a0<br \/>Opening: October 17, 7:00 p.m. |\u00a0<\/strong><\/p>\n<p><strong>Artists: Sara Bezov\u0161ek and Dorijan \u0160i\u0161ko, Sanela Jahi\u0107, PlateauResidue + Samo Kutin and Ena Grabjan, \u0160pela Petri\u010d, Maja Smrekar |\u00a0<\/strong><\/p>\n<p><strong>Curator: Irena Bori\u0107.\u00a0<\/strong><\/p>\n<p><!--more--><\/p>\n<p>\n<\/div><div class=\"kc-elm kc-css-148039\" style=\"height: 20px; clear: both; width:100%;\"><\/div>\n<div class=\"kc-elm kc-css-472254\">\n\t<a class=\"kc_button\" href=\"https:\/\/www.obalne-galerije.si\/wp-content\/uploads\/2025\/10\/IZIS_XIII_Vabilo_A4_SI-IT-EN.pdf\" target=\"_blank\" title=\"\" onclick=\"\">\n\t\t<i class=\"sl-paper-clip\"><\/i> INVITATION: DOWNLOAD\t<\/a>\n<\/div>\n<div class=\"kc-elm kc-css-128217\" style=\"height: 20px; clear: both; width:100%;\"><\/div><div class=\"kc-elm kc-css-291312 kc_shortcode kc_single_image\">\n\n        <img decoding=\"async\" src=\"https:\/\/www.obalne-galerije.si\/wp-content\/uploads\/2025\/10\/1_SPASM_by_Maja_Smrekar_a_political-scaled.jpg\" class=\"\" alt=\"\" \/>    <\/div>\n<div class=\"kc-elm kc-css-848385 kc_text_block\"><\/p>\n<p><small><em>Maja Smrekar fotografgija: navedba: SPASM by Maja Smrekar and A\/POLITICAL, 3D scan and rendering: FBFX Digital, 2024.<\/em><\/small><\/p>\n<p>\n<\/div><div class=\"kc-elm kc-css-61936 kc_shortcode kc_single_image\">\n\n        <img decoding=\"async\" src=\"https:\/\/www.obalne-galerije.si\/wp-content\/uploads\/2025\/10\/2_Plateauresidue-scaled.jpg\" class=\"\" alt=\"\" \/>    <\/div>\n<div class=\"kc-elm kc-css-753476 kc_text_block\"><\/p>\n<p><small><em>PlateauResidue + Samo Kutin in Enja Grabrijan: Anima Spirare: Eolova harfa, 2025.<\/em><\/small><\/p>\n<p>\n<\/div><div class=\"kc-elm kc-css-560173 kc_shortcode kc_single_image\">\n\n        <img decoding=\"async\" src=\"https:\/\/www.obalne-galerije.si\/wp-content\/uploads\/2025\/10\/3_Sanela-Jahic-scaled.jpg\" class=\"\" alt=\"\" \/>    <\/div>\n<div class=\"kc-elm kc-css-248693 kc_text_block\"><\/p>\n<p><small><em>Sanela Jahi\u0107: Ne umetni inteligenci, Da nefa\u0161isti\u010dnemu aparatu, 2023.<\/em><\/small><\/p>\n<p>\n<\/div><div class=\"kc-elm kc-css-820284\" style=\"height: 20px; clear: both; width:100%;\"><\/div><\/div><\/div><div class=\"kc-elm kc-css-283736 kc_col-sm-6 kc_column kc_col-sm-6\"><div class=\"kc-col-container\"><div class=\"kc-elm kc-css-605345 kc_text_block\"><\/p>\n<p><span style=\"font-weight: 400;\">The thirteenth edition of the IZIS Festival explores <\/span><b>informational noise<\/b><span style=\"font-weight: 400;\"> and examines the (im)possibilities of communication in the age of <\/span><b>communication capitalism<\/b><span style=\"font-weight: 400;\">. It asks what happens to a message in the mass of post-truths, misinformation, fake news, and the hyperinflation of images and content generated by machines\u2014\u201cbots\u201d or artificial intelligence. Does the message even have a recipient? How, in times of broken and meaningless circulation of information, can we address urgent questions and communicate differently?<\/span><\/p>\n<p><span style=\"font-weight: 400;\">The 2025 festival program extends across several venues in Koper \u2013 Gallery Lo\u017ea, Gravisi-Buttorai Palace Gallery, Bastion Fortress, and two standalone containers. This spatially fragmented edition, running from October 17 to November 3, connects various segments of the festival program \u2013 intermedia, music, and performance \u2013 emphasizing their conceptual interconnectedness.<\/span><\/p>\n<p><span style=\"font-weight: 400;\">At <\/span><b>Gallery Lo\u017ea<\/b><span style=\"font-weight: 400;\">, visitors can see the festival\u2019s central exhibition, <\/span><i><span style=\"font-weight: 400;\">End of Message<\/span><\/i><span style=\"font-weight: 400;\">, featuring works by <\/span><b>Sara Bezov\u0161ek and Dorijan \u0160i\u0161ko, Sanela Jahi\u0107, PlateauResidue + Samo Kutin and Ena Grabjan, \u0160pela Petri\u010d, and Maja Smrekar<\/b><span style=\"font-weight: 400;\">. The standard email abbreviation \u201cEOM\u201d (\u201cend of message\u201d), which signals that no reply is expected, here functions as a <\/span><b>metaphor for the broken and senseless circulation of information<\/b><span style=\"font-weight: 400;\">. The space of dialogue becomes blurred by the ever-growing background noise of communication; the exhibition thus addresses different facets of (mis)understanding between human and more-than-human worlds.<\/span><\/p>\n<p><b>Sara Bezov\u0161ek and Dorijan \u0160i\u0161ko<\/b><span style=\"font-weight: 400;\">, in their work <\/span><i><span style=\"font-weight: 400;\">Black Box<\/span><\/i><span style=\"font-weight: 400;\">, illustrate the ideological and identity-conditioned nature of communication in the digital sphere. The video game format offers insight into a memetic landscape one can navigate only through the choice of various \u201cpills\u201d\u2014except that the choice may not entirely be one\u2019s own. The black box represents a fragment of a system where ideological and identity-based inputs determine output reactions.<\/span><\/p>\n<p><span style=\"font-weight: 400;\">In the age of artificial intelligence, a message is no longer necessarily human, nor is a guided conversation necessarily inter-human. Yet, as <\/span><b>Sanela Jahi\u0107<\/b><span style=\"font-weight: 400;\"> reveals in her video work <\/span><i><span style=\"font-weight: 400;\">No to Artificial Intelligence, Yes to the Anti-Fascist Apparatus<\/span><\/i><span style=\"font-weight: 400;\">, the ways AI is used as a technological tool accelerate \u201ca shift toward authoritarianism present within the technology industry itself, in state politics and institutions, and in the rise of far-right political movements.\u201d Thus, AI is not a neutral technology\u2014it is again conditioned by ideological and identity-based power positions.<\/span><\/p>\n<p><b>Maja Smrekar\u2019s<\/b><span style=\"font-weight: 400;\"> photo-performance <\/span><i><span style=\"font-weight: 400;\">Spasm<\/span><\/i><span style=\"font-weight: 400;\"> depicts her body in a convulsive embrace with a machine. While we observe the sharp contrasts between skin and gleaming metal, we might not realize that we are not looking at the artist herself. Smrekar was scanned by 234 cameras to produce her hyper-detailed digital version. The work is a fragment of a video in progress that addresses themes of death and the illusion of overcoming it through technological means. Highlighting both human and technological uncertainty, the piece reveals how artificial intelligence can hallucinate us.<\/span><\/p>\n<p><span style=\"font-weight: 400;\">With a touch of humor, <\/span><b>\u0160pela Petri\u010d<\/b><span style=\"font-weight: 400;\"> speculatively explores the possibility of conversation between plants and humans. Starting from an anthropocentric position, she interprets thousands of stomata on a ficus leaf as \u201cmouths,\u201d and their opening and closing are analyzed with the help of a lip-reading expert and artificial intelligence. The absurdity of this interpretation illustrates the limitations of human perspective for such understanding.<\/span><\/p>\n<p><span style=\"font-weight: 400;\">The work <\/span><i><span style=\"font-weight: 400;\">Anima Spirare<\/span><\/i><span style=\"font-weight: 400;\">, a collaboration between <\/span><b>PlateauResidue, Samo Kutin, and Ena Grabjan<\/b><span style=\"font-weight: 400;\">, addresses the human inability to grasp the message that has always been present in the environment. <\/span><i><span style=\"font-weight: 400;\">Anima spirare<\/span><\/i><span style=\"font-weight: 400;\"> means \u201cto breathe out,\u201d pointing to an end that is not merely linguistic. The Aeolian harp, whose resonant board is made from a 6,500-year-old fir tree, performs the message of the wind\u2014a message that remains beyond human time and form, one we can only listen to.<\/span><\/p>\n<p><b>Supported by:<\/b><span style=\"font-weight: 400;\"> PiNA, HEKA, Stran22, Municipality of Koper, Ministry of Culture, JSKD \u2013 Public Fund of the Republic of Slovenia for Cultural Activities, Coastal Galleries of Piran, Italian Community \u201cSantorio Santorio\u201d Koper, Koper Regional Museum, University of Primorska, Faculty of Education \u2013 Visual Arts and Design, KUD Format, STARTS4WATERII, and V2.<\/span><\/p>\n<ul>\n<\/ul>\n<p><!--more--><\/p>\n<p>\n<\/div>\n<div class=\"kc-elm kc-css-577770 divider_line\">\n\t<div class=\"divider_inner divider_line1\">\n\t\t\t<\/div>\n<\/div>\n<div class=\"kc-elm kc-css-627766\" style=\"height: 20px; clear: both; width:100%;\"><\/div><\/div><\/div><\/div><\/div><\/section><section class=\"kc-elm kc-css-307725 kc_row\"><div class=\"kc-row-container  kc-container\"><div class=\"kc-wrap-columns\"><div class=\"kc-elm kc-css-527924 kc_col-sm-6 kc_column kc_col-sm-6\"><div class=\"kc-col-container\"><div class=\"kc-elm kc-css-861494 kc_shortcode kc_single_image\">\n\n        <img decoding=\"async\" src=\"https:\/\/www.obalne-galerije.si\/wp-content\/uploads\/2025\/10\/4_Black-Box_5-credit_-Sara-Bezovsek-Dorijan-Sisko.png\" class=\"\" alt=\"\" \/>    <\/div>\n<div class=\"kc-elm kc-css-228238 kc_text_block\"><\/p>\n<p><small><em>Sara Bezov\u0161ek, Dorijan \u0160i\u0161ko: \u010crna \u0161katla, 2025.<\/em><\/small><\/p>\n<p>\n<\/div><div class=\"kc-elm kc-css-368609 kc_shortcode kc_single_image\">\n\n        <img decoding=\"async\" src=\"https:\/\/www.obalne-galerije.si\/wp-content\/uploads\/2025\/10\/5_IFIL_ReadingLips@author_SpelaPetric_author-of-photo_SpelaPetric-scaled.jpg\" class=\"\" alt=\"\" \/>    <\/div>\n<div class=\"kc-elm kc-css-654443 kc_text_block\"><\/p>\n<p><small><em>\u0160pela Petri\u010d, Institut za nezaznavne jezike: branje ustnic, 2025.<\/em><\/small><\/p>\n<p>\n<\/div><div class=\"kc-elm kc-css-156129\" style=\"height: 20px; clear: both; width:100%;\"><\/div><\/div><\/div><div class=\"kc-elm kc-css-899390 kc_col-sm-6 kc_column kc_col-sm-6\"><div class=\"kc-col-container\"><div class=\"kc-elm kc-css-168959 kc_text_block\"><\/p>\n<h3><b style=\"font-size: 1em; font-style: inherit; font-family: -apple-system, BlinkMacSystemFont,;\">END OF MESSAGE<\/b><\/h3>\n<p><span style=\"font-weight: 400;\">\u201cThe most powerful media organizations of the twenty-first century will be thermal. The circulation of images, sounds, videos, and texts will depend on an extensive regime of heating and cooling. Data and networks, like the people they connect, will become increasingly fragile. If it\u2019s too hot or too cold, platforms will collapse. Digital infrastructure\u2014data centers, network hubs, and fiber-optic cables\u2014will drain the planet\u2019s energy to maintain a stable thermal environment\u2014not for people, but for information.\u201d<\/span><span style=\"font-weight: 400;\"><br \/><\/span><span style=\"font-weight: 400;\">\u2014 <\/span><i><span style=\"font-weight: 400;\">Nicole Starosielski, Media Hot and Cold, 2022<\/span><\/i><\/p>\n<p><span style=\"font-weight: 400;\">The thirteenth edition of the IZIS Festival explores informational noise and the (im)possibilities of communication in the age of communication capitalism. It asks what happens to a message amidst post-truths, misinformation, fake news, the hyperinflation of images, and machine-generated content such as bots or artificial intelligence. How do gossip, advertisements, recommendations, viral videos, private and public footage from war zones, or disaster images affect messages circulating within the same communicative space? Perhaps it depends on whose perspective we adopt.<\/span><\/p>\n<p><span style=\"font-weight: 400;\">From a human viewpoint, the content of a message is shaped by cultural, linguistic, and other factors; for machines, it is purely a matter of calculation. In the <\/span><b>Shannon\u2013Weaver communication model<\/b><span style=\"font-weight: 400;\">, background noise contextualizes information, and information requires noise for successful transmission\u2014in other words, <\/span><i><span style=\"font-weight: 400;\">without noise, there is no information.<\/span><\/i><span style=\"font-weight: 400;\"> Yet, receiving information is not the same as understanding the external world. As artist and writer <\/span><b>Trevor Paglen<\/b><span style=\"font-weight: 400;\"> notes, \u201cthe gap between what we sense and what we perceive can be filled with all kinds of direct injections and contradictory hallucinations. Reality thus becomes a complex entanglement of the material, the imaginary, the perceptible, and the imperceptible\u2014all of which can be manipulated.\u201d<\/span><\/p>\n<p><span style=\"font-weight: 400;\">So what happens to meaning when messages circulate in an environment where, as Paglen writes, \u201cnew forms of media produce and persuade, modulate and manipulate, shape worldviews and actions, to make us believe what they want us to believe, and to extract value and influence from us\u201d?<\/span><\/p>\n<p><span style=\"font-weight: 400;\">\u201cEnd of message\u201d (EOM) is a standard marker used in email correspondence to indicate that no reply is expected. Within this year\u2019s IZIS, it becomes a <\/span><b>metaphor for broken, meaningless, and interrupted communication<\/b><span style=\"font-weight: 400;\">, which neither sustains dialogue nor requires a recipient for its existence. The endless proliferation of content that may never reach its recipient illustrates the subordination of communication to economic logic: <\/span><i><span style=\"font-weight: 400;\">quantity overwhelms quality.<\/span><\/i><span style=\"font-weight: 400;\"> In this mechanical theater, everyone participates\u2014from humans to bots and generative AI\u2014each mimicking the other without knowing who is speaking to whom.<\/span><\/p>\n<p><span style=\"font-weight: 400;\">In this <\/span><b>hyper-profitable environment<\/b><span style=\"font-weight: 400;\">, one can sense the rot of the internet\u2019s corpse adapting to the priorities of individual platforms that, in turn, shape digital subjectivity. Thus, even though we are acutely aware of the images and reports of genocide in Palestine, political action to prevent it remains paralyzed\u2014the information simply <\/span><i><span style=\"font-weight: 400;\">is<\/span><\/i><span style=\"font-weight: 400;\">. It expects no response. As <\/span><b>James Bridle<\/b><span style=\"font-weight: 400;\"> writes in <\/span><i><span style=\"font-weight: 400;\">New Dark Age<\/span><\/i><span style=\"font-weight: 400;\">: \u201cInformation and violence are entirely and inextricably linked; the technologies designed to control the world accelerate the use of information as a weapon. Although the consequences are visible everywhere, we continue to overvalue information, locking ourselves into recurring cycles of violence, destruction, and death.\u201d<\/span><\/p>\n<p><span style=\"font-weight: 400;\">Ironically, because the sphere of data and information operates within the abstract time and space of capital, the <\/span><b>material consequences<\/b><span style=\"font-weight: 400;\"> of communication infrastructures threaten the very conditions of life. Access to cheap energy not only presupposes human conflict but also results in a massive carbon footprint, pollution, electronic waste, and raw material extraction. Thus, the \u201cend of message\u201d that the festival addresses also encompasses the material layer that makes the message possible\u2014not the material conditions of producing information, but the diverse human and more-than-human perspectives that unfold different facets of (mis)understanding.<\/span><\/p>\n<p><b>Irena Bori\u0107, Curator of IZIS<\/b><\/p>\n<p><b>References:<\/b><\/p>\n<ul>\n<li style=\"font-weight: 400;\" aria-level=\"1\"><span style=\"font-weight: 400;\">James Bridle, <\/span><i><span style=\"font-weight: 400;\">New Dark Age: Technology and the End of the Future<\/span><\/i><span style=\"font-weight: 400;\"> (Verso, 2018)<\/span><\/li>\n<li style=\"font-weight: 400;\" aria-level=\"1\"><span style=\"font-weight: 400;\">Rosa Menkman, <\/span><i><span style=\"font-weight: 400;\">The Glitch Moment(um)<\/span><\/i><span style=\"font-weight: 400;\"> (Institute of Network Cultures, 2011)<\/span><\/li>\n<li style=\"font-weight: 400;\" aria-level=\"1\"><span style=\"font-weight: 400;\">Trevor Paglen, \u201cSociety of the Psyop, Part 2: AI, Mind Control, and Magic,\u201d <\/span><i><span style=\"font-weight: 400;\">e-flux Journal<\/span><\/i><span style=\"font-weight: 400;\">, no. 148, Oct. 2024<\/span><\/li>\n<li style=\"font-weight: 400;\" aria-level=\"1\"><span style=\"font-weight: 400;\">Trevor Paglen, \u201cSociety of the Psyop, Part 3: Cognition and Chaos,\u201d <\/span><i><span style=\"font-weight: 400;\">e-flux Journal<\/span><\/i><span style=\"font-weight: 400;\">, no. 149, Nov. 2024<\/span><\/li>\n<li style=\"font-weight: 400;\" aria-level=\"1\"><span style=\"font-weight: 400;\">Hito Steyerl, <\/span><i><span style=\"font-weight: 400;\">Medium Hot: Images in the Age of Heat<\/span><\/i><span style=\"font-weight: 400;\"> (Verso Books, 2025)<\/span><\/li>\n<\/ul>\n<p><!--more--><\/p>\n<p>\n<\/div><\/div><\/div><\/div><\/div><\/section><section class=\"kc-elm kc-css-8389 kc_row\"><div class=\"kc-row-container  kc-container\"><div class=\"kc-wrap-columns\"><div class=\"kc-elm kc-css-619422 kc_col-sm-12 kc_column kc_col-sm-12\"><div class=\"kc-col-container\"><div class=\"kc-elm kc-css-908097\" style=\"height: 50px; clear: both; width:100%;\"><\/div><\/div><\/div><\/div><\/div><\/section><section class=\"kc-elm kc-css-101144 kc_row\"><div class=\"kc-row-container  kc-container\"><div class=\"kc-wrap-columns\"><div class=\"kc-elm kc-css-94369 kc_col-sm-6 kc_column kc_col-sm-6\"><div class=\"kc-col-container\"><div class=\"kc-elm kc-css-456714 kc_text_block\"><\/p>\n<h4>NEW SCHEDULE DURING THE EXHIBITION:<\/h4>\n<ul>\n<li>Monday\u2013Friday: 16.00\u201320.00<\/li>\n<li>Saturday and Sunday: 10.00\u201313.00, 17.00\u201320.00<\/li>\n<\/ul>\n<p>\n<\/div><\/div><\/div><div class=\"kc-elm kc-css-665490 kc_col-sm-6 kc_column kc_col-sm-6\"><div class=\"kc-col-container\"><div class=\"kc-elm kc-css-146332 kc_text_block\"><\/p>\n<h4>GUIDED TOURS:<\/h4>\n<ul>\n<li><strong>18.10., 11.00<\/strong>, Lo\u017ea Gallery<\/li>\n<li><strong>24.10., 17.00<\/strong>, Lo\u017ea Gallery<\/li>\n<li><strong>31.10., 17.00<\/strong>, Lo\u017ea Gallery<\/li>\n<\/ul>\n<p>\n<\/div><\/div><\/div><\/div><\/div><\/section><section class=\"kc-elm kc-css-263422 kc_row\"><div class=\"kc-row-container  kc-container\"><div class=\"kc-wrap-columns\"><div class=\"kc-elm kc-css-429387 kc_col-sm-12 kc_column kc_col-sm-12\"><div class=\"kc-col-container\"><div class=\"kc-elm kc-css-748469\" style=\"height: 100px; clear: both; width:100%;\"><\/div><\/div><\/div><\/div><\/div><\/section><section class=\"kc-elm kc-css-535017 kc_row\"><div class=\"kc-row-container  kc-container\"><div class=\"kc-wrap-columns\"><div class=\"kc-elm kc-css-180277 kc_col-sm-3 kc_column kc_col-sm-3\"><div class=\"kc-col-container\"><div class=\"kc-elm kc-css-119770 kc_shortcode kc_single_image\">\n\n        <img decoding=\"async\" src=\"https:\/\/www.obalne-galerije.si\/wp-content\/uploads\/2025\/10\/FEED-1080x1350-2025-IG-STORIES-1080x1920-1.jpg\" class=\"\" alt=\"\" \/>    <\/div>\n<\/div><\/div><div class=\"kc-elm kc-css-602720 kc_col-sm-3 kc_column kc_col-sm-3\"><div class=\"kc-col-container\"><\/div><\/div><div class=\"kc-elm kc-css-648413 kc_col-sm-3 kc_column kc_col-sm-3\"><div class=\"kc-col-container\"><\/div><\/div><div class=\"kc-elm kc-css-103513 kc_col-sm-3 kc_column kc_col-sm-3\"><div class=\"kc-col-container\"><\/div><\/div><\/div><\/div><\/section><\/p>\n","protected":false},"excerpt":{"rendered":"<p>13th Festival of Contemporary and Intermedia Art IZIS: END OF MESSAGE |\u00a0 October 17 \u2013 November 2, 2025, Gallery Lo\u017ea Koper;\u00a0Opening: October 17, 7:00 p.m. |\u00a0 Artists: Sara Bezov\u0161ek and Dorijan \u0160i\u0161ko, Sanela Jahi\u0107, PlateauResidue + Samo Kutin and Ena Grabjan, \u0160pela Petri\u010d, Maja Smrekar |\u00a0 Curator: Irena Bori\u0107.\u00a0<\/p>\n","protected":false},"author":4,"featured_media":26134,"comment_status":"closed","ping_status":"closed","sticky":false,"template":"","format":"standard","meta":{"footnotes":""},"categories":[98,79,41,47],"tags":[],"class_list":["post-26052","post","type-post","status-publish","format-standard","has-post-thumbnail","hentry","category-events","category-exhibitions","category-loza-gallery","category-news"],"acf":[],"_links":{"self":[{"href":"https:\/\/www.obalne-galerije.si\/en\/wp-json\/wp\/v2\/posts\/26052","targetHints":{"allow":["GET"]}}],"collection":[{"href":"https:\/\/www.obalne-galerije.si\/en\/wp-json\/wp\/v2\/posts"}],"about":[{"href":"https:\/\/www.obalne-galerije.si\/en\/wp-json\/wp\/v2\/types\/post"}],"author":[{"embeddable":true,"href":"https:\/\/www.obalne-galerije.si\/en\/wp-json\/wp\/v2\/users\/4"}],"replies":[{"embeddable":true,"href":"https:\/\/www.obalne-galerije.si\/en\/wp-json\/wp\/v2\/comments?post=26052"}],"version-history":[{"count":4,"href":"https:\/\/www.obalne-galerije.si\/en\/wp-json\/wp\/v2\/posts\/26052\/revisions"}],"predecessor-version":[{"id":26142,"href":"https:\/\/www.obalne-galerije.si\/en\/wp-json\/wp\/v2\/posts\/26052\/revisions\/26142"}],"wp:featuredmedia":[{"embeddable":true,"href":"https:\/\/www.obalne-galerije.si\/en\/wp-json\/wp\/v2\/media\/26134"}],"wp:attachment":[{"href":"https:\/\/www.obalne-galerije.si\/en\/wp-json\/wp\/v2\/media?parent=26052"}],"wp:term":[{"taxonomy":"category","embeddable":true,"href":"https:\/\/www.obalne-galerije.si\/en\/wp-json\/wp\/v2\/categories?post=26052"},{"taxonomy":"post_tag","embeddable":true,"href":"https:\/\/www.obalne-galerije.si\/en\/wp-json\/wp\/v2\/tags?post=26052"}],"curies":[{"name":"wp","href":"https:\/\/api.w.org\/{rel}","templated":true}]}}