{"id":25720,"date":"2025-09-11T06:27:32","date_gmt":"2025-09-11T04:27:32","guid":{"rendered":"https:\/\/www.obalne-galerije.si\/?p=25720"},"modified":"2025-09-12T14:27:59","modified_gmt":"2025-09-12T12:27:59","slug":"notice-closure-of-the-herman-pecaric-gallery-for-renovation-works","status":"publish","type":"post","link":"https:\/\/www.obalne-galerije.si\/en\/notice-closure-of-the-herman-pecaric-gallery-for-renovation-works\/","title":{"rendered":"NOTICE: CLOSURE OF THE HERMAN PE\u010cARI\u010c GALLERY FOR RENOVATION WORKS"},"content":{"rendered":"<p><section class=\"kc-elm kc-css-689983 kc_row\"><div class=\"kc-row-container  kc-container\"><div class=\"kc-wrap-columns\"><div class=\"kc-elm kc-css-590870 kc_col-sm-12 kc_column kc_col-sm-12\"><div class=\"kc-col-container\"><\/div><\/div><\/div><\/div><\/section><section class=\"kc-elm kc-css-864424 kc_row\"><div class=\"kc-row-container  kc-container\"><div class=\"kc-wrap-columns\"><div class=\"kc-elm kc-css-305950 kc_col-sm-6 kc_column kc_col-sm-6\"><div class=\"kc-col-container\"><div class=\"kc-elm kc-css-738060 kc_shortcode kc_single_image\">\n\n        <img decoding=\"async\" src=\"https:\/\/www.obalne-galerije.si\/wp-content\/uploads\/2025\/09\/Herman-Pecaric-gradbeni-oder.jpg\" class=\"\" alt=\"\" \/>    <\/div>\n<div class=\"kc-elm kc-css-212079\" style=\"height: 20px; clear: both; width:100%;\"><\/div><\/div><\/div><div class=\"kc-elm kc-css-261515 kc_col-sm-6 kc_column kc_col-sm-6\"><div class=\"kc-col-container\"><div class=\"kc-elm kc_text_block\"><\/p>\n<p>We inform the esteemed public that the Municipality of Piran, together with the contractors, has begun renovation work on the fa\u00e7ade and interior of the Herman Pe\u010dari\u010d Gallery in Piran. The gallery will remain closed until the completion of the renovation.<\/p>\n<p>For this reason, the exhibition by Lev Ambro\u017e Okorn has been moved to the Piran City Gallery, where visitors can view it in a safe and relaxed environment, as part of the group exhibition Ex-tempore Piran 2025.<\/p>\n<p>Piran Coastal Galleries would like to take this opportunity to sincerely thank their founder, the Municipality of Piran, for its responsible and understanding approach that has made this much-needed renovation possible \u2013 for the benefit of artists, visitors, travelers, and citizens alike.<\/p>\n<p>\n<\/div><\/div><\/div><\/div><\/div><\/section><\/p>\n","protected":false},"excerpt":{"rendered":"","protected":false},"author":4,"featured_media":25712,"comment_status":"closed","ping_status":"closed","sticky":false,"template":"","format":"standard","meta":{"footnotes":""},"categories":[39,47],"tags":[],"class_list":["post-25720","post","type-post","status-publish","format-standard","has-post-thumbnail","hentry","category-herman-pecaric-gallery","category-news"],"acf":[],"_links":{"self":[{"href":"https:\/\/www.obalne-galerije.si\/en\/wp-json\/wp\/v2\/posts\/25720","targetHints":{"allow":["GET"]}}],"collection":[{"href":"https:\/\/www.obalne-galerije.si\/en\/wp-json\/wp\/v2\/posts"}],"about":[{"href":"https:\/\/www.obalne-galerije.si\/en\/wp-json\/wp\/v2\/types\/post"}],"author":[{"embeddable":true,"href":"https:\/\/www.obalne-galerije.si\/en\/wp-json\/wp\/v2\/users\/4"}],"replies":[{"embeddable":true,"href":"https:\/\/www.obalne-galerije.si\/en\/wp-json\/wp\/v2\/comments?post=25720"}],"version-history":[{"count":2,"href":"https:\/\/www.obalne-galerije.si\/en\/wp-json\/wp\/v2\/posts\/25720\/revisions"}],"predecessor-version":[{"id":25722,"href":"https:\/\/www.obalne-galerije.si\/en\/wp-json\/wp\/v2\/posts\/25720\/revisions\/25722"}],"wp:featuredmedia":[{"embeddable":true,"href":"https:\/\/www.obalne-galerije.si\/en\/wp-json\/wp\/v2\/media\/25712"}],"wp:attachment":[{"href":"https:\/\/www.obalne-galerije.si\/en\/wp-json\/wp\/v2\/media?parent=25720"}],"wp:term":[{"taxonomy":"category","embeddable":true,"href":"https:\/\/www.obalne-galerije.si\/en\/wp-json\/wp\/v2\/categories?post=25720"},{"taxonomy":"post_tag","embeddable":true,"href":"https:\/\/www.obalne-galerije.si\/en\/wp-json\/wp\/v2\/tags?post=25720"}],"curies":[{"name":"wp","href":"https:\/\/api.w.org\/{rel}","templated":true}]}}