{"id":25656,"date":"2025-09-07T09:59:56","date_gmt":"2025-09-07T07:59:56","guid":{"rendered":"https:\/\/www.obalne-galerije.si\/?p=25656"},"modified":"2025-09-11T10:15:08","modified_gmt":"2025-09-11T08:15:08","slug":"ex-tempore-piran-2025-closing-ceremony","status":"publish","type":"post","link":"https:\/\/www.obalne-galerije.si\/en\/ex-tempore-piran-2025-closing-ceremony\/","title":{"rendered":"EX-TEMPORE PIRAN 2025: CLOSING CEREMONY"},"content":{"rendered":"<p><section class=\"kc-elm kc-css-893427 kc_row\"><div class=\"kc-row-container  kc-container\"><div class=\"kc-wrap-columns\"><div class=\"kc-elm kc-css-494845 kc_col-sm-12 kc_column kc_col-sm-12\"><div class=\"kc-col-container\"><\/div><\/div><\/div><\/div><\/section><section class=\"kc-elm kc-css-636781 kc_row\"><div class=\"kc-row-container  kc-container\"><div class=\"kc-wrap-columns\"><div class=\"kc-elm kc-css-42459 kc_col-sm-12 kc_column kc_col-sm-12\"><div class=\"kc-col-container\"><\/div><\/div><\/div><\/div><\/section><section class=\"kc-elm kc-css-918661 kc_row\"><div class=\"kc-row-container  kc-container\"><div class=\"kc-wrap-columns\"><div class=\"kc-elm kc-css-507853 kc_col-sm-6 kc_column kc_col-sm-6\"><div class=\"kc-col-container\"><div class=\"kc-elm kc-css-743453 kc_shortcode kc_single_image\">\n\n        <img decoding=\"async\" src=\"https:\/\/www.obalne-galerije.si\/wp-content\/uploads\/2025\/09\/4H1A2818-scaled.jpg\" class=\"\" alt=\"\" \/>    <\/div>\n<div class=\"kc-elm kc-css-114706 kc_shortcode kc_single_image\">\n\n        <img decoding=\"async\" src=\"https:\/\/www.obalne-galerije.si\/wp-content\/uploads\/2025\/09\/4H1A2834-scaled.jpg\" class=\"\" alt=\"\" \/>    <\/div>\n<div class=\"kc-elm kc-css-347607 kc_shortcode kc_single_image\">\n\n        <img decoding=\"async\" src=\"https:\/\/www.obalne-galerije.si\/wp-content\/uploads\/2025\/09\/5F3A7048-scaled.jpg\" class=\"\" alt=\"\" \/>    <\/div>\n<div class=\"kc-elm kc-css-770896 kc_shortcode kc_single_image\">\n\n        <img decoding=\"async\" src=\"https:\/\/www.obalne-galerije.si\/wp-content\/uploads\/2025\/09\/5F3A7219-scaled.jpg\" class=\"\" alt=\"\" \/>    <\/div>\n<div class=\"kc-elm kc-css-665458 kc_shortcode kc_single_image\">\n\n        <img decoding=\"async\" src=\"https:\/\/www.obalne-galerije.si\/wp-content\/uploads\/2025\/09\/5F3A7184-scaled.jpg\" class=\"\" alt=\"\" \/>    <\/div>\n<div class=\"kc-elm kc-css-267602 kc_text_block\"><\/p>\n<p><em>Foto: Obalne galerije Piran \/ Jadran Rusjan, 2025.<\/em><\/p>\n<p>\n<\/div><div class=\"kc-elm kc-css-118311\" style=\"height: 20px; clear: both; width:100%;\"><\/div><\/div><\/div><div class=\"kc-elm kc-css-594560 kc_col-sm-6 kc_column kc_col-sm-6\"><div class=\"kc-col-container\"><div class=\"kc-elm kc-css-795460 kc_text_block\"><\/p>\n<p>At the closing ceremony, held on Tartini Square on Saturday, September 6, 2025, more than 250 visitors attended the award presentation and the opening of the exhibition at the Piran City Gallery. The celebration, directed by Igor Jelen (Iggy), unfolded in a pleasant atmosphere, in the company of this year\u2019s award winners, collectors, numerous participants, and art enthusiasts. The event was enriched by performances of cellist Bernardo Brizani, tenor \u017diga Lakner, and violin professor Alenka Semeja-Me\u017ean.<u><\/u><u><\/u><\/p>\n<p>The\u00a0<strong>60th International Painting Ex-tempore Piran 2025<\/strong>\u00a0recorded a high number of applications (241 artists). A total of 213 works were submitted, including 18 children\u2019s works. The international jury (Stephanie Per\u0161i\u0107, Croatia; Renzo Grigolon, Italy; Jadranka Plut, Slovenia) selected 100 works for the two exhibitions, installed at the Monfort Gallery in Portoro\u017e and the City Gallery of Piran, and awarded the main prizes among 20 purchase prizes and other awards. Among these, two stand out: the\u00a0<strong>Youth Prize (JULIJA BRAJNIK VOL\u010cI\u010c, Slovenia)<\/strong>\u00a0and the\u00a0<strong>Grand Prix (SUZANA BRBOROVI\u0106, Slovenia)<\/strong>, both awarded by the Coastal Galleries of Piran.<u><\/u><u><\/u><\/p>\n<p>The Director of the Coastal Galleries of Piran,\u00a0<strong>Mara Ambro\u017ei\u010d Verderber<\/strong>, who formally opened the event, stated:<u><\/u><u><\/u><\/p>\n<\/p>\n<p><i>\u201cThe renowned Primorska painter, Zvest Apollonio, the very first winner of Ex-tempore Piran 60 years ago, already predicted a long and prestigious future for this event, which also demonstrates the strength of artistic intuition.<u><\/u><u><\/u><\/i><\/p>\n<p><i>This year, we are also delighted by the increased number of purchase prizes on the occasion of the 60th anniversary, which is a sign of the valuable commitment of local collectors to acquire works of art and support the mission of the Coastal Galleries of Piran. Altogether, this represents a significant contribution to the development of tradition, living heritage, and art in our coastal environment.<u><\/u><u><\/u><\/i><\/p>\n<p><i>My heartfelt thanks go to the team of the Coastal Galleries of Piran, who have been preparing this event with passion and dedication for months. This year, we managed to set up two remarkable and complete exhibitions in just 12 hours \u2013 a unique achievement at the international level. We extend our sincere congratulations and gratitude to all participants, and above all to the artists, thanks to whom we are here.\u201d<\/i><u><\/u><u><\/u><\/p>\n<\/p>\n<p>On this milestone anniversary, the Coastal Galleries of Piran warmly thank all public institutions and associations (Avditorij Portoro\u017e-Portorose; CAN\/SSIN Piran; Giuseppe Tartini Community of Italians in Piran), local communities and public companies (Municipality of Piran; Municipality of Koper; JP Okolje Piran; Portoro\u017e Tourist Board), companies and hotels (Gasspar d.o.o. Portoro\u017e; Stara Gostilna Piran; Bisturmed d.o.o. Koper; Eurotas Hoteli d.o.o.; Art Hotel Tartini Piran; Belvedere d.o.o. Izola; SURF d.o.o. Portoro\u017e; ADET d.o.o. Portoro\u017e), as well as shops (Trgovina Art Ljubljana and Clairfontaine), caf\u00e9s and the winery that supported the realization of this celebration (Kavarna Piran and Capuccino d.o.o.; Golden Lo\u017ea Koper and Vinakoper d.o.o.).<u><\/u><u><\/u><\/p>\n<p><b>The project was made possible with the support of the Municipality of Piran and the Ministry of Culture of the Republic of Slovenia.<u><\/u><u><\/u><\/b><\/p>\n<p><b>A heartfelt thank you to everyone for your cooperation, and sincere congratulations to the award winners!<u><\/u><u><\/u><\/b><\/p>\n<p>The list of awards and the minutes are published\u00a0<a href=\"https:\/\/www.obalne-galerije.si\/en\/awards-of-60-th-ex-tempore-piran-2025\/\" target=\"_blank\" rel=\"noopener\" data-saferedirecturl=\"https:\/\/www.google.com\/url?q=https:\/\/www.obalne-galerije.si\/en\/awards-of-60-th-ex-tempore-piran-2025\/&#038;source=gmail&#038;ust=1757663685975000&#038;usg=AOvVaw28ANwA9kgZwUU_8Aq0Ve9K\">at this link\u2026<\/a><u><\/u><u><\/u><\/p>\n<p><strong>See you in 2026!<\/strong><u><\/u><u><\/u><\/p>\n<p>\n<\/div><div class=\"kc-elm kc-css-806401\" style=\"height: 50px; clear: both; width:100%;\"><\/div>\n<div class=\"kc-elm kc-css-610563\">\n\t<a class=\"kc_button\" href=\"https:\/\/www.dropbox.com\/scl\/fo\/smuojof3in08c54bk7gc4\/ANKW3lJkQRvUqE5RsTIV4CU?rlkey=l0rn1cw16ryubd68n6m43aqoa&amp;st=7yjoaf6h&amp;dl=0\" target=\"_blank\" title=\"\" onclick=\"\">\n\t\t<i class=\"sl-paper-clip\"><\/i> PHOTOS FROM THE AWARDS CEREMONY\t<\/a>\n<\/div>\n<div class=\"kc-elm kc-css-573781\" style=\"height: 20px; clear: both; width:100%;\"><\/div>\n<div class=\"kc-elm kc-css-485402\">\n\t<a class=\"kc_button\" href=\"https:\/\/www.dropbox.com\/scl\/fo\/2sbe0kg5edbhr0l7zkvsw\/ALR17hti4VHTqFuw9A14oEg?rlkey=52sr7k6jpj0qhmdp4ic46sh2d&amp;st=ref70sar&amp;dl=0\" target=\"_blank\" title=\"\" onclick=\"\">\n\t\t<i class=\"sl-paper-clip\"><\/i> PHOTOS OF THE AWARD-WINNING WORKS\t<\/a>\n<\/div>\n<div class=\"kc-elm kc-css-938250\" style=\"height: 20px; clear: both; width:100%;\"><\/div>\n<div class=\"kc-elm kc-css-638262\">\n\t<a class=\"kc_button\" href=\"https:\/\/www.dropbox.com\/scl\/fo\/05j3nbhw9gj4yxj5ennhg\/ADeT7xpGPjrTndCXy_ODaZQ?rlkey=9z8oavmhfk0gx00mhafw4210k&amp;st=x2opt1zs&amp;dl=0\" target=\"_blank\" title=\"\" onclick=\"\">\n\t\t<i class=\"sl-paper-clip\"><\/i> AWARD CEREMONY \u2013 WINNERS AND COLLECTORS\t<\/a>\n<\/div>\n<div class=\"kc-elm kc-css-707062\" style=\"height: 20px; clear: both; width:100%;\"><\/div><\/div><\/div><\/div><\/div><\/section><\/p>\n","protected":false},"excerpt":{"rendered":"","protected":false},"author":4,"featured_media":25615,"comment_status":"closed","ping_status":"closed","sticky":false,"template":"","format":"standard","meta":{"footnotes":""},"categories":[47],"tags":[],"class_list":["post-25656","post","type-post","status-publish","format-standard","has-post-thumbnail","hentry","category-news"],"acf":[],"_links":{"self":[{"href":"https:\/\/www.obalne-galerije.si\/en\/wp-json\/wp\/v2\/posts\/25656","targetHints":{"allow":["GET"]}}],"collection":[{"href":"https:\/\/www.obalne-galerije.si\/en\/wp-json\/wp\/v2\/posts"}],"about":[{"href":"https:\/\/www.obalne-galerije.si\/en\/wp-json\/wp\/v2\/types\/post"}],"author":[{"embeddable":true,"href":"https:\/\/www.obalne-galerije.si\/en\/wp-json\/wp\/v2\/users\/4"}],"replies":[{"embeddable":true,"href":"https:\/\/www.obalne-galerije.si\/en\/wp-json\/wp\/v2\/comments?post=25656"}],"version-history":[{"count":3,"href":"https:\/\/www.obalne-galerije.si\/en\/wp-json\/wp\/v2\/posts\/25656\/revisions"}],"predecessor-version":[{"id":25659,"href":"https:\/\/www.obalne-galerije.si\/en\/wp-json\/wp\/v2\/posts\/25656\/revisions\/25659"}],"wp:featuredmedia":[{"embeddable":true,"href":"https:\/\/www.obalne-galerije.si\/en\/wp-json\/wp\/v2\/media\/25615"}],"wp:attachment":[{"href":"https:\/\/www.obalne-galerije.si\/en\/wp-json\/wp\/v2\/media?parent=25656"}],"wp:term":[{"taxonomy":"category","embeddable":true,"href":"https:\/\/www.obalne-galerije.si\/en\/wp-json\/wp\/v2\/categories?post=25656"},{"taxonomy":"post_tag","embeddable":true,"href":"https:\/\/www.obalne-galerije.si\/en\/wp-json\/wp\/v2\/tags?post=25656"}],"curies":[{"name":"wp","href":"https:\/\/api.w.org\/{rel}","templated":true}]}}