{"id":25522,"date":"2025-09-06T21:00:43","date_gmt":"2025-09-06T19:00:43","guid":{"rendered":"https:\/\/www.obalne-galerije.si\/?p=25522"},"modified":"2025-09-09T12:55:55","modified_gmt":"2025-09-09T10:55:55","slug":"awards-of-60-th-ex-tempore-piran-2025","status":"publish","type":"post","link":"https:\/\/www.obalne-galerije.si\/en\/awards-of-60-th-ex-tempore-piran-2025\/","title":{"rendered":"AWARDS OF 60 th EX-TEMPORE PIRAN 2025"},"content":{"rendered":"<p><section class=\"kc-elm kc-css-168885 kc_row\"><div class=\"kc-row-container  kc-container\"><div class=\"kc-wrap-columns\"><div class=\"kc-elm kc-css-226548 kc_col-sm-12 kc_column kc_col-sm-12\"><div class=\"kc-col-container\"><div class=\"kc-elm kc-css-45058 kc_text_block\"><\/p>\n<p><strong>60th EX-TEMPORE PIRAN 2025 | <br \/><\/strong><strong>INTERNATIONAL PAINTING EX-TEMPORE <\/strong><\/p>\n<p><u>International expert jury:<\/u><\/p>\n<p><strong>Stephanie Per\u0161i\u0107 <\/strong>(Croatia), art historian, curator at the Labin Public Art Gallery\u00a0<br \/><strong style=\"font-style: inherit; font-family: -apple-system, BlinkMacSystemFont,;\">Renzo Grigolon <\/strong><span style=\"font-style: inherit; font-family: -apple-system, BlinkMacSystemFont,;\">(Italy), cultural worker\u00a0<br \/><\/span><strong style=\"font-style: inherit; font-family: -apple-system, BlinkMacSystemFont,;\">Jadranka Plut <\/strong><span style=\"font-style: inherit; font-family: -apple-system, BlinkMacSystemFont,;\">(Slovenia), art critic, curator<\/span><\/p>\n<p>President of the jury: <b>Jadranka Plut<\/b><\/p>\n<\/p>\n<p><strong>241<\/strong> participants applied to the 60th International Painting Ex-tempore Piran and <strong>213 <\/strong>works of art were submitted. The jury selected <strong>100<\/strong> works of art for the exhibition, which is set up at the Monfort Gallery in Portoro\u017e and at the Civic Gallery Piran.<\/p>\n<p><span style=\"font-style: inherit; font-family: -apple-system, BlinkMacSystemFont,;\">Secretary of the jury: <\/span><strong style=\"font-style: inherit; font-family: -apple-system, BlinkMacSystemFont,;\">Ana Pape\u017e<\/strong><span style=\"font-style: inherit; font-family: -apple-system, BlinkMacSystemFont,;\">, curator of Piran Coastal Galleries.<\/span><\/p>\n<p>\n<\/div><div class=\"kc-elm kc-css-325870\" style=\"height: 20px; clear: both; width:100%;\"><\/div>\n<div class=\"kc-elm kc-css-185807\">\n\t<a class=\"kc_button\" href=\"https:\/\/www.obalne-galerije.si\/wp-content\/uploads\/2025\/09\/EX25_zapisnik-ENG.pdf\" target=\"_blank\" title=\"\" onclick=\"\">\n\t\t<i class=\"sl-paper-clip\"><\/i>  EX-TEMPORE 2025: AWARDS-ENG\t<\/a>\n<\/div>\n<div class=\"kc-elm kc-css-792490\" style=\"height: 50px; clear: both; width:100%;\"><\/div><\/div><\/div><\/div><\/div><\/section><section class=\"kc-elm kc-css-232623 kc_row\"><div class=\"kc-row-container  kc-container\"><div class=\"kc-wrap-columns\"><div class=\"kc-elm kc-css-126829 kc_col-sm-6 kc_column kc_col-sm-6\"><div class=\"kc-col-container\"><div class=\"kc-elm kc-css-364967 kc_shortcode kc_single_image\">\n\n        <img decoding=\"async\" src=\"https:\/\/www.obalne-galerije.si\/wp-content\/uploads\/2025\/09\/Suzana_Brborovic-1.jpg\" class=\"\" alt=\"\" \/>    <\/div>\n<div class=\"kc-elm kc-css-942178 kc_text_block\"><\/p>\n<p><em>GRAND PRIX\u00a0<br \/>SUZANA BRBOROVI\u0106 (Slovenia)<\/em><\/p>\n<p>\n<\/div><div class=\"kc-elm kc-css-65521\" style=\"height: 20px; clear: both; width:100%;\"><\/div><\/div><\/div><div class=\"kc-elm kc-css-602891 kc_col-sm-6 kc_column kc_col-sm-6\"><div class=\"kc-col-container\"><div class=\"kc-elm kc-css-504993 kc_text_block\"><\/p>\n<h3>GRAND PRIX<\/h3>\n<p>The highest purchase prize of 4.000 euros, is also awarded by the PIRAN COASTAL GALLERIES. Grand Prix of the 60th International Painting Ex-tempore Piran 2025 was awarded to <strong>SUZANA BRBOROVI\u0106<\/strong> <strong>(Slovenia)<\/strong> for the painting entitled \u00bb<strong>Odsev prihodnosti in Durerejevo telo<\/strong>\u00ab.<\/p>\n<p><u>Explanation:<\/u><\/p>\n<p>A work of art in the contemporary moment must raise questions rather than offer immediate, unambiguous meanings, as otherwise it risks falling into mere illustration. The title is organically intertwined with the work of art, which is conceived in multiple layers; these overlap and invite the viewer to search for interpretations and connections with the title itself. Through her reflection on the future, the artist seeks to bridge the relevance of today\u2019s world with the complexity of the future that lies ahead. Much like Albrecht D\u00fcrer, who in his painting combined geometric, mathematical, and aesthetic approaches, this work, too, reveals an interweaving of different dimensions that generate a rich and multidimensional visual experience.<\/p>\n<p>\n<\/div>\n<div class=\"kc-elm kc-css-240450 divider_line\">\n\t<div class=\"divider_inner divider_line1\">\n\t\t\t<\/div>\n<\/div>\n<div class=\"kc-elm kc-css-838355\" style=\"height: 20px; clear: both; width:100%;\"><\/div><\/div><\/div><\/div><\/div><\/section><section class=\"kc-elm kc-css-733217 kc_row\"><div class=\"kc-row-container  kc-container\"><div class=\"kc-wrap-columns\"><div class=\"kc-elm kc-css-675251 kc_col-sm-6 kc_column kc_col-sm-6\"><div class=\"kc-col-container\"><div class=\"kc-elm kc-css-785114 kc_shortcode kc_single_image\">\n\n        <img decoding=\"async\" src=\"https:\/\/www.obalne-galerije.si\/wp-content\/uploads\/2025\/09\/Julija_Brajnik_Volcic-scaled.jpg\" class=\"\" alt=\"\" \/>    <\/div>\n<div class=\"kc-elm kc-css-121070 kc_text_block\"><\/p>\n<p><em>YOUNG AUTHOR PRIZE <br \/><\/em><em>JULIJA BRAJNIK VOL\u010cI\u010c (Slovenia)<br \/><\/em><\/p>\n<p>\n<\/div><div class=\"kc-elm kc-css-947394\" style=\"height: 20px; clear: both; width:100%;\"><\/div><\/div><\/div><div class=\"kc-elm kc-css-95722 kc_col-sm-6 kc_column kc_col-sm-6\"><div class=\"kc-col-container\"><div class=\"kc-elm kc-css-276717 kc_text_block\"><\/p>\n<h3>YOUNG AUTHOR PRIZE<\/h3>\n<p>Purchase prize for the best work by an author under the age of 35 is awarded by the PIRAN COASTAL GALLERIES. The prize, which is in the form of a solo exhibition at the Herman Pe\u010dari\u010d Gallery in Piran, was awarded to <strong>JULIJA BRAJNIK VOL\u010cI\u010c (Slovenia) <\/strong>for the painting entitled <strong>\u00bbNemo\u010dna\u00ab. <\/strong><\/p>\n<p><u>Explanation:<\/u><\/p>\n<p>In the times we live in, clear directions are no longer present, and contradictions arise, where things once considered safe are now being questioned. The symbol of this fear and uncertainty is depicted in the foreground with two dogs tied to a streetlight, watching the viewer intently. In this way, the viewer is placed in the position of a potential prey. Confinement and helplessness are also vividly expressed through the contrast with the background, which shows everyday routine alongside the primal danger that silently lurks over us.<\/p>\n<p>\n<\/div>\n<div class=\"kc-elm kc-css-731835 divider_line\">\n\t<div class=\"divider_inner divider_line1\">\n\t\t\t<\/div>\n<\/div>\n<div class=\"kc-elm kc-css-792923\" style=\"height: 20px; clear: both; width:100%;\"><\/div><\/div><\/div><\/div><\/div><\/section><section class=\"kc-elm kc-css-44768 kc_row\"><div class=\"kc-row-container  kc-container\"><div class=\"kc-wrap-columns\"><div class=\"kc-elm kc-css-170062 kc_col-sm-6 kc_column kc_col-sm-6\"><div class=\"kc-col-container\"><div class=\"kc-elm kc-css-550280 kc_shortcode kc_single_image\">\n\n        <img decoding=\"async\" src=\"https:\/\/www.obalne-galerije.si\/wp-content\/uploads\/2025\/09\/Karin_Kocic-scaled.jpg\" class=\"\" alt=\"\" \/>    <\/div>\n<div class=\"kc-elm kc-css-235259 kc_text_block\"><\/p>\n<p><em>SPECIAL PRIZE TARTINI 2025\u00a0<br \/>KARIN KOCI\u010c (Slovenia)<br \/><\/em><\/p>\n<p>\n<\/div><div class=\"kc-elm kc-css-598557\" style=\"height: 20px; clear: both; width:100%;\"><\/div><\/div><\/div><div class=\"kc-elm kc-css-364056 kc_col-sm-6 kc_column kc_col-sm-6\"><div class=\"kc-col-container\"><div class=\"kc-elm kc-css-521100 kc_text_block\"><\/p>\n<h3>SPECIAL PRIZE TARTINI 2025\u00a0<\/h3>\n<p>The Special Prize Tartini 2025 is awarded by the CAN PIRAN and the association COMMUNITY OF ITALIANS GIUSEPPE TARTINI PIRAN in the form of a solo exhibition at the Tartini House in Piran. This year, it was awarded to <strong>KARIN KOCI\u010c (Slovenia) <\/strong>for the painting entitled <strong>\u00bbSledi otro\u0161tva v pesku\u00ab.<\/strong><\/p>\n<p><u>Explanation:<\/u><\/p>\n<p>Childhood is a period that leaves traces as the foundation for an individual\u2019s development in later stages of life. The childhood depicted in the painting is changing, dehumanized, and the figures of the children sit on the sand in an environment where they are expected to be. Yet in their bodies and faces there is no lightness of play, but rather a sense of emptiness and silent estrangement. A space that should convey warmth and safety is transformed into a scene of uncertainty, where coldness is present. Expressionlessness can also be interpreted as the condition of the future generation of children. The image thus raises the question of how today\u2019s world shapes childhood and the values we pass on. In this context, the artistic interpretation becomes both a warning and an invitation to reflect on society\u2019s responsibility toward growing up.<\/p>\n<p>\n<\/div>\n<div class=\"kc-elm kc-css-375816 divider_line\">\n\t<div class=\"divider_inner divider_line1\">\n\t\t\t<\/div>\n<\/div>\n<div class=\"kc-elm kc-css-322380\" style=\"height: 20px; clear: both; width:100%;\"><\/div><\/div><\/div><\/div><\/div><\/section><section class=\"kc-elm kc-css-650058 kc_row\"><div class=\"kc-row-container  kc-container\"><div class=\"kc-wrap-columns\"><div class=\"kc-elm kc-css-926841 kc_col-sm-6 kc_column kc_col-sm-6\"><div class=\"kc-col-container\"><\/div><\/div><div class=\"kc-elm kc-css-156165 kc_col-sm-6 kc_column kc_col-sm-6\"><div class=\"kc-col-container\"><div class=\"kc-elm kc-css-281293 kc_text_block\"><\/p>\n<h3>SPECIAL MAJOR PURCHASE PRIZE\u00a0<\/h3>\n<p>Prize is awarded by\u00a0:<\/p>\n<p>JP OKOLJE PIRAN, received by<\/p>\n<p><strong>MARU\u0160A \u0160U\u0160TAR<\/strong> <strong>(Slovenia)<\/strong><\/p>\n<hr>\n<h3><strong><br \/><\/strong><\/h3>\n<h3><strong>MAJOR PURCHASE PRIZES<\/strong><\/h3>\n<p>Prizes are awarded by:<\/p>\n<p>MUNICIPALITY OF PIRAN, received by<\/p>\n<p><strong>EVA \u017dGAJNAR (Slovenia)<\/strong><\/p>\n<p>GASSPAR d.o.o. PORTORO\u017d, received by<\/p>\n<p><strong>ZORAN KRULJ (Srbia)<\/strong><\/p>\n<p>STARA GOSTILNA PIRAN, received by<\/p>\n<p><strong>JANJA KOSI (Slovenia)\u00a0\u00a0 <\/strong><\/p>\n<p>BISTURMED d.o.o. KOPER, received by<\/p>\n<p><strong>SABINA \u0160INKO (Slovenia<\/strong>)<\/p>\n<hr>\n<p><strong>\u00a0<\/strong><\/p>\n<h3><strong>PURCHASE PRIZES<\/strong><\/h3>\n<p>Prizes are awarded by\u00a0:<\/p>\n<p><strong>CITY MUNICIPALITY OF KOPER<\/strong>, received by<\/p>\n<p><strong>NADA ZIDARI\u010c (Slovenia)<\/strong><\/p>\n<p>PORTORO\u017d TURIST BOARD, received by<\/p>\n<p><strong>EMILIJA PODJAVOR\u0160EK (Slovenia)<\/strong><\/p>\n<hr>\n<p><strong>\u00a0<\/strong><\/p>\n<h3><strong>SMALL<\/strong> <strong>PURCHASE PRIZES<\/strong><\/h3>\n<p>Prizes areawarded by\u00a0:<\/p>\n<p>SURF d.o.o., PORTORO\u017d, received by<\/p>\n<p><strong>NATA\u0160A BEZI\u0106 (Croatia)<\/strong><\/p>\n<p>ADET d.0.0. PORTORO\u017d,\u00a0 received by<\/p>\n<p><strong>JANA PERIC (Slovenia)<\/strong><\/p>\n<hr>\n<h3><strong><br \/><\/strong><\/h3>\n<h3><strong>HOTEL PRIZES<\/strong><\/h3>\n<p>Prizes in the form of hotel services are awarded by:<\/p>\n<p>EUROTASS HOTELI d.o.o., received by<\/p>\n<p><strong>MONIKA SLEMC KLAV\u017dAR (Slovenia)<\/strong><\/p>\n<p>ART HOTEL TARTINI PIRAN, received by<\/p>\n<p><strong>CVETO VIDOVI\u010c (Slovenia)<\/strong><\/p>\n<p>HTP BELVEDERE IZOLA, received by<\/p>\n<p><strong>IVAN JANI KONEC (Slovenia)<\/strong><\/p>\n<hr>\n<h3><strong><br \/><\/strong><\/h3>\n<h3><strong>SPECIAL PRIZES<\/strong><\/h3>\n<p>Prizes in the form of art supplies are awarded by:<\/p>\n<p>TRGOVINE ART LJUBLJANA AND ROYAL TALNES, received by<\/p>\n<p><strong>PETJA KOCET (Slovenia)<\/strong><\/p>\n<\/p>\n<p>TRGOVINE ART LJUBLJANA AND CLAIRFONTAINE, received by<\/p>\n<p><strong>DANILO JEREB (Slovenja)<\/strong><\/p>\n<hr>\n<p><strong>\u00a0<\/strong><\/p>\n<p><strong>NO PRIZES FOR WORKS ON PAPER HAVE BEEN AWARDED<\/strong><strong>.<\/strong><\/p>\n<p><strong>The collectors have awarded:<\/strong><\/p>\n<\/p>\n<h3><strong>PURCHASE PRIZE<\/strong><\/h3>\n<p>received by<\/p>\n<p><strong>ANTONIJA CELIN (Croatia)<\/strong><\/p>\n<p><strong>\u00a0<\/strong><\/p>\n<h3><strong>MAJOR PURCHASER&#039;S PRIZE<\/strong><\/h3>\n<p>received by<\/p>\n<p><strong>BARBARA JURKOV\u0160EK (Slovenia)<\/strong><\/p>\n<hr>\n<h3><strong><br \/><\/strong><\/h3>\n<h3><strong>CHILDREN<\/strong><strong>\u2019S PRIZE <\/strong><\/h3>\n<p>(up to 15 years of age)<\/p>\n<p>The prize in the form of art supplies was awarded by the PIRAN COASTAL GALLERIES to<\/p>\n<p><strong>JAN\u017dA KORENT.<\/strong><\/p>\n<p>\n<\/div><\/div><\/div><\/div><\/div><\/section><\/p>\n","protected":false},"excerpt":{"rendered":"","protected":false},"author":4,"featured_media":25523,"comment_status":"closed","ping_status":"closed","sticky":false,"template":"","format":"standard","meta":{"footnotes":""},"categories":[47],"tags":[],"class_list":["post-25522","post","type-post","status-publish","format-standard","has-post-thumbnail","hentry","category-news"],"acf":[],"_links":{"self":[{"href":"https:\/\/www.obalne-galerije.si\/en\/wp-json\/wp\/v2\/posts\/25522","targetHints":{"allow":["GET"]}}],"collection":[{"href":"https:\/\/www.obalne-galerije.si\/en\/wp-json\/wp\/v2\/posts"}],"about":[{"href":"https:\/\/www.obalne-galerije.si\/en\/wp-json\/wp\/v2\/types\/post"}],"author":[{"embeddable":true,"href":"https:\/\/www.obalne-galerije.si\/en\/wp-json\/wp\/v2\/users\/4"}],"replies":[{"embeddable":true,"href":"https:\/\/www.obalne-galerije.si\/en\/wp-json\/wp\/v2\/comments?post=25522"}],"version-history":[{"count":4,"href":"https:\/\/www.obalne-galerije.si\/en\/wp-json\/wp\/v2\/posts\/25522\/revisions"}],"predecessor-version":[{"id":25647,"href":"https:\/\/www.obalne-galerije.si\/en\/wp-json\/wp\/v2\/posts\/25522\/revisions\/25647"}],"wp:featuredmedia":[{"embeddable":true,"href":"https:\/\/www.obalne-galerije.si\/en\/wp-json\/wp\/v2\/media\/25523"}],"wp:attachment":[{"href":"https:\/\/www.obalne-galerije.si\/en\/wp-json\/wp\/v2\/media?parent=25522"}],"wp:term":[{"taxonomy":"category","embeddable":true,"href":"https:\/\/www.obalne-galerije.si\/en\/wp-json\/wp\/v2\/categories?post=25522"},{"taxonomy":"post_tag","embeddable":true,"href":"https:\/\/www.obalne-galerije.si\/en\/wp-json\/wp\/v2\/tags?post=25522"}],"curies":[{"name":"wp","href":"https:\/\/api.w.org\/{rel}","templated":true}]}}